{"id":23534,"date":"2021-12-17T16:52:02","date_gmt":"2021-12-17T19:52:02","guid":{"rendered":"https:\/\/justicapotiguar.com.br\/?p=23534"},"modified":"2021-12-17T16:52:02","modified_gmt":"2021-12-17T19:52:02","slug":"mendonca-e-sorteado-relator-de-pedido-de-investigacao-contra-bolsonaro-no-stf","status":"publish","type":"post","link":"https:\/\/justicapotiguar.com.br\/index.php\/2021\/12\/17\/mendonca-e-sorteado-relator-de-pedido-de-investigacao-contra-bolsonaro-no-stf\/","title":{"rendered":"Mendon\u00e7a \u00e9 sorteado relator de pedido de investiga\u00e7\u00e3o contra Bolsonaro no STF"},"content":{"rendered":"\n<p>O ministro Andr\u00e9 Mendon\u00e7a, rec\u00e9m-empossado no STF (Supremo Tribunal Federal), foi sorteado relator de um pedido de investiga\u00e7\u00e3o do senador Randolfe Rodrigues (Rede-AP) contra Bolsonaro por declara\u00e7\u00f5es sobre demiss\u00f5es no Iphan (Instituto do Patrim\u00f4nio Hist\u00f3rico e Art\u00edstico Nacional).<\/p>\n\n\n\n<p>O processo foi protocolado na 5\u00aa feira (16.dez.2021), data em que Mendon\u00e7a tomou posse no tribunal.<\/p>\n\n\n\n<figure class=\"wp-block-image size-large\"><img loading=\"lazy\" width=\"1024\" height=\"669\" src=\"https:\/\/justicapotiguar.com.br\/wp-content\/uploads\/2021\/12\/foto03pol-101-bolso-a14-1024x669.jpg\" alt=\"\" class=\"wp-image-23434\" srcset=\"https:\/\/justicapotiguar.com.br\/wp-content\/uploads\/2021\/12\/foto03pol-101-bolso-a14-1024x669.jpg 1024w, https:\/\/justicapotiguar.com.br\/wp-content\/uploads\/2021\/12\/foto03pol-101-bolso-a14-300x196.jpg 300w, https:\/\/justicapotiguar.com.br\/wp-content\/uploads\/2021\/12\/foto03pol-101-bolso-a14-768x502.jpg 768w, https:\/\/justicapotiguar.com.br\/wp-content\/uploads\/2021\/12\/foto03pol-101-bolso-a14.jpg 1200w\" sizes=\"(max-width: 1024px) 100vw, 1024px\" \/><figcaption>Reprodu\u00e7\u00e3o<\/figcaption><\/figure>\n\n\n\n<p>Randolfe pede a abertura de uma investiga\u00e7\u00e3o sobre falas de Bolsonaro no evento Moderniza Brasil, promovido pela Fiesp na 4\u00aa feira (15.dez). Na ocasi\u00e3o, o presidente disse que \u201cripou todo mundo no Iphan\u201d depois de o instituto suspender obras da rede Havan, do empres\u00e1rio Luciano Hang.<\/p><div class=\"iwjfz69ee89bd3ab86\" ><!--<a href=\"https:\/\/bit.ly\/3QdrqTZ\" target=\"_blank\">\n<img src=\"https:\/\/justicapotiguar.com.br\/wp-content\/uploads\/2023\/09\/mobile-geral.gif\"\/><a\/>--><\/div><style type=\"text\/css\">\r\n.iwjfz69ee89bd3ab86 {\r\ntext-align: center;\r\n}\r\n@media screen and (min-width: 1201px) {\r\n.iwjfz69ee89bd3ab86 {\r\ndisplay: none;\r\n}\r\n}\r\n@media screen and (min-width: 993px) and (max-width: 1200px) {\r\n.iwjfz69ee89bd3ab86 {\r\ndisplay: none;\r\n}\r\n}\r\n@media screen and (min-width: 769px) and (max-width: 992px) {\r\n.iwjfz69ee89bd3ab86 {\r\ndisplay: none;\r\n}\r\n}\r\n@media screen and (min-width: 768px) and (max-width: 768px) {\r\n.iwjfz69ee89bd3ab86 {\r\ndisplay: block;\r\n}\r\n}\r\n@media screen and (max-width: 767px) {\r\n.iwjfz69ee89bd3ab86 {\r\ndisplay: block;\r\n}\r\n}\r\n<\/style>\r\n<div class=\"jxkqq69ee89bd3ab6b\" ><!--<a href=\"https:\/\/bit.ly\/3QdrqTZ\" target=\"_blank\">\n<img src=\"https:\/\/justicapotiguar.com.br\/wp-content\/uploads\/2023\/09\/desktop-geral.gif\"\/><a\/>--><\/div><style type=\"text\/css\">\r\n.jxkqq69ee89bd3ab6b {\r\ntext-align: center;\nmargin-bottom: 1em;\r\n}\r\n@media screen and (min-width: 1201px) {\r\n.jxkqq69ee89bd3ab6b {\r\ndisplay: block;\r\n}\r\n}\r\n@media screen and (min-width: 993px) and (max-width: 1200px) {\r\n.jxkqq69ee89bd3ab6b {\r\ndisplay: block;\r\n}\r\n}\r\n@media screen and (min-width: 769px) and (max-width: 992px) {\r\n.jxkqq69ee89bd3ab6b {\r\ndisplay: block;\r\n}\r\n}\r\n@media screen and (min-width: 768px) and (max-width: 768px) {\r\n.jxkqq69ee89bd3ab6b {\r\ndisplay: none;\r\n}\r\n}\r\n@media screen and (max-width: 767px) {\r\n.jxkqq69ee89bd3ab6b {\r\ndisplay: none;\r\n}\r\n}\r\n<\/style>\r\n\n\n\n\n<p>\u201cTomei conhecimento que uma obra de uma pessoa conhecida, o Luciano Hang, estava fazendo mais uma loja, e apareceu um peda\u00e7o de azulejo nas escava\u00e7\u00f5es. Chegou o Iphan e interditou a obra. Liguei para o ministro da pasta e [perguntei]: que trem \u00e9 esse? Porque n\u00e3o sou inteligente como meus ministros. O que \u00e9 Iphan, com PH? Explicaram para mim, tomei conhecimento, ripei todo mundo do Iphan. Botei outro cara l\u00e1\u201d, disse Bolsonaro.<\/p>\n\n\n\n<p>O senador pede que seja aberta uma investiga\u00e7\u00e3o e oferecida uma den\u00fancia contra Bolsonaro por prevarica\u00e7\u00e3o e advocacia administrativa.<\/p>\n\n\n\n<p><strong>Poder360<\/strong><\/p>\n","protected":false},"excerpt":{"rendered":"<p>O ministro Andr\u00e9 Mendon\u00e7a, rec\u00e9m-empossado no STF (Supremo Tribunal Federal), foi sorteado relator de um pedido de investiga\u00e7\u00e3o do senador Randolfe Rodrigues (Rede-AP) contra Bolsonaro por declara\u00e7\u00f5es sobre demiss\u00f5es no Iphan (Instituto do Patrim\u00f4nio Hist\u00f3rico e Art\u00edstico Nacional). O processo foi protocolado na 5\u00aa feira (16.dez.2021), data em que Mendon\u00e7a tomou posse no tribunal. Randolfe<br \/><a class=\"more-link\" href=\"https:\/\/justicapotiguar.com.br\/index.php\/2021\/12\/17\/mendonca-e-sorteado-relator-de-pedido-de-investigacao-contra-bolsonaro-no-stf\/\">Mais&#8230;<\/a><\/p>\n","protected":false},"author":5,"featured_media":0,"comment_status":"open","ping_status":"open","sticky":false,"template":"","format":"standard","meta":[],"categories":[1],"tags":[],"_links":{"self":[{"href":"https:\/\/justicapotiguar.com.br\/index.php\/wp-json\/wp\/v2\/posts\/23534"}],"collection":[{"href":"https:\/\/justicapotiguar.com.br\/index.php\/wp-json\/wp\/v2\/posts"}],"about":[{"href":"https:\/\/justicapotiguar.com.br\/index.php\/wp-json\/wp\/v2\/types\/post"}],"author":[{"embeddable":true,"href":"https:\/\/justicapotiguar.com.br\/index.php\/wp-json\/wp\/v2\/users\/5"}],"replies":[{"embeddable":true,"href":"https:\/\/justicapotiguar.com.br\/index.php\/wp-json\/wp\/v2\/comments?post=23534"}],"version-history":[{"count":1,"href":"https:\/\/justicapotiguar.com.br\/index.php\/wp-json\/wp\/v2\/posts\/23534\/revisions"}],"predecessor-version":[{"id":23535,"href":"https:\/\/justicapotiguar.com.br\/index.php\/wp-json\/wp\/v2\/posts\/23534\/revisions\/23535"}],"wp:attachment":[{"href":"https:\/\/justicapotiguar.com.br\/index.php\/wp-json\/wp\/v2\/media?parent=23534"}],"wp:term":[{"taxonomy":"category","embeddable":true,"href":"https:\/\/justicapotiguar.com.br\/index.php\/wp-json\/wp\/v2\/categories?post=23534"},{"taxonomy":"post_tag","embeddable":true,"href":"https:\/\/justicapotiguar.com.br\/index.php\/wp-json\/wp\/v2\/tags?post=23534"}],"curies":[{"name":"wp","href":"https:\/\/api.w.org\/{rel}","templated":true}]}}