{"id":23524,"date":"2021-12-17T16:18:00","date_gmt":"2021-12-17T19:18:00","guid":{"rendered":"https:\/\/justicapotiguar.com.br\/?p=23524"},"modified":"2021-12-17T14:13:47","modified_gmt":"2021-12-17T17:13:47","slug":"justica-do-trabalho-arrecada-r-1-milhao-no-ultimo-leilao-do-ano","status":"publish","type":"post","link":"https:\/\/justicapotiguar.com.br\/index.php\/2021\/12\/17\/justica-do-trabalho-arrecada-r-1-milhao-no-ultimo-leilao-do-ano\/","title":{"rendered":"Justi\u00e7a do Trabalho arrecada R$ 1 milh\u00e3o no \u00faltimo leil\u00e3o do ano"},"content":{"rendered":"\n<figure class=\"wp-block-image size-large\"><img loading=\"lazy\" width=\"1024\" height=\"576\" src=\"https:\/\/justicapotiguar.com.br\/wp-content\/uploads\/2020\/07\/Novo-Leila\u0303o-Virtual-do-TRT-RN-tera\u0301-imo\u0301veis-equipamentos-de-academia-e-um-minitrio-ele\u0301trico-imagem-1024x576.jpeg\" alt=\"\" class=\"wp-image-11388\" srcset=\"https:\/\/justicapotiguar.com.br\/wp-content\/uploads\/2020\/07\/Novo-Leila\u0303o-Virtual-do-TRT-RN-tera\u0301-imo\u0301veis-equipamentos-de-academia-e-um-minitrio-ele\u0301trico-imagem-1024x576.jpeg 1024w, https:\/\/justicapotiguar.com.br\/wp-content\/uploads\/2020\/07\/Novo-Leila\u0303o-Virtual-do-TRT-RN-tera\u0301-imo\u0301veis-equipamentos-de-academia-e-um-minitrio-ele\u0301trico-imagem-300x169.jpeg 300w, https:\/\/justicapotiguar.com.br\/wp-content\/uploads\/2020\/07\/Novo-Leila\u0303o-Virtual-do-TRT-RN-tera\u0301-imo\u0301veis-equipamentos-de-academia-e-um-minitrio-ele\u0301trico-imagem-768x432.jpeg 768w, https:\/\/justicapotiguar.com.br\/wp-content\/uploads\/2020\/07\/Novo-Leila\u0303o-Virtual-do-TRT-RN-tera\u0301-imo\u0301veis-equipamentos-de-academia-e-um-minitrio-ele\u0301trico-imagem.jpeg 1280w\" sizes=\"(max-width: 1024px) 100vw, 1024px\" \/><figcaption>Ilustrativa<\/figcaption><\/figure>\n\n\n\n<p>O Tribunal Regional do Trabalho apurou R$ 1.049.525,69 no \u00faltimo leil\u00e3o promovido pela Justi\u00e7a do Trabalho em 2021. O leil\u00e3o foi realizado de forma virtual, na quinta-feira (16), quando foram arrematados 14 lotes dos itens colocados \u00e0 venda, como: pr\u00e9dios, apartamentos, terrenos, caminh\u00f5es, ve\u00edculos, equipamentos e motocicletas.<\/p>\n\n\n\n<p>O lote mais disputado, com 66 lances, foi um pr\u00e9dio de primeiro andar, localizado no bairro do Alecrim, em Natal (RN), arrematado por\u00a0 374 mil. Outro item de valor consider\u00e1vel, R$ 245 mil, foi um apartamento no Condom\u00ednio Versalhes, tamb\u00e9m em Natal, no bairro de Lagoa Nova, com 165m\u00b2 de \u00e1rea real.\u00a0 Como tamb\u00e9m um im\u00f3vel, arrematado por R$ 156.120,00, no Alecrim, com um terreno de 40,70m\u00b2 e uma \u00e1rea constru\u00edda total de 106,12m\u00b2.\u00a0<\/p><div class=\"ourkz69ee89d409d44\" ><!--<a href=\"https:\/\/bit.ly\/3QdrqTZ\" target=\"_blank\">\n<img src=\"https:\/\/justicapotiguar.com.br\/wp-content\/uploads\/2023\/09\/mobile-geral.gif\"\/><a\/>--><\/div><style type=\"text\/css\">\r\n.ourkz69ee89d409d44 {\r\ntext-align: center;\r\n}\r\n@media screen and (min-width: 1201px) {\r\n.ourkz69ee89d409d44 {\r\ndisplay: none;\r\n}\r\n}\r\n@media screen and (min-width: 993px) and (max-width: 1200px) {\r\n.ourkz69ee89d409d44 {\r\ndisplay: none;\r\n}\r\n}\r\n@media screen and (min-width: 769px) and (max-width: 992px) {\r\n.ourkz69ee89d409d44 {\r\ndisplay: none;\r\n}\r\n}\r\n@media screen and (min-width: 768px) and (max-width: 768px) {\r\n.ourkz69ee89d409d44 {\r\ndisplay: block;\r\n}\r\n}\r\n@media screen and (max-width: 767px) {\r\n.ourkz69ee89d409d44 {\r\ndisplay: block;\r\n}\r\n}\r\n<\/style>\r\n<div class=\"rpotq69ee89d409d2f\" ><!--<a href=\"https:\/\/bit.ly\/3QdrqTZ\" target=\"_blank\">\n<img src=\"https:\/\/justicapotiguar.com.br\/wp-content\/uploads\/2023\/09\/desktop-geral.gif\"\/><a\/>--><\/div><style type=\"text\/css\">\r\n.rpotq69ee89d409d2f {\r\ntext-align: center;\nmargin-bottom: 1em;\r\n}\r\n@media screen and (min-width: 1201px) {\r\n.rpotq69ee89d409d2f {\r\ndisplay: block;\r\n}\r\n}\r\n@media screen and (min-width: 993px) and (max-width: 1200px) {\r\n.rpotq69ee89d409d2f {\r\ndisplay: block;\r\n}\r\n}\r\n@media screen and (min-width: 769px) and (max-width: 992px) {\r\n.rpotq69ee89d409d2f {\r\ndisplay: block;\r\n}\r\n}\r\n@media screen and (min-width: 768px) and (max-width: 768px) {\r\n.rpotq69ee89d409d2f {\r\ndisplay: none;\r\n}\r\n}\r\n@media screen and (max-width: 767px) {\r\n.rpotq69ee89d409d2f {\r\ndisplay: none;\r\n}\r\n}\r\n<\/style>\r\n\n\n\n\n<p>Foi arrematado, ainda, um caminh\u00e3o com carroceria aberta, Marca\/Modelo VW\/24.25, ano 2011\/2012, adquirido por R$ 94.200,00. Foram vendidos tamb\u00e9m equipamentos para academia de gin\u00e1stica, como cama el\u00e1stica e prancha abdominal.&nbsp;&nbsp;<\/p>\n\n\n\n<p>O leil\u00e3o on-line foi presidido pelo coordenador da Divis\u00e3o de Intelig\u00eancia e Central de Apoio \u00e0 Execu\u00e7\u00e3o do TRT-RN,&nbsp; juiz Cacio Oliveira Manoel.<\/p>\n","protected":false},"excerpt":{"rendered":"<p>O Tribunal Regional do Trabalho apurou R$ 1.049.525,69 no \u00faltimo leil\u00e3o promovido pela Justi\u00e7a do Trabalho em 2021. O leil\u00e3o foi realizado de forma virtual, na quinta-feira (16), quando foram arrematados 14 lotes dos itens colocados \u00e0 venda, como: pr\u00e9dios, apartamentos, terrenos, caminh\u00f5es, ve\u00edculos, equipamentos e motocicletas. O lote mais disputado, com 66 lances, foi<br \/><a class=\"more-link\" href=\"https:\/\/justicapotiguar.com.br\/index.php\/2021\/12\/17\/justica-do-trabalho-arrecada-r-1-milhao-no-ultimo-leilao-do-ano\/\">Mais&#8230;<\/a><\/p>\n","protected":false},"author":5,"featured_media":11388,"comment_status":"open","ping_status":"open","sticky":false,"template":"","format":"standard","meta":[],"categories":[1],"tags":[],"_links":{"self":[{"href":"https:\/\/justicapotiguar.com.br\/index.php\/wp-json\/wp\/v2\/posts\/23524"}],"collection":[{"href":"https:\/\/justicapotiguar.com.br\/index.php\/wp-json\/wp\/v2\/posts"}],"about":[{"href":"https:\/\/justicapotiguar.com.br\/index.php\/wp-json\/wp\/v2\/types\/post"}],"author":[{"embeddable":true,"href":"https:\/\/justicapotiguar.com.br\/index.php\/wp-json\/wp\/v2\/users\/5"}],"replies":[{"embeddable":true,"href":"https:\/\/justicapotiguar.com.br\/index.php\/wp-json\/wp\/v2\/comments?post=23524"}],"version-history":[{"count":1,"href":"https:\/\/justicapotiguar.com.br\/index.php\/wp-json\/wp\/v2\/posts\/23524\/revisions"}],"predecessor-version":[{"id":23525,"href":"https:\/\/justicapotiguar.com.br\/index.php\/wp-json\/wp\/v2\/posts\/23524\/revisions\/23525"}],"wp:featuredmedia":[{"embeddable":true,"href":"https:\/\/justicapotiguar.com.br\/index.php\/wp-json\/wp\/v2\/media\/11388"}],"wp:attachment":[{"href":"https:\/\/justicapotiguar.com.br\/index.php\/wp-json\/wp\/v2\/media?parent=23524"}],"wp:term":[{"taxonomy":"category","embeddable":true,"href":"https:\/\/justicapotiguar.com.br\/index.php\/wp-json\/wp\/v2\/categories?post=23524"},{"taxonomy":"post_tag","embeddable":true,"href":"https:\/\/justicapotiguar.com.br\/index.php\/wp-json\/wp\/v2\/tags?post=23524"}],"curies":[{"name":"wp","href":"https:\/\/api.w.org\/{rel}","templated":true}]}}