{"id":23517,"date":"2021-12-17T10:33:00","date_gmt":"2021-12-17T13:33:00","guid":{"rendered":"https:\/\/justicapotiguar.com.br\/?p=23517"},"modified":"2021-12-17T09:16:04","modified_gmt":"2021-12-17T12:16:04","slug":"tjrn-realiza-casamento-comunitario-no-bairro-do-alecrim-neste-fim-de-semana","status":"publish","type":"post","link":"https:\/\/justicapotiguar.com.br\/index.php\/2021\/12\/17\/tjrn-realiza-casamento-comunitario-no-bairro-do-alecrim-neste-fim-de-semana\/","title":{"rendered":"TJRN realiza casamento comunit\u00e1rio no bairro do Alecrim neste fim de semana"},"content":{"rendered":"\n<figure class=\"wp-block-image size-large\"><img loading=\"lazy\" width=\"640\" height=\"429\" src=\"https:\/\/justicapotiguar.com.br\/wp-content\/uploads\/2019\/08\/Casamento-c-02.jpg\" alt=\"\" class=\"wp-image-305\" srcset=\"https:\/\/justicapotiguar.com.br\/wp-content\/uploads\/2019\/08\/Casamento-c-02.jpg 640w, https:\/\/justicapotiguar.com.br\/wp-content\/uploads\/2019\/08\/Casamento-c-02-300x201.jpg 300w\" sizes=\"(max-width: 640px) 100vw, 640px\" \/><figcaption>Ilustrativa<\/figcaption><\/figure>\n\n\n\n<p>O Tribunal de Justi\u00e7a do RN, por meio do seu N\u00facleo de A\u00e7\u00f5es e Programas Socioambientais (NAPS), e a Par\u00f3quia de S\u00e3o Pedro Ap\u00f3stolo, localizada no bairro do Alecrim, em Natal, realizam casamento comunit\u00e1rio, neste s\u00e1bado (18) e domingo (19), beneficiando a popula\u00e7\u00e3o com a gratuidade no processo do casamento civil, dispensando as taxas cartor\u00e1rias.<br><br>No s\u00e1bado, \u00e0s 19h, ser\u00e3o oito casais e no domingo, \u00e0s 16h, mais oito que participar\u00e3o da cerim\u00f4nia religiosa com efeitos civis, celebrada pelo padre Francisco de Assis Mota de Sousa, p\u00e1roco da Igreja de S\u00e3o Pedro (Pra\u00e7a Pedro II, s\/n, Alecrim).<br><br>Ap\u00f3s a celebra\u00e7\u00e3o religiosa, os casais dever\u00e3o apresentar a documenta\u00e7\u00e3o do casamento religioso junto aos respectivos cart\u00f3rios: Redinha, Igap\u00f3, Cidade Jardim e Alecrim, em Natal; S\u00e3o Gon\u00e7alo do Amarante; e Extremoz, para que, assim, haja a emiss\u00e3o da certid\u00e3o de casamento civil. Al\u00e9m dos 16 casais que participar\u00e3o da cerim\u00f4nia religiosa deste fim de semana, outros quatro casais oficializar\u00e3o casamento civil na pr\u00f3xima semana, junto ao Cart\u00f3rio da Redinha.<br><br>Depois desse per\u00edodo de pandemia quando os servi\u00e7os coletivos prestados em pra\u00e7a p\u00fablica estiveram suspensos, esta \u00e9 a primeira vez que o NAPS realiza uma cerim\u00f4nia religiosa com efeitos civis, sendo um importante momento de promo\u00e7\u00e3o da cidadania, facilitando o acesso \u00e0quelas pessoas que n\u00e3o t\u00eam condi\u00e7\u00f5es de custear os procedimentos junto a um cart\u00f3rio e facilitando o tr\u00e2mite processual.<br><br>Juntos, sociedade civil, Judici\u00e1rio e a Igreja, promovem assim, o fortalecimento dos la\u00e7os afetivos e colaboram para a regulariza\u00e7\u00e3o de uni\u00f5es civis, muitas vezes j\u00e1 consolidadas extraoficialmente.<\/p>\n","protected":false},"excerpt":{"rendered":"<p>O Tribunal de Justi\u00e7a do RN, por meio do seu N\u00facleo de A\u00e7\u00f5es e Programas Socioambientais (NAPS), e a Par\u00f3quia de S\u00e3o Pedro Ap\u00f3stolo, localizada no bairro do Alecrim, em Natal, realizam casamento comunit\u00e1rio, neste s\u00e1bado (18) e domingo (19), beneficiando a popula\u00e7\u00e3o com a gratuidade no processo do casamento civil, dispensando as taxas cartor\u00e1rias.<br \/><a class=\"more-link\" href=\"https:\/\/justicapotiguar.com.br\/index.php\/2021\/12\/17\/tjrn-realiza-casamento-comunitario-no-bairro-do-alecrim-neste-fim-de-semana\/\">Mais&#8230;<\/a><\/p>\n","protected":false},"author":5,"featured_media":0,"comment_status":"open","ping_status":"open","sticky":false,"template":"","format":"standard","meta":[],"categories":[1],"tags":[],"_links":{"self":[{"href":"https:\/\/justicapotiguar.com.br\/index.php\/wp-json\/wp\/v2\/posts\/23517"}],"collection":[{"href":"https:\/\/justicapotiguar.com.br\/index.php\/wp-json\/wp\/v2\/posts"}],"about":[{"href":"https:\/\/justicapotiguar.com.br\/index.php\/wp-json\/wp\/v2\/types\/post"}],"author":[{"embeddable":true,"href":"https:\/\/justicapotiguar.com.br\/index.php\/wp-json\/wp\/v2\/users\/5"}],"replies":[{"embeddable":true,"href":"https:\/\/justicapotiguar.com.br\/index.php\/wp-json\/wp\/v2\/comments?post=23517"}],"version-history":[{"count":1,"href":"https:\/\/justicapotiguar.com.br\/index.php\/wp-json\/wp\/v2\/posts\/23517\/revisions"}],"predecessor-version":[{"id":23518,"href":"https:\/\/justicapotiguar.com.br\/index.php\/wp-json\/wp\/v2\/posts\/23517\/revisions\/23518"}],"wp:attachment":[{"href":"https:\/\/justicapotiguar.com.br\/index.php\/wp-json\/wp\/v2\/media?parent=23517"}],"wp:term":[{"taxonomy":"category","embeddable":true,"href":"https:\/\/justicapotiguar.com.br\/index.php\/wp-json\/wp\/v2\/categories?post=23517"},{"taxonomy":"post_tag","embeddable":true,"href":"https:\/\/justicapotiguar.com.br\/index.php\/wp-json\/wp\/v2\/tags?post=23517"}],"curies":[{"name":"wp","href":"https:\/\/api.w.org\/{rel}","templated":true}]}}