{"id":23471,"date":"2021-12-15T11:59:00","date_gmt":"2021-12-15T14:59:00","guid":{"rendered":"https:\/\/justicapotiguar.com.br\/?p=23471"},"modified":"2021-12-15T11:59:00","modified_gmt":"2021-12-15T14:59:00","slug":"uber-maioria-no-tst-reconhece-vinculo-de-emprego-entre-app-e-motorista","status":"publish","type":"post","link":"https:\/\/justicapotiguar.com.br\/index.php\/2021\/12\/15\/uber-maioria-no-tst-reconhece-vinculo-de-emprego-entre-app-e-motorista\/","title":{"rendered":"Uber: Maioria no TST reconhece v\u00ednculo de emprego entre app e motorista"},"content":{"rendered":"\n<p>Dois de tr\u00eas ministros da 3\u00aa Turma do<strong>\u00a0Tribunal Superior do Trabalho (TST)\u00a0<\/strong>reconheceram o\u00a0<strong>v\u00ednculo de emprego\u00a0<\/strong>entre a\u00a0<strong>Uber<\/strong>\u00a0e um\u00a0<strong>motorista<\/strong>. Entenderam estarem preenchidos os requisitos para enquadrar o trabalhador como\u00a0<strong>funcion\u00e1rio da empresa<\/strong>. O julgamento, retomado hoje, foi suspenso por novo pedido de vista.<\/p>\n\n\n\n<p>A sess\u00e3o foi reiniciada com o voto do&nbsp;<strong>ministro Alberto Luiz Bresciani<\/strong>, que vai se aposentar neste ano. Ele seguiu o entendimento do relator do processo,&nbsp;<strong>ministro Mauricio Godinho Delgado<\/strong>, que havia proferido voto h\u00e1 um ano \u2013 em dezembro de 2020. N\u00e3o foi conclu\u00eddo o julgamento porque o&nbsp;<strong>ministro Alexandre de Souza Agra Belmonte<\/strong>&nbsp;pediu mais tempo para analisar a quest\u00e3o (processo n\u00ba 100353-02.2017.5.01.0066).<\/p>\n\n\n\n<p>A delibera\u00e7\u00e3o na turma \u00e9 importante porque pode abrir precedente no TST a favor do trabalhador. At\u00e9 ent\u00e3o, apenas duas de oito turmas da Corte \u2013 4\u00aa e 5\u00aa \u2013 haviam analisado a disputa, em quatro processos. Todos a favor da Uber. Agora, a 3\u00aa Turma pode abrir a diverg\u00eancia.<\/p>\n\n\n\n<figure class=\"wp-block-image size-large\"><img loading=\"lazy\" width=\"652\" height=\"408\" src=\"https:\/\/justicapotiguar.com.br\/wp-content\/uploads\/2019\/08\/uber.jpg\" alt=\"\" class=\"wp-image-1194\" srcset=\"https:\/\/justicapotiguar.com.br\/wp-content\/uploads\/2019\/08\/uber.jpg 652w, https:\/\/justicapotiguar.com.br\/wp-content\/uploads\/2019\/08\/uber-300x188.jpg 300w\" sizes=\"(max-width: 652px) 100vw, 652px\" \/><figcaption>Ilustrativa<\/figcaption><\/figure>\n\n\n\n<p>As discuss\u00f5es analisadas pelo TST envolvem a Uber, mas podem impactar empresas que tamb\u00e9m oferecem servi\u00e7os \u2013 de transporte e entregas, por exemplo &#8211; por meio de aplicativos. \u00c9 relevante para o modelo de neg\u00f3cios das plataformas.<\/p>\n\n\n\n<p>Na Uber, por exemplo, os motoristas atuam como aut\u00f4nomo. Na pr\u00e1tica, com o reconhecimento do v\u00ednculo de emprego, o trabalhador passa a ter garantido direitos como f\u00e9rias, d\u00e9cimo terceiro sal\u00e1rio, FGTS, descanso semanal remunerado, entre outros.<\/p><div class=\"hbyvs69f55c1885e87\" ><!--<a href=\"https:\/\/bit.ly\/3QdrqTZ\" target=\"_blank\">\n<img src=\"https:\/\/justicapotiguar.com.br\/wp-content\/uploads\/2023\/09\/mobile-geral.gif\"\/><a\/>--><\/div><style type=\"text\/css\">\r\n.hbyvs69f55c1885e87 {\r\ntext-align: center;\r\n}\r\n@media screen and (min-width: 1201px) {\r\n.hbyvs69f55c1885e87 {\r\ndisplay: none;\r\n}\r\n}\r\n@media screen and (min-width: 993px) and (max-width: 1200px) {\r\n.hbyvs69f55c1885e87 {\r\ndisplay: none;\r\n}\r\n}\r\n@media screen and (min-width: 769px) and (max-width: 992px) {\r\n.hbyvs69f55c1885e87 {\r\ndisplay: none;\r\n}\r\n}\r\n@media screen and (min-width: 768px) and (max-width: 768px) {\r\n.hbyvs69f55c1885e87 {\r\ndisplay: block;\r\n}\r\n}\r\n@media screen and (max-width: 767px) {\r\n.hbyvs69f55c1885e87 {\r\ndisplay: block;\r\n}\r\n}\r\n<\/style>\r\n<div class=\"zghhp69f55c1885e6c\" ><!--<a href=\"https:\/\/bit.ly\/3QdrqTZ\" target=\"_blank\">\n<img src=\"https:\/\/justicapotiguar.com.br\/wp-content\/uploads\/2023\/09\/desktop-geral.gif\"\/><a\/>--><\/div><style type=\"text\/css\">\r\n.zghhp69f55c1885e6c {\r\ntext-align: center;\nmargin-bottom: 1em;\r\n}\r\n@media screen and (min-width: 1201px) {\r\n.zghhp69f55c1885e6c {\r\ndisplay: block;\r\n}\r\n}\r\n@media screen and (min-width: 993px) and (max-width: 1200px) {\r\n.zghhp69f55c1885e6c {\r\ndisplay: block;\r\n}\r\n}\r\n@media screen and (min-width: 769px) and (max-width: 992px) {\r\n.zghhp69f55c1885e6c {\r\ndisplay: block;\r\n}\r\n}\r\n@media screen and (min-width: 768px) and (max-width: 768px) {\r\n.zghhp69f55c1885e6c {\r\ndisplay: none;\r\n}\r\n}\r\n@media screen and (max-width: 767px) {\r\n.zghhp69f55c1885e6c {\r\ndisplay: none;\r\n}\r\n}\r\n<\/style>\r\n\n\n\n\n<p>Para os ministros da 3\u00aa Turma do TST,&nbsp;est\u00e3o preenchidos os requisitos para enquadrar o motorista como empregado da empresa: pessoalidade (uma pessoa f\u00edsica determinada presta o servi\u00e7o), onerosidade (mediante retribui\u00e7\u00e3o), n\u00e3o eventualidade (com const\u00e2ncia e periodicidade) e subordina\u00e7\u00e3o (o empregado est\u00e1 submetido \u00e0s regras do empregador).<\/p>\n\n\n\n<p>\u201cAdmiramos o servi\u00e7o, mas ele n\u00e3o escapa \u2013 mas sofistica \u2013 a subordina\u00e7\u00e3o\u201d, afirmou o relator, ministro Mauricio Godinho Delgado, que acrescentou que o trabalhador est\u00e1 submetido \u00e0s regras e controles da empresa j\u00e1 que \u201c\u00e9 fiscalizado permanentemente pelo algoritmo\u201d.<\/p>\n\n\n\n<p>O ministro Alberto Luiz Bresciani n\u00e3o detalhou o voto que, segundo ele, tem 40 p\u00e1ginas. Mas citou decis\u00f5es de outros pa\u00edses, como Fran\u00e7a e Estados Unidos, que reconhecem os motoristas como empregados.<\/p>\n\n\n\n<p>Ao analisarem disputas entre motoristas e a Uber, os ministros da 4\u00aa e da 5\u00aa turmas, por sua vez, entenderam que n\u00e3o existe a subordina\u00e7\u00e3o do trabalhador \u00e0 empresa. Consideram que o fato do motorista poder ficar \u201coffline\u201d do aplicativo sem limite de tempo indica que ele tem flexibilidade para estabelecer seus hor\u00e1rios de trabalho, onde vai atuar e a quantidade de clientes que quer atender.<\/p>\n\n\n\n<p>Valor<\/p>\n","protected":false},"excerpt":{"rendered":"<p>Dois de tr\u00eas ministros da 3\u00aa Turma do\u00a0Tribunal Superior do Trabalho (TST)\u00a0reconheceram o\u00a0v\u00ednculo de emprego\u00a0entre a\u00a0Uber\u00a0e um\u00a0motorista. Entenderam estarem preenchidos os requisitos para enquadrar o trabalhador como\u00a0funcion\u00e1rio da empresa. O julgamento, retomado hoje, foi suspenso por novo pedido de vista. A sess\u00e3o foi reiniciada com o voto do&nbsp;ministro Alberto Luiz Bresciani, que vai se aposentar<br \/><a class=\"more-link\" href=\"https:\/\/justicapotiguar.com.br\/index.php\/2021\/12\/15\/uber-maioria-no-tst-reconhece-vinculo-de-emprego-entre-app-e-motorista\/\">Mais&#8230;<\/a><\/p>\n","protected":false},"author":5,"featured_media":0,"comment_status":"open","ping_status":"open","sticky":false,"template":"","format":"standard","meta":[],"categories":[1],"tags":[],"_links":{"self":[{"href":"https:\/\/justicapotiguar.com.br\/index.php\/wp-json\/wp\/v2\/posts\/23471"}],"collection":[{"href":"https:\/\/justicapotiguar.com.br\/index.php\/wp-json\/wp\/v2\/posts"}],"about":[{"href":"https:\/\/justicapotiguar.com.br\/index.php\/wp-json\/wp\/v2\/types\/post"}],"author":[{"embeddable":true,"href":"https:\/\/justicapotiguar.com.br\/index.php\/wp-json\/wp\/v2\/users\/5"}],"replies":[{"embeddable":true,"href":"https:\/\/justicapotiguar.com.br\/index.php\/wp-json\/wp\/v2\/comments?post=23471"}],"version-history":[{"count":1,"href":"https:\/\/justicapotiguar.com.br\/index.php\/wp-json\/wp\/v2\/posts\/23471\/revisions"}],"predecessor-version":[{"id":23472,"href":"https:\/\/justicapotiguar.com.br\/index.php\/wp-json\/wp\/v2\/posts\/23471\/revisions\/23472"}],"wp:attachment":[{"href":"https:\/\/justicapotiguar.com.br\/index.php\/wp-json\/wp\/v2\/media?parent=23471"}],"wp:term":[{"taxonomy":"category","embeddable":true,"href":"https:\/\/justicapotiguar.com.br\/index.php\/wp-json\/wp\/v2\/categories?post=23471"},{"taxonomy":"post_tag","embeddable":true,"href":"https:\/\/justicapotiguar.com.br\/index.php\/wp-json\/wp\/v2\/tags?post=23471"}],"curies":[{"name":"wp","href":"https:\/\/api.w.org\/{rel}","templated":true}]}}