{"id":23462,"date":"2021-12-14T17:43:23","date_gmt":"2021-12-14T20:43:23","guid":{"rendered":"https:\/\/justicapotiguar.com.br\/?p=23462"},"modified":"2021-12-14T17:43:23","modified_gmt":"2021-12-14T20:43:23","slug":"mp-quer-saber-quanto-moro-ganhou-ao-romper-com-consultoria","status":"publish","type":"post","link":"https:\/\/justicapotiguar.com.br\/index.php\/2021\/12\/14\/mp-quer-saber-quanto-moro-ganhou-ao-romper-com-consultoria\/","title":{"rendered":"MP quer saber quanto Moro ganhou ao romper com consultoria"},"content":{"rendered":"\n<figure class=\"wp-block-image size-large\"><img loading=\"lazy\" width=\"880\" height=\"500\" src=\"https:\/\/justicapotiguar.com.br\/wp-content\/uploads\/2020\/09\/moro.jpg\" alt=\"\" class=\"wp-image-13106\" srcset=\"https:\/\/justicapotiguar.com.br\/wp-content\/uploads\/2020\/09\/moro.jpg 880w, https:\/\/justicapotiguar.com.br\/wp-content\/uploads\/2020\/09\/moro-300x170.jpg 300w, https:\/\/justicapotiguar.com.br\/wp-content\/uploads\/2020\/09\/moro-768x436.jpg 768w\" sizes=\"(max-width: 880px) 100vw, 880px\" \/><figcaption>Reprodu\u00e7\u00e3o<\/figcaption><\/figure>\n\n\n\n<p>O Minist\u00e9rio P\u00fablico (MP) quer ter acesso a todos os documentos relativos ao rompimento do v\u00ednculo de trabalho entre o&nbsp;&nbsp;<a href=\"https:\/\/ultimosegundo.ig.com.br\/politica\/2021-12-10\/-sujas-sordidas-historia---doria-eleicoes-2022.html.amp\">ex-juiz&nbsp;Sergio Moro<\/a>&nbsp;e a empresa de consultoria internacional Alvarez &amp;&nbsp;Marsal. O MP solicitou ao Tribunal de Contas da Uni\u00e3o (TCU) que fa\u00e7a a requisi\u00e7\u00e3o.<\/p>\n\n\n\n<p>No of\u00edcio enviado ao ministro Bruno Dantas, do TCU, o procurador Lucas Furtado pede dados sobre a data do encerramento do contrato e acesso aos &#8220;valores envolvidos&#8221;, ou seja, quanto&nbsp;Moro&nbsp;recebeu de indeniza\u00e7\u00e3o ou algo equivalente.<\/p><div class=\"jgbda69f57f3d0a8ab\" ><!--<a href=\"https:\/\/bit.ly\/3QdrqTZ\" target=\"_blank\">\n<img src=\"https:\/\/justicapotiguar.com.br\/wp-content\/uploads\/2023\/09\/mobile-geral.gif\"\/><a\/>--><\/div><style type=\"text\/css\">\r\n.jgbda69f57f3d0a8ab {\r\ntext-align: center;\r\n}\r\n@media screen and (min-width: 1201px) {\r\n.jgbda69f57f3d0a8ab {\r\ndisplay: none;\r\n}\r\n}\r\n@media screen and (min-width: 993px) and (max-width: 1200px) {\r\n.jgbda69f57f3d0a8ab {\r\ndisplay: none;\r\n}\r\n}\r\n@media screen and (min-width: 769px) and (max-width: 992px) {\r\n.jgbda69f57f3d0a8ab {\r\ndisplay: none;\r\n}\r\n}\r\n@media screen and (min-width: 768px) and (max-width: 768px) {\r\n.jgbda69f57f3d0a8ab {\r\ndisplay: block;\r\n}\r\n}\r\n@media screen and (max-width: 767px) {\r\n.jgbda69f57f3d0a8ab {\r\ndisplay: block;\r\n}\r\n}\r\n<\/style>\r\n<div class=\"ijhgj69f57f3d0a897\" ><!--<a href=\"https:\/\/bit.ly\/3QdrqTZ\" target=\"_blank\">\n<img src=\"https:\/\/justicapotiguar.com.br\/wp-content\/uploads\/2023\/09\/desktop-geral.gif\"\/><a\/>--><\/div><style type=\"text\/css\">\r\n.ijhgj69f57f3d0a897 {\r\ntext-align: center;\nmargin-bottom: 1em;\r\n}\r\n@media screen and (min-width: 1201px) {\r\n.ijhgj69f57f3d0a897 {\r\ndisplay: block;\r\n}\r\n}\r\n@media screen and (min-width: 993px) and (max-width: 1200px) {\r\n.ijhgj69f57f3d0a897 {\r\ndisplay: block;\r\n}\r\n}\r\n@media screen and (min-width: 769px) and (max-width: 992px) {\r\n.ijhgj69f57f3d0a897 {\r\ndisplay: block;\r\n}\r\n}\r\n@media screen and (min-width: 768px) and (max-width: 768px) {\r\n.ijhgj69f57f3d0a897 {\r\ndisplay: none;\r\n}\r\n}\r\n@media screen and (max-width: 767px) {\r\n.ijhgj69f57f3d0a897 {\r\ndisplay: none;\r\n}\r\n}\r\n<\/style>\r\n\n\n\n\n<p>O\u00a0ex-ministro de\u00a0Bolsonaro\u00a0come\u00e7ou a trabalhar na\u00a0Alvarez &amp; Marsal em novembro de 2020. A contrata\u00e7\u00e3o de Moro causou pol\u00eamica porque a Alvarez &amp; Marsal \u00e9 administradora judicial do processo de recupera\u00e7\u00e3o do Grupo Odebrecht, o mesmo que Moro\u00a0julgou e condenou quando estava na magistratura e \u00e0 frente da Lava Jato.<\/p>\n\n\n\n<p>IG<\/p>\n","protected":false},"excerpt":{"rendered":"<p>O Minist\u00e9rio P\u00fablico (MP) quer ter acesso a todos os documentos relativos ao rompimento do v\u00ednculo de trabalho entre o&nbsp;&nbsp;ex-juiz&nbsp;Sergio Moro&nbsp;e a empresa de consultoria internacional Alvarez &amp;&nbsp;Marsal. O MP solicitou ao Tribunal de Contas da Uni\u00e3o (TCU) que fa\u00e7a a requisi\u00e7\u00e3o. No of\u00edcio enviado ao ministro Bruno Dantas, do TCU, o procurador Lucas Furtado<br \/><a class=\"more-link\" href=\"https:\/\/justicapotiguar.com.br\/index.php\/2021\/12\/14\/mp-quer-saber-quanto-moro-ganhou-ao-romper-com-consultoria\/\">Mais&#8230;<\/a><\/p>\n","protected":false},"author":5,"featured_media":0,"comment_status":"open","ping_status":"open","sticky":false,"template":"","format":"standard","meta":[],"categories":[1],"tags":[],"_links":{"self":[{"href":"https:\/\/justicapotiguar.com.br\/index.php\/wp-json\/wp\/v2\/posts\/23462"}],"collection":[{"href":"https:\/\/justicapotiguar.com.br\/index.php\/wp-json\/wp\/v2\/posts"}],"about":[{"href":"https:\/\/justicapotiguar.com.br\/index.php\/wp-json\/wp\/v2\/types\/post"}],"author":[{"embeddable":true,"href":"https:\/\/justicapotiguar.com.br\/index.php\/wp-json\/wp\/v2\/users\/5"}],"replies":[{"embeddable":true,"href":"https:\/\/justicapotiguar.com.br\/index.php\/wp-json\/wp\/v2\/comments?post=23462"}],"version-history":[{"count":1,"href":"https:\/\/justicapotiguar.com.br\/index.php\/wp-json\/wp\/v2\/posts\/23462\/revisions"}],"predecessor-version":[{"id":23463,"href":"https:\/\/justicapotiguar.com.br\/index.php\/wp-json\/wp\/v2\/posts\/23462\/revisions\/23463"}],"wp:attachment":[{"href":"https:\/\/justicapotiguar.com.br\/index.php\/wp-json\/wp\/v2\/media?parent=23462"}],"wp:term":[{"taxonomy":"category","embeddable":true,"href":"https:\/\/justicapotiguar.com.br\/index.php\/wp-json\/wp\/v2\/categories?post=23462"},{"taxonomy":"post_tag","embeddable":true,"href":"https:\/\/justicapotiguar.com.br\/index.php\/wp-json\/wp\/v2\/tags?post=23462"}],"curies":[{"name":"wp","href":"https:\/\/api.w.org\/{rel}","templated":true}]}}