{"id":23459,"date":"2021-12-14T16:56:26","date_gmt":"2021-12-14T19:56:26","guid":{"rendered":"https:\/\/justicapotiguar.com.br\/?p=23459"},"modified":"2021-12-14T16:56:26","modified_gmt":"2021-12-14T19:56:26","slug":"justica-do-ceara-decide-soltar-o-cantor-avine-vinny-apos-prisao-por-suspeita-de-ameacar-a-ex","status":"publish","type":"post","link":"https:\/\/justicapotiguar.com.br\/index.php\/2021\/12\/14\/justica-do-ceara-decide-soltar-o-cantor-avine-vinny-apos-prisao-por-suspeita-de-ameacar-a-ex\/","title":{"rendered":"Justi\u00e7a do Cear\u00e1 decide soltar o cantor \u00c1vine Vinny ap\u00f3s pris\u00e3o por suspeita de amea\u00e7ar a ex"},"content":{"rendered":"\n<p>A Justi\u00e7a do Cear\u00e1 decidiu, durante audi\u00eancia de cust\u00f3dia, nesta ter\u00e7a-feira, soltar o cantor\u00a0<a rel=\"noreferrer noopener\" href=\"https:\/\/oglobo.globo.com\/cultura\/quem-avine-vinny-do-hit-coracao-cachorro-preso-apos-discussao-com-ex-mulher-25318317\" target=\"_blank\">\u00c1vine Vinny<\/a>, de 32 anos. Ele estava preso desde a noite desta segunda, quando foi autuado em flagrante no \u00e2mbito da viol\u00eancia dom\u00e9stica por suspeita de amea\u00e7ar a ex-mulher, La\u00eds Holanda. O artista responder\u00e1 ao processo em liberdade e n\u00e3o haver\u00e1 necessidade de usar tornozeleira eletr\u00f4nica. As informa\u00e7\u00f5es s\u00e3o do portal &#8220;Metr\u00f3poles&#8221;.<\/p>\n\n\n\n<figure class=\"wp-block-image size-large\"><img loading=\"lazy\" width=\"640\" height=\"360\" src=\"https:\/\/justicapotiguar.com.br\/wp-content\/uploads\/2021\/12\/xavine-vinny1.pagespeed.ic_.xxz-4jefv4.jpg\" alt=\"\" class=\"wp-image-23460\" srcset=\"https:\/\/justicapotiguar.com.br\/wp-content\/uploads\/2021\/12\/xavine-vinny1.pagespeed.ic_.xxz-4jefv4.jpg 640w, https:\/\/justicapotiguar.com.br\/wp-content\/uploads\/2021\/12\/xavine-vinny1.pagespeed.ic_.xxz-4jefv4-300x169.jpg 300w\" sizes=\"(max-width: 640px) 100vw, 640px\" \/><figcaption>Reprodu\u00e7\u00e3o<\/figcaption><\/figure>\n\n\n\n<p>La\u00eds procurou a Delegacia de Defesa da Mulher (DDM), em Fortaleza, para denunciar Vinny, alegando que ele a amea\u00e7ara. Enquanto fazia o registro de ocorr\u00eancia do caso, ela recebeu amea\u00e7as por mensagens, segundo a Pol\u00edcia Civil. A corpora\u00e7\u00e3o disse, em nota, que &#8220;durante o registro do procedimento, a v\u00edtima, de 31 anos, recebeu mensagens do suspeito com novas amea\u00e7as&#8221;.<\/p>\n\n\n\n<p>A Pol\u00edcia Civil informou que, diante do ocorrido, come\u00e7ou a fazer dilig\u00eancias e conseguiu localizar Vinny,\u00a0<a rel=\"noreferrer noopener\" href=\"https:\/\/oglobo.globo.com\/cultura\/musica\/cantor-avine-vinny-passa-noite-em-delegacia-deve-ter-audiencia-de-custodia-25318219\" target=\"_blank\">que foi preso<\/a>\u00a0e autuado em flagrante no \u00e2mbito da viol\u00eancia dom\u00e9stica. Medidas protetivas de urg\u00eancia para La\u00eds foram solicitadas \u00e0 Justi\u00e7a.<\/p><div class=\"ehobr69f58a805b2ac\" ><!--<a href=\"https:\/\/bit.ly\/3QdrqTZ\" target=\"_blank\">\n<img src=\"https:\/\/justicapotiguar.com.br\/wp-content\/uploads\/2023\/09\/mobile-geral.gif\"\/><a\/>--><\/div><style type=\"text\/css\">\r\n.ehobr69f58a805b2ac {\r\ntext-align: center;\r\n}\r\n@media screen and (min-width: 1201px) {\r\n.ehobr69f58a805b2ac {\r\ndisplay: none;\r\n}\r\n}\r\n@media screen and (min-width: 993px) and (max-width: 1200px) {\r\n.ehobr69f58a805b2ac {\r\ndisplay: none;\r\n}\r\n}\r\n@media screen and (min-width: 769px) and (max-width: 992px) {\r\n.ehobr69f58a805b2ac {\r\ndisplay: none;\r\n}\r\n}\r\n@media screen and (min-width: 768px) and (max-width: 768px) {\r\n.ehobr69f58a805b2ac {\r\ndisplay: block;\r\n}\r\n}\r\n@media screen and (max-width: 767px) {\r\n.ehobr69f58a805b2ac {\r\ndisplay: block;\r\n}\r\n}\r\n<\/style>\r\n<div class=\"jzqlu69f58a805b298\" ><!--<a href=\"https:\/\/bit.ly\/3QdrqTZ\" target=\"_blank\">\n<img src=\"https:\/\/justicapotiguar.com.br\/wp-content\/uploads\/2023\/09\/desktop-geral.gif\"\/><a\/>--><\/div><style type=\"text\/css\">\r\n.jzqlu69f58a805b298 {\r\ntext-align: center;\nmargin-bottom: 1em;\r\n}\r\n@media screen and (min-width: 1201px) {\r\n.jzqlu69f58a805b298 {\r\ndisplay: block;\r\n}\r\n}\r\n@media screen and (min-width: 993px) and (max-width: 1200px) {\r\n.jzqlu69f58a805b298 {\r\ndisplay: block;\r\n}\r\n}\r\n@media screen and (min-width: 769px) and (max-width: 992px) {\r\n.jzqlu69f58a805b298 {\r\ndisplay: block;\r\n}\r\n}\r\n@media screen and (min-width: 768px) and (max-width: 768px) {\r\n.jzqlu69f58a805b298 {\r\ndisplay: none;\r\n}\r\n}\r\n@media screen and (max-width: 767px) {\r\n.jzqlu69f58a805b298 {\r\ndisplay: none;\r\n}\r\n}\r\n<\/style>\r\n\n\n\n\n<p>Vinny e La\u00eds tiveram um relacionamento por oito anos e t\u00eam uma filha. Os dois estariam sem se encontrar h\u00e1 dois meses e a mulher n\u00e3o estaria deixando&nbsp;<a href=\"https:\/\/oglobo.globo.com\/cultura\/musica\/ex-mulher-de-avine-vinny-teria-impedido-cantor-preso-em-fortaleza-de-ver-filha-diz-site-25318195\" target=\"_blank\" rel=\"noreferrer noopener\">o cantor ver a menina<\/a>&nbsp;ap\u00f3s descobrir que ele tem uma nova namorada, informou o &#8220;Metr\u00f3poles&#8221;.<\/p>\n\n\n\n<p>O cantor come\u00e7ou a carreira aos 20 anos, na banda &#8220;X\u00e9 Pop&#8221;. Ele ganhou destaque no forr\u00f3 e neste ano tornou-se nacionalmente conhecido por causa de\u00a0<a rel=\"noreferrer noopener\" href=\"https:\/\/oglobo.globo.com\/cultura\/musica\/coracao-cachorro-hit-nacional-do-fim-de-2021-forro-ganhou-mundo-rendeu-acordo-inusitado-com-james-blunt-1-25306558\" target=\"_blank\">&#8220;Cora\u00e7\u00e3o Cachorro&#8221;<\/a>, inspirada numa m\u00fasica de James Blunt.<\/p>\n\n\n\n<p>Metr\u00f3poles<\/p>\n","protected":false},"excerpt":{"rendered":"<p>A Justi\u00e7a do Cear\u00e1 decidiu, durante audi\u00eancia de cust\u00f3dia, nesta ter\u00e7a-feira, soltar o cantor\u00a0\u00c1vine Vinny, de 32 anos. Ele estava preso desde a noite desta segunda, quando foi autuado em flagrante no \u00e2mbito da viol\u00eancia dom\u00e9stica por suspeita de amea\u00e7ar a ex-mulher, La\u00eds Holanda. O artista responder\u00e1 ao processo em liberdade e n\u00e3o haver\u00e1 necessidade<br \/><a class=\"more-link\" href=\"https:\/\/justicapotiguar.com.br\/index.php\/2021\/12\/14\/justica-do-ceara-decide-soltar-o-cantor-avine-vinny-apos-prisao-por-suspeita-de-ameacar-a-ex\/\">Mais&#8230;<\/a><\/p>\n","protected":false},"author":5,"featured_media":23460,"comment_status":"open","ping_status":"open","sticky":false,"template":"","format":"standard","meta":[],"categories":[3],"tags":[],"_links":{"self":[{"href":"https:\/\/justicapotiguar.com.br\/index.php\/wp-json\/wp\/v2\/posts\/23459"}],"collection":[{"href":"https:\/\/justicapotiguar.com.br\/index.php\/wp-json\/wp\/v2\/posts"}],"about":[{"href":"https:\/\/justicapotiguar.com.br\/index.php\/wp-json\/wp\/v2\/types\/post"}],"author":[{"embeddable":true,"href":"https:\/\/justicapotiguar.com.br\/index.php\/wp-json\/wp\/v2\/users\/5"}],"replies":[{"embeddable":true,"href":"https:\/\/justicapotiguar.com.br\/index.php\/wp-json\/wp\/v2\/comments?post=23459"}],"version-history":[{"count":1,"href":"https:\/\/justicapotiguar.com.br\/index.php\/wp-json\/wp\/v2\/posts\/23459\/revisions"}],"predecessor-version":[{"id":23461,"href":"https:\/\/justicapotiguar.com.br\/index.php\/wp-json\/wp\/v2\/posts\/23459\/revisions\/23461"}],"wp:featuredmedia":[{"embeddable":true,"href":"https:\/\/justicapotiguar.com.br\/index.php\/wp-json\/wp\/v2\/media\/23460"}],"wp:attachment":[{"href":"https:\/\/justicapotiguar.com.br\/index.php\/wp-json\/wp\/v2\/media?parent=23459"}],"wp:term":[{"taxonomy":"category","embeddable":true,"href":"https:\/\/justicapotiguar.com.br\/index.php\/wp-json\/wp\/v2\/categories?post=23459"},{"taxonomy":"post_tag","embeddable":true,"href":"https:\/\/justicapotiguar.com.br\/index.php\/wp-json\/wp\/v2\/tags?post=23459"}],"curies":[{"name":"wp","href":"https:\/\/api.w.org\/{rel}","templated":true}]}}