{"id":23454,"date":"2021-12-14T14:45:00","date_gmt":"2021-12-14T17:45:00","guid":{"rendered":"https:\/\/justicapotiguar.com.br\/?p=23454"},"modified":"2021-12-14T11:47:14","modified_gmt":"2021-12-14T14:47:14","slug":"caso-kiss-mp-rs-pede-ao-stf-prisao-dos-quatro-condenados","status":"publish","type":"post","link":"https:\/\/justicapotiguar.com.br\/index.php\/2021\/12\/14\/caso-kiss-mp-rs-pede-ao-stf-prisao-dos-quatro-condenados\/","title":{"rendered":"Caso Kiss: MP\/RS pede ao STF pris\u00e3o dos quatro condenados"},"content":{"rendered":"\n<figure class=\"wp-block-image size-large\"><img loading=\"lazy\" width=\"984\" height=\"553\" src=\"https:\/\/justicapotiguar.com.br\/wp-content\/uploads\/2021\/12\/foto.jpg\" alt=\"\" class=\"wp-image-23401\" srcset=\"https:\/\/justicapotiguar.com.br\/wp-content\/uploads\/2021\/12\/foto.jpg 984w, https:\/\/justicapotiguar.com.br\/wp-content\/uploads\/2021\/12\/foto-300x169.jpg 300w, https:\/\/justicapotiguar.com.br\/wp-content\/uploads\/2021\/12\/foto-768x432.jpg 768w\" sizes=\"(max-width: 984px) 100vw, 984px\" \/><figcaption>Reprodu\u00e7\u00e3o<\/figcaption><\/figure>\n\n\n\n<p>Nesta segunda-feira, 13, o MP\/RS recorreu ao STF para pedir a pris\u00e3o dos quatro condenados pelo inc\u00eandio da boate Kiss, que vitimou 242 pessoas e feriu outras 636. Os r\u00e9us foram condenados na \u00faltima sexta-feira, 10, por\u00e9m um HC preventivo os manteve em liberdade.<\/p>\n\n\n\n<p>A distribui\u00e7\u00e3o do processo foi feita em apenas uma hora e est\u00e1 nas m\u00e3os do presidente do Supremo, ministro Luiz Fux.<\/p>\n\n\n\n<p>Momento em que o juiz proferia o resultado do julgamento do caso Kiss.(Imagem: Juliano Verardi\/TJ\/RS)<br>Relembre<\/p>\n\n\n\n<p>Na sexta-feira, 10, o julgamento mais longo da hist\u00f3ria do Poder Judici\u00e1rio do Rio Grande do Sul chegou ao fim ap\u00f3s 10 dias de trabalhos. Em torno das 18h, o juiz Orlando Faccini Neto, que presidiu o j\u00fari, leu a senten\u00e7a, ap\u00f3s a conclus\u00e3o dos jurados pela condena\u00e7\u00e3o dos r\u00e9us.<\/p><div class=\"hdvcb69f55dcc3baa2\" ><!--<a href=\"https:\/\/bit.ly\/3QdrqTZ\" target=\"_blank\">\n<img src=\"https:\/\/justicapotiguar.com.br\/wp-content\/uploads\/2023\/09\/mobile-geral.gif\"\/><a\/>--><\/div><style type=\"text\/css\">\r\n.hdvcb69f55dcc3baa2 {\r\ntext-align: center;\r\n}\r\n@media screen and (min-width: 1201px) {\r\n.hdvcb69f55dcc3baa2 {\r\ndisplay: none;\r\n}\r\n}\r\n@media screen and (min-width: 993px) and (max-width: 1200px) {\r\n.hdvcb69f55dcc3baa2 {\r\ndisplay: none;\r\n}\r\n}\r\n@media screen and (min-width: 769px) and (max-width: 992px) {\r\n.hdvcb69f55dcc3baa2 {\r\ndisplay: none;\r\n}\r\n}\r\n@media screen and (min-width: 768px) and (max-width: 768px) {\r\n.hdvcb69f55dcc3baa2 {\r\ndisplay: block;\r\n}\r\n}\r\n@media screen and (max-width: 767px) {\r\n.hdvcb69f55dcc3baa2 {\r\ndisplay: block;\r\n}\r\n}\r\n<\/style>\r\n<div class=\"nayvl69f55dcc3ba8d\" ><!--<a href=\"https:\/\/bit.ly\/3QdrqTZ\" target=\"_blank\">\n<img src=\"https:\/\/justicapotiguar.com.br\/wp-content\/uploads\/2023\/09\/desktop-geral.gif\"\/><a\/>--><\/div><style type=\"text\/css\">\r\n.nayvl69f55dcc3ba8d {\r\ntext-align: center;\nmargin-bottom: 1em;\r\n}\r\n@media screen and (min-width: 1201px) {\r\n.nayvl69f55dcc3ba8d {\r\ndisplay: block;\r\n}\r\n}\r\n@media screen and (min-width: 993px) and (max-width: 1200px) {\r\n.nayvl69f55dcc3ba8d {\r\ndisplay: block;\r\n}\r\n}\r\n@media screen and (min-width: 769px) and (max-width: 992px) {\r\n.nayvl69f55dcc3ba8d {\r\ndisplay: block;\r\n}\r\n}\r\n@media screen and (min-width: 768px) and (max-width: 768px) {\r\n.nayvl69f55dcc3ba8d {\r\ndisplay: none;\r\n}\r\n}\r\n@media screen and (max-width: 767px) {\r\n.nayvl69f55dcc3ba8d {\r\ndisplay: none;\r\n}\r\n}\r\n<\/style>\r\n\n\n\n\n<p>Quase nove anos depois do inc\u00eandio na boate Kiss, em Santa Maria, os quatro r\u00e9us foram condenados pelo Conselho de Senten\u00e7a do Tribunal do J\u00fari \u00e0s seguintes penas:<\/p>\n\n\n\n<p>Elissandro Callegaro Spohr: 22 anos e 6 meses<br>Mauro Londero Hoffmann: 19 anos e 6 meses<br>Marcelo de Jesus dos Santos: 18 anos<br>Luciano Bonilha Le\u00e3o: 18 anos<br>O regime inicial \u00e9 fechado. O magistrado chegou a decretar a pris\u00e3o dos r\u00e9us, mas um habeas corpus preventivo concedido pela 1\u00aa c\u00e2mara Criminal do TJ\/RS suspendeu a medida. \u00c9 desta decis\u00e3o que o MP\/RS recorre ao STF.<\/p>\n\n\n\n<p>Migalhas<\/p>\n","protected":false},"excerpt":{"rendered":"<p>Nesta segunda-feira, 13, o MP\/RS recorreu ao STF para pedir a pris\u00e3o dos quatro condenados pelo inc\u00eandio da boate Kiss, que vitimou 242 pessoas e feriu outras 636. Os r\u00e9us foram condenados na \u00faltima sexta-feira, 10, por\u00e9m um HC preventivo os manteve em liberdade. A distribui\u00e7\u00e3o do processo foi feita em apenas uma hora e<br \/><a class=\"more-link\" href=\"https:\/\/justicapotiguar.com.br\/index.php\/2021\/12\/14\/caso-kiss-mp-rs-pede-ao-stf-prisao-dos-quatro-condenados\/\">Mais&#8230;<\/a><\/p>\n","protected":false},"author":5,"featured_media":0,"comment_status":"open","ping_status":"open","sticky":false,"template":"","format":"standard","meta":[],"categories":[1],"tags":[],"_links":{"self":[{"href":"https:\/\/justicapotiguar.com.br\/index.php\/wp-json\/wp\/v2\/posts\/23454"}],"collection":[{"href":"https:\/\/justicapotiguar.com.br\/index.php\/wp-json\/wp\/v2\/posts"}],"about":[{"href":"https:\/\/justicapotiguar.com.br\/index.php\/wp-json\/wp\/v2\/types\/post"}],"author":[{"embeddable":true,"href":"https:\/\/justicapotiguar.com.br\/index.php\/wp-json\/wp\/v2\/users\/5"}],"replies":[{"embeddable":true,"href":"https:\/\/justicapotiguar.com.br\/index.php\/wp-json\/wp\/v2\/comments?post=23454"}],"version-history":[{"count":1,"href":"https:\/\/justicapotiguar.com.br\/index.php\/wp-json\/wp\/v2\/posts\/23454\/revisions"}],"predecessor-version":[{"id":23455,"href":"https:\/\/justicapotiguar.com.br\/index.php\/wp-json\/wp\/v2\/posts\/23454\/revisions\/23455"}],"wp:attachment":[{"href":"https:\/\/justicapotiguar.com.br\/index.php\/wp-json\/wp\/v2\/media?parent=23454"}],"wp:term":[{"taxonomy":"category","embeddable":true,"href":"https:\/\/justicapotiguar.com.br\/index.php\/wp-json\/wp\/v2\/categories?post=23454"},{"taxonomy":"post_tag","embeddable":true,"href":"https:\/\/justicapotiguar.com.br\/index.php\/wp-json\/wp\/v2\/tags?post=23454"}],"curies":[{"name":"wp","href":"https:\/\/api.w.org\/{rel}","templated":true}]}}