{"id":23380,"date":"2021-12-09T18:00:32","date_gmt":"2021-12-09T21:00:32","guid":{"rendered":"https:\/\/justicapotiguar.com.br\/?p=23380"},"modified":"2021-12-09T18:00:32","modified_gmt":"2021-12-09T21:00:32","slug":"video-vergonha-de-pedir-justica-e-impossivel-fazer-justica-a-esses-pais-diz-promotor-do-caso-kiss","status":"publish","type":"post","link":"https:\/\/justicapotiguar.com.br\/index.php\/2021\/12\/09\/video-vergonha-de-pedir-justica-e-impossivel-fazer-justica-a-esses-pais-diz-promotor-do-caso-kiss\/","title":{"rendered":"V\u00cdDEO: \u201cVergonha de pedir justi\u00e7a. \u00c9 imposs\u00edvel fazer justi\u00e7a a esses pais\u201d, diz promotor do caso Kiss"},"content":{"rendered":"\n<figure class=\"wp-block-embed is-type-video is-provider-youtube wp-block-embed-youtube wp-embed-aspect-16-9 wp-has-aspect-ratio\"><div class=\"wp-block-embed__wrapper\">\n<iframe loading=\"lazy\" title=\"\u201cVergonha de pedir justi\u00e7a. \u00c9 imposs\u00edvel fazer justi\u00e7a a esses pais\u201d, diz promotor no j\u00fari da Kiss\" width=\"640\" height=\"360\" src=\"https:\/\/www.youtube.com\/embed\/A11GmZeWWSA?feature=oembed\" frameborder=\"0\" allow=\"accelerometer; autoplay; clipboard-write; encrypted-media; gyroscope; picture-in-picture\" allowfullscreen><\/iframe>\n<\/div><\/figure>\n\n\n\n<p>Come\u00e7ou, na tarde desta quinta-feira, a fase de debates no julgamento do caso da Boate Kiss em Porto Alegre. A etapa teve in\u00edcio pelo representante do Minist\u00e9rio P\u00fablico, o promotor David Medina, que se dirigiu aos familiares das v\u00edtimas presentes no plen\u00e1rio dizendo que \u00e9 imposs\u00edvel fazer justi\u00e7a para cada pai e m\u00e3e que perdeu um filho na trag\u00e9dia.<\/p>\n\n\n\n<p>&#8220;Eu tenho vergonha de pedir justi\u00e7a porque \u00e9 imposs\u00edvel dar justi\u00e7a a esses pais e m\u00e3es. Como vamos dar o que \u00e9 justo para cada um desses pais e m\u00e3es? Quem eles v\u00e3o abra\u00e7ar no Natal neste ano? E no ano que vem? N\u00e3o existe pris\u00e3o pior do que esses pais. Tem muita dor do lado de l\u00e1&#8221;, afirmou.\u00a0<\/p>\n\n\n\n<p>Ele ainda ressaltou que os sobreviventes tamb\u00e9m sofrem com uma certa &#8220;pris\u00e3o&#8221;, colocando o exemplo&nbsp;<strong><a href=\"https:\/\/www.correiodopovo.com.br\/not%C3%ADcias\/geral\/depoimentos-marcantes-de-sobreviventes-e-tens%C3%A3o-definem-1%C2%BA-dia-de-julgamento-do-caso-kiss-1.733359\" target=\"_blank\" rel=\"noreferrer noopener\">de Kellen Ferreira<\/a><\/strong>, que esteve presente no plen\u00e1rio para dar o seu depoimento sobre a noite da trag\u00e9dia, e que perdeu parte da perna.&nbsp;<\/p>\n\n\n\n<p>O Promotor tamb\u00e9m falou sobre enquadrar o inc\u00eandio na Boate Kiss como crime de homic\u00eddio doloso. &#8220;N\u00f3s precisamos dizer que incendiar uma casa lotada de gente \u00e9 crime de homic\u00eddio doloso porque isso vai proteger, daqui para frente, nossos filhos e filhas. Eu n\u00e3o quero ver meu filho entrando numa boate para nunca mais sair. Isso s\u00f3 vai acontecer se a gente conseguir dizer para todos os propriet\u00e1rios de boates do Brasil que cuidem dos seus frequentadores. As pessoas entram e precisam sair\u201d, destacou. Ele ainda disse que pede a condena\u00e7\u00e3o por crime doloso &#8220;n\u00e3o porque os r\u00e9us quiseram provocar o inc\u00eandio, mas porque assumiram o risco&#8221;.<\/p><div class=\"bmsqi69f392eda4bd8\" ><!--<a href=\"https:\/\/bit.ly\/3QdrqTZ\" target=\"_blank\">\n<img src=\"https:\/\/justicapotiguar.com.br\/wp-content\/uploads\/2023\/09\/mobile-geral.gif\"\/><a\/>--><\/div><style type=\"text\/css\">\r\n.bmsqi69f392eda4bd8 {\r\ntext-align: center;\r\n}\r\n@media screen and (min-width: 1201px) {\r\n.bmsqi69f392eda4bd8 {\r\ndisplay: none;\r\n}\r\n}\r\n@media screen and (min-width: 993px) and (max-width: 1200px) {\r\n.bmsqi69f392eda4bd8 {\r\ndisplay: none;\r\n}\r\n}\r\n@media screen and (min-width: 769px) and (max-width: 992px) {\r\n.bmsqi69f392eda4bd8 {\r\ndisplay: none;\r\n}\r\n}\r\n@media screen and (min-width: 768px) and (max-width: 768px) {\r\n.bmsqi69f392eda4bd8 {\r\ndisplay: block;\r\n}\r\n}\r\n@media screen and (max-width: 767px) {\r\n.bmsqi69f392eda4bd8 {\r\ndisplay: block;\r\n}\r\n}\r\n<\/style>\r\n<div class=\"xtpqf69f392eda4bc3\" ><!--<a href=\"https:\/\/bit.ly\/3QdrqTZ\" target=\"_blank\">\n<img src=\"https:\/\/justicapotiguar.com.br\/wp-content\/uploads\/2023\/09\/desktop-geral.gif\"\/><a\/>--><\/div><style type=\"text\/css\">\r\n.xtpqf69f392eda4bc3 {\r\ntext-align: center;\nmargin-bottom: 1em;\r\n}\r\n@media screen and (min-width: 1201px) {\r\n.xtpqf69f392eda4bc3 {\r\ndisplay: block;\r\n}\r\n}\r\n@media screen and (min-width: 993px) and (max-width: 1200px) {\r\n.xtpqf69f392eda4bc3 {\r\ndisplay: block;\r\n}\r\n}\r\n@media screen and (min-width: 769px) and (max-width: 992px) {\r\n.xtpqf69f392eda4bc3 {\r\ndisplay: block;\r\n}\r\n}\r\n@media screen and (min-width: 768px) and (max-width: 768px) {\r\n.xtpqf69f392eda4bc3 {\r\ndisplay: none;\r\n}\r\n}\r\n@media screen and (max-width: 767px) {\r\n.xtpqf69f392eda4bc3 {\r\ndisplay: none;\r\n}\r\n}\r\n<\/style>\r\n\n\n\n\n<p>Medina tamb\u00e9m citou que a tese dos acusados \u00e9 de que eles n\u00e3o t\u00eam culpa, e que a culpa \u00e9 do sistema. &#8220;Eles n\u00e3o t\u00eam condi\u00e7\u00f5es de assumir seu erro porque \u00e9 muito dif\u00edcil assumir a morte de 242 pessoas. Quer negar, nega, mas n\u00e3o fica espalhando responsabilidades&#8221;, disse.&nbsp;<\/p>\n\n\n\n<p>Medina questionou se s\u00f3cios da boate tinham preocupa\u00e7\u00e3o ou indiferen\u00e7a com a seguran\u00e7a: \u201cN\u00e3o tinham preocupa\u00e7\u00e3o nenhuma. Eu j\u00e1 assumi o lado da indiferen\u00e7a. Se a gente abstrair todas as mentiras contadas nesse processo, tentando atribuir responsabilidade a outras pessoas, e perceber a forma como os r\u00e9us agiram, houve indiferen\u00e7a&#8221;, afirmou o promotor e ainda questionou &#8220;se haviam luzes indicativas, como tantas pessoas morreram empilhadas nos banheiros da casa.&#8221;<\/p>\n\n\n\n<p>Correio do Povo<\/p>\n","protected":false},"excerpt":{"rendered":"<p>Come\u00e7ou, na tarde desta quinta-feira, a fase de debates no julgamento do caso da Boate Kiss em Porto Alegre. A etapa teve in\u00edcio pelo representante do Minist\u00e9rio P\u00fablico, o promotor David Medina, que se dirigiu aos familiares das v\u00edtimas presentes no plen\u00e1rio dizendo que \u00e9 imposs\u00edvel fazer justi\u00e7a para cada pai e m\u00e3e que perdeu<br \/><a class=\"more-link\" href=\"https:\/\/justicapotiguar.com.br\/index.php\/2021\/12\/09\/video-vergonha-de-pedir-justica-e-impossivel-fazer-justica-a-esses-pais-diz-promotor-do-caso-kiss\/\">Mais&#8230;<\/a><\/p>\n","protected":false},"author":5,"featured_media":0,"comment_status":"open","ping_status":"open","sticky":false,"template":"","format":"standard","meta":[],"categories":[1],"tags":[],"_links":{"self":[{"href":"https:\/\/justicapotiguar.com.br\/index.php\/wp-json\/wp\/v2\/posts\/23380"}],"collection":[{"href":"https:\/\/justicapotiguar.com.br\/index.php\/wp-json\/wp\/v2\/posts"}],"about":[{"href":"https:\/\/justicapotiguar.com.br\/index.php\/wp-json\/wp\/v2\/types\/post"}],"author":[{"embeddable":true,"href":"https:\/\/justicapotiguar.com.br\/index.php\/wp-json\/wp\/v2\/users\/5"}],"replies":[{"embeddable":true,"href":"https:\/\/justicapotiguar.com.br\/index.php\/wp-json\/wp\/v2\/comments?post=23380"}],"version-history":[{"count":1,"href":"https:\/\/justicapotiguar.com.br\/index.php\/wp-json\/wp\/v2\/posts\/23380\/revisions"}],"predecessor-version":[{"id":23381,"href":"https:\/\/justicapotiguar.com.br\/index.php\/wp-json\/wp\/v2\/posts\/23380\/revisions\/23381"}],"wp:attachment":[{"href":"https:\/\/justicapotiguar.com.br\/index.php\/wp-json\/wp\/v2\/media?parent=23380"}],"wp:term":[{"taxonomy":"category","embeddable":true,"href":"https:\/\/justicapotiguar.com.br\/index.php\/wp-json\/wp\/v2\/categories?post=23380"},{"taxonomy":"post_tag","embeddable":true,"href":"https:\/\/justicapotiguar.com.br\/index.php\/wp-json\/wp\/v2\/tags?post=23380"}],"curies":[{"name":"wp","href":"https:\/\/api.w.org\/{rel}","templated":true}]}}