{"id":23321,"date":"2021-12-07T16:12:00","date_gmt":"2021-12-07T19:12:00","guid":{"rendered":"https:\/\/justicapotiguar.com.br\/?p=23321"},"modified":"2021-12-07T16:38:58","modified_gmt":"2021-12-07T19:38:58","slug":"moro-manobras-politicas-enterraram-caso-do-triplex-de-lula","status":"publish","type":"post","link":"https:\/\/justicapotiguar.com.br\/index.php\/2021\/12\/07\/moro-manobras-politicas-enterraram-caso-do-triplex-de-lula\/","title":{"rendered":"Moro: \u201cManobras jur\u00eddicas enterraram caso do tr\u00edplex de Lula\u201d"},"content":{"rendered":"\n<figure class=\"wp-block-image size-large\"><img loading=\"lazy\" width=\"768\" height=\"387\" src=\"https:\/\/justicapotiguar.com.br\/wp-content\/uploads\/2021\/12\/moro-lula-triplex-768x387-1.png\" alt=\"\" class=\"wp-image-23322\" srcset=\"https:\/\/justicapotiguar.com.br\/wp-content\/uploads\/2021\/12\/moro-lula-triplex-768x387-1.png 768w, https:\/\/justicapotiguar.com.br\/wp-content\/uploads\/2021\/12\/moro-lula-triplex-768x387-1-300x151.png 300w\" sizes=\"(max-width: 768px) 100vw, 768px\" \/><\/figure>\n\n\n\n<p>O ex-juiz da Lava Jato em Curitiba, Sergio Moro (Podemos), criticou nesta 3\u00aa feira (7.dez.2021) a decis\u00e3o do MPF (Minist\u00e9rio P\u00fablico Federal) de reconhecer a&nbsp;<a href=\"https:\/\/www.poder360.com.br\/lava-jato\/mpf-pede-arquivamento-de-caso-do-triplex-contra-lula\/\">prescri\u00e7\u00e3o do caso do tr\u00edplex do Guaruj\u00e1<\/a>, que imputava o ex-presidente Luiz In\u00e1cio Lula da Silva (PT). Moro&nbsp;<a href=\"https:\/\/www.poder360.com.br\/lava-jato\/lula-e-condenado-a-9-anos-e-6-meses-de-prisao-no-processo-do-triplex\/\">condenou Lula<\/a>&nbsp;no processo na 1\u00aa Inst\u00e2ncia.<\/p>\n\n\n\n<p>Moro disse que Lula se livrou do caso por conta de&nbsp;<em>\u201cmanobras jur\u00eddicas\u201d<\/em>. O ex-ministro da Justi\u00e7a e Seguran\u00e7a P\u00fablica afirmou ainda que crimes de corrup\u00e7\u00e3o tinha que ser&nbsp;<em>\u201cimprescrit\u00edveis\u201d<\/em>. No julgamento de Lula em 2017, Moro o sentenciou por lavagem de dinheiro e corrup\u00e7\u00e3o passiva.<\/p><div class=\"zdnse69f729f24eaf8\" ><!--<a href=\"https:\/\/bit.ly\/3QdrqTZ\" target=\"_blank\">\n<img src=\"https:\/\/justicapotiguar.com.br\/wp-content\/uploads\/2023\/09\/mobile-geral.gif\"\/><a\/>--><\/div><style type=\"text\/css\">\r\n.zdnse69f729f24eaf8 {\r\ntext-align: center;\r\n}\r\n@media screen and (min-width: 1201px) {\r\n.zdnse69f729f24eaf8 {\r\ndisplay: none;\r\n}\r\n}\r\n@media screen and (min-width: 993px) and (max-width: 1200px) {\r\n.zdnse69f729f24eaf8 {\r\ndisplay: none;\r\n}\r\n}\r\n@media screen and (min-width: 769px) and (max-width: 992px) {\r\n.zdnse69f729f24eaf8 {\r\ndisplay: none;\r\n}\r\n}\r\n@media screen and (min-width: 768px) and (max-width: 768px) {\r\n.zdnse69f729f24eaf8 {\r\ndisplay: block;\r\n}\r\n}\r\n@media screen and (max-width: 767px) {\r\n.zdnse69f729f24eaf8 {\r\ndisplay: block;\r\n}\r\n}\r\n<\/style>\r\n<div class=\"pljpw69f729f24eade\" ><!--<a href=\"https:\/\/bit.ly\/3QdrqTZ\" target=\"_blank\">\n<img src=\"https:\/\/justicapotiguar.com.br\/wp-content\/uploads\/2023\/09\/desktop-geral.gif\"\/><a\/>--><\/div><style type=\"text\/css\">\r\n.pljpw69f729f24eade {\r\ntext-align: center;\nmargin-bottom: 1em;\r\n}\r\n@media screen and (min-width: 1201px) {\r\n.pljpw69f729f24eade {\r\ndisplay: block;\r\n}\r\n}\r\n@media screen and (min-width: 993px) and (max-width: 1200px) {\r\n.pljpw69f729f24eade {\r\ndisplay: block;\r\n}\r\n}\r\n@media screen and (min-width: 769px) and (max-width: 992px) {\r\n.pljpw69f729f24eade {\r\ndisplay: block;\r\n}\r\n}\r\n@media screen and (min-width: 768px) and (max-width: 768px) {\r\n.pljpw69f729f24eade {\r\ndisplay: none;\r\n}\r\n}\r\n@media screen and (max-width: 767px) {\r\n.pljpw69f729f24eade {\r\ndisplay: none;\r\n}\r\n}\r\n<\/style>\r\n\n\n\n\n<p><em>\u201cManobras jur\u00eddicas enterraram de vez o caso do tr\u00edplex de Lula, acusado na Lava Jato. Crimes de corrup\u00e7\u00e3o deveriam ser imprescrit\u00edveis, pois o dano causado \u00e0 sociedade, que morre por falta de sa\u00fade adequada, que n\u00e3o avan\u00e7a na educa\u00e7\u00e3o, jamais poder\u00e1 ser reparado\u201d<\/em>, disse o ex-juiz em seu perfil no Twitter.<\/p>\n\n\n\n<p>Poder 360<\/p>\n","protected":false},"excerpt":{"rendered":"<p>O ex-juiz da Lava Jato em Curitiba, Sergio Moro (Podemos), criticou nesta 3\u00aa feira (7.dez.2021) a decis\u00e3o do MPF (Minist\u00e9rio P\u00fablico Federal) de reconhecer a&nbsp;prescri\u00e7\u00e3o do caso do tr\u00edplex do Guaruj\u00e1, que imputava o ex-presidente Luiz In\u00e1cio Lula da Silva (PT). Moro&nbsp;condenou Lula&nbsp;no processo na 1\u00aa Inst\u00e2ncia. Moro disse que Lula se livrou do caso<br \/><a class=\"more-link\" href=\"https:\/\/justicapotiguar.com.br\/index.php\/2021\/12\/07\/moro-manobras-politicas-enterraram-caso-do-triplex-de-lula\/\">Mais&#8230;<\/a><\/p>\n","protected":false},"author":5,"featured_media":0,"comment_status":"open","ping_status":"open","sticky":false,"template":"","format":"standard","meta":[],"categories":[1],"tags":[],"_links":{"self":[{"href":"https:\/\/justicapotiguar.com.br\/index.php\/wp-json\/wp\/v2\/posts\/23321"}],"collection":[{"href":"https:\/\/justicapotiguar.com.br\/index.php\/wp-json\/wp\/v2\/posts"}],"about":[{"href":"https:\/\/justicapotiguar.com.br\/index.php\/wp-json\/wp\/v2\/types\/post"}],"author":[{"embeddable":true,"href":"https:\/\/justicapotiguar.com.br\/index.php\/wp-json\/wp\/v2\/users\/5"}],"replies":[{"embeddable":true,"href":"https:\/\/justicapotiguar.com.br\/index.php\/wp-json\/wp\/v2\/comments?post=23321"}],"version-history":[{"count":2,"href":"https:\/\/justicapotiguar.com.br\/index.php\/wp-json\/wp\/v2\/posts\/23321\/revisions"}],"predecessor-version":[{"id":23324,"href":"https:\/\/justicapotiguar.com.br\/index.php\/wp-json\/wp\/v2\/posts\/23321\/revisions\/23324"}],"wp:attachment":[{"href":"https:\/\/justicapotiguar.com.br\/index.php\/wp-json\/wp\/v2\/media?parent=23321"}],"wp:term":[{"taxonomy":"category","embeddable":true,"href":"https:\/\/justicapotiguar.com.br\/index.php\/wp-json\/wp\/v2\/categories?post=23321"},{"taxonomy":"post_tag","embeddable":true,"href":"https:\/\/justicapotiguar.com.br\/index.php\/wp-json\/wp\/v2\/tags?post=23321"}],"curies":[{"name":"wp","href":"https:\/\/api.w.org\/{rel}","templated":true}]}}