{"id":23318,"date":"2021-12-07T17:21:00","date_gmt":"2021-12-07T20:21:00","guid":{"rendered":"https:\/\/justicapotiguar.com.br\/?p=23318"},"modified":"2021-12-07T15:39:51","modified_gmt":"2021-12-07T18:39:51","slug":"para-todes-stf-analisa-linguagem-neutra-debatida-por-educadores-e-alvo-de-conservadores","status":"publish","type":"post","link":"https:\/\/justicapotiguar.com.br\/index.php\/2021\/12\/07\/para-todes-stf-analisa-linguagem-neutra-debatida-por-educadores-e-alvo-de-conservadores\/","title":{"rendered":"PARA &#8216;TODES&#8217;: STF analisa linguagem neutra, debatida por educadores e alvo de conservadores"},"content":{"rendered":"\n<figure class=\"wp-block-image size-large\"><img loading=\"lazy\" width=\"739\" height=\"415\" src=\"https:\/\/justicapotiguar.com.br\/wp-content\/uploads\/2021\/12\/images-17.jpeg\" alt=\"\" class=\"wp-image-23319\" srcset=\"https:\/\/justicapotiguar.com.br\/wp-content\/uploads\/2021\/12\/images-17.jpeg 739w, https:\/\/justicapotiguar.com.br\/wp-content\/uploads\/2021\/12\/images-17-300x168.jpeg 300w\" sizes=\"(max-width: 739px) 100vw, 739px\" \/><figcaption>Ilustrativa<\/figcaption><\/figure>\n\n\n\n<p>Assim que o tema chegou \u00e0s salas e aulas pela curiosidade dos estudantes, e antes mesmo que as escolas pudessem discutir a melhor forma de abordar a quest\u00e3o, uma onda de projetos contra o uso de linguagem neutra tomou conta de casas legislativas de estados e munic\u00edpios do pa\u00eds. Enquanto o Supremo Tribunal Federal (STF) analisa um pedido feito por professores para que n\u00e3o haja interfer\u00eancia externa nos debates acad\u00eamicos, que j\u00e1 teve parecer favor\u00e1vel do ministro \u00c9dson Fachin, entidades e pessoas ligadas \u00e0 causa LGBT levantam a bandeira da inclus\u00e3o porque o dialeto que adotou o &#8220;todes&#8221; no lugar de &#8220;todos&#8221; j\u00e1 \u00e9 uma realidade entre jovens n\u00e3o-biin\u00e1rios. Para especialistas, a l\u00edngua portuguesa n\u00e3o sofre amea\u00e7a e a possibilidade de inclus\u00e3o pela linguagem n\u00e3o pode ser ignorada. A tese \u00e9 defendida na a\u00e7\u00e3o da Confedera\u00e7\u00e3o Nacional dos Trabalhadores em Estabelecimentos de Ensino (Contee) apresentada no Supremo contra um projeto do governo de Rond\u00f4nia, que pro\u00edbe o tema nas unidades de ensino, e pode vir a orientar a forma como ele passar\u00e1 a ser tratado daqui para frente.<\/p>\n\n\n\n<p>A vota\u00e7\u00e3o virtual, que at\u00e9 agora, s\u00f3 tem o voto de Fachin, que \u00e9 o relator, enfrenta forte oposi\u00e7\u00e3o. At\u00e9 outubro, j\u00e1 havia 34 projetos de lei proibindo o uso da linguagem neutra em escolas, em assembleias legislativas ou c\u00e2maras municipais. Um deles \u00e9 o de Rond\u00f4nia, que est\u00e1 no centro da controv\u00e9rsia. Uma lei estadual proibiu a linguagem neutra \u201cna grade curricular e no material did\u00e1tico de institui\u00e7\u00f5es de ensino p\u00fablicas ou privadas, assim como em editais de concursos p\u00fablicos\u201d. Por enquanto, est\u00e1 suspensa por uma liminar do pr\u00f3prio\u00a0<a href=\"https:\/\/oglobo.globo.com\/brasil\/educacao\/fachin-vota-para-manter-suspensao-da-lei-de-ro-que-proibia-uso-da-linguagem-neutra-no-ensino-25304675\">Fachin,<\/a>\u00a0mas os outros ministros da corte ainda v\u00e3o opinar. O presidente da Comiss\u00e3o de Diversidade Sexual e de G\u00eanero LGBTQIA+ da seccional de Rond\u00f4nia Ordem dos Advogados do Brasil, Cleverton Reikdal, afirma, entretanto, que a proibi\u00e7\u00e3o em Rond\u00f4nia surgiu para supostamente impedir uma iniciativa que nunca teria existido.<\/p><div class=\"uxnqt69ee4d8a5e1e3\" ><!--<a href=\"https:\/\/bit.ly\/3QdrqTZ\" target=\"_blank\">\n<img src=\"https:\/\/justicapotiguar.com.br\/wp-content\/uploads\/2023\/09\/mobile-geral.gif\"\/><a\/>--><\/div><style type=\"text\/css\">\r\n.uxnqt69ee4d8a5e1e3 {\r\ntext-align: center;\r\n}\r\n@media screen and (min-width: 1201px) {\r\n.uxnqt69ee4d8a5e1e3 {\r\ndisplay: none;\r\n}\r\n}\r\n@media screen and (min-width: 993px) and (max-width: 1200px) {\r\n.uxnqt69ee4d8a5e1e3 {\r\ndisplay: none;\r\n}\r\n}\r\n@media screen and (min-width: 769px) and (max-width: 992px) {\r\n.uxnqt69ee4d8a5e1e3 {\r\ndisplay: none;\r\n}\r\n}\r\n@media screen and (min-width: 768px) and (max-width: 768px) {\r\n.uxnqt69ee4d8a5e1e3 {\r\ndisplay: block;\r\n}\r\n}\r\n@media screen and (max-width: 767px) {\r\n.uxnqt69ee4d8a5e1e3 {\r\ndisplay: block;\r\n}\r\n}\r\n<\/style>\r\n<div class=\"ykrjx69ee4d8a5e1c8\" ><!--<a href=\"https:\/\/bit.ly\/3QdrqTZ\" target=\"_blank\">\n<img src=\"https:\/\/justicapotiguar.com.br\/wp-content\/uploads\/2023\/09\/desktop-geral.gif\"\/><a\/>--><\/div><style type=\"text\/css\">\r\n.ykrjx69ee4d8a5e1c8 {\r\ntext-align: center;\nmargin-bottom: 1em;\r\n}\r\n@media screen and (min-width: 1201px) {\r\n.ykrjx69ee4d8a5e1c8 {\r\ndisplay: block;\r\n}\r\n}\r\n@media screen and (min-width: 993px) and (max-width: 1200px) {\r\n.ykrjx69ee4d8a5e1c8 {\r\ndisplay: block;\r\n}\r\n}\r\n@media screen and (min-width: 769px) and (max-width: 992px) {\r\n.ykrjx69ee4d8a5e1c8 {\r\ndisplay: block;\r\n}\r\n}\r\n@media screen and (min-width: 768px) and (max-width: 768px) {\r\n.ykrjx69ee4d8a5e1c8 {\r\ndisplay: none;\r\n}\r\n}\r\n@media screen and (max-width: 767px) {\r\n.ykrjx69ee4d8a5e1c8 {\r\ndisplay: none;\r\n}\r\n}\r\n<\/style>\r\n\n\n\n\n<p> O Globo<\/p>\n","protected":false},"excerpt":{"rendered":"<p>Assim que o tema chegou \u00e0s salas e aulas pela curiosidade dos estudantes, e antes mesmo que as escolas pudessem discutir a melhor forma de abordar a quest\u00e3o, uma onda de projetos contra o uso de linguagem neutra tomou conta de casas legislativas de estados e munic\u00edpios do pa\u00eds. Enquanto o Supremo Tribunal Federal (STF)<br \/><a class=\"more-link\" href=\"https:\/\/justicapotiguar.com.br\/index.php\/2021\/12\/07\/para-todes-stf-analisa-linguagem-neutra-debatida-por-educadores-e-alvo-de-conservadores\/\">Mais&#8230;<\/a><\/p>\n","protected":false},"author":5,"featured_media":0,"comment_status":"open","ping_status":"open","sticky":false,"template":"","format":"standard","meta":[],"categories":[1],"tags":[],"_links":{"self":[{"href":"https:\/\/justicapotiguar.com.br\/index.php\/wp-json\/wp\/v2\/posts\/23318"}],"collection":[{"href":"https:\/\/justicapotiguar.com.br\/index.php\/wp-json\/wp\/v2\/posts"}],"about":[{"href":"https:\/\/justicapotiguar.com.br\/index.php\/wp-json\/wp\/v2\/types\/post"}],"author":[{"embeddable":true,"href":"https:\/\/justicapotiguar.com.br\/index.php\/wp-json\/wp\/v2\/users\/5"}],"replies":[{"embeddable":true,"href":"https:\/\/justicapotiguar.com.br\/index.php\/wp-json\/wp\/v2\/comments?post=23318"}],"version-history":[{"count":1,"href":"https:\/\/justicapotiguar.com.br\/index.php\/wp-json\/wp\/v2\/posts\/23318\/revisions"}],"predecessor-version":[{"id":23320,"href":"https:\/\/justicapotiguar.com.br\/index.php\/wp-json\/wp\/v2\/posts\/23318\/revisions\/23320"}],"wp:attachment":[{"href":"https:\/\/justicapotiguar.com.br\/index.php\/wp-json\/wp\/v2\/media?parent=23318"}],"wp:term":[{"taxonomy":"category","embeddable":true,"href":"https:\/\/justicapotiguar.com.br\/index.php\/wp-json\/wp\/v2\/categories?post=23318"},{"taxonomy":"post_tag","embeddable":true,"href":"https:\/\/justicapotiguar.com.br\/index.php\/wp-json\/wp\/v2\/tags?post=23318"}],"curies":[{"name":"wp","href":"https:\/\/api.w.org\/{rel}","templated":true}]}}