{"id":23279,"date":"2021-12-05T11:12:29","date_gmt":"2021-12-05T14:12:29","guid":{"rendered":"https:\/\/justicapotiguar.com.br\/?p=23279"},"modified":"2021-12-05T11:12:29","modified_gmt":"2021-12-05T14:12:29","slug":"stj-veda-quebra-do-sigilo-bancario-como-meio-de-coagir-pagamento-de-divida","status":"publish","type":"post","link":"https:\/\/justicapotiguar.com.br\/index.php\/2021\/12\/05\/stj-veda-quebra-do-sigilo-bancario-como-meio-de-coagir-pagamento-de-divida\/","title":{"rendered":"STJ veda quebra do sigilo banc\u00e1rio como meio de coagir pagamento de d\u00edvida"},"content":{"rendered":"\n<p>A medida dr\u00e1stica da quebra do sigilo banc\u00e1rio s\u00f3 se revela poss\u00edvel quando destinar-se \u00e0 salvaguarda do interesse p\u00fablico. Ela n\u00e3o \u00e9 plaus\u00edvel para a satisfa\u00e7\u00e3o de um direito patrimonial dispon\u00edvel de car\u00e1ter eminentemente privado, como \u00e9 o pagamento de uma d\u00edvida.<\/p>\n\n\n\n<figure class=\"wp-block-image\"><img src=\"https:\/\/www.conjur.com.br\/img\/b\/marco-aurelio-bellizze-20201.jpeg\" alt=\"\"\/><figcaption>Quebra de sigilo fiscal para atender a interesses particulares n\u00e3o \u00e9 medida razo\u00e1vel, concluiu ministro Bellizze<br><sup>Lucas Pricken\/STJ<\/sup><\/figcaption><\/figure>\n\n\n\n<p>Com esse entendimento, a 3\u00aa Turma do Superior Tribunal de Justi\u00e7a negou pedido feito por um fundo de investimentos que, ap\u00f3s sete anos sem conseguir receber por uma d\u00edvida, pediu ao Poder Judici\u00e1rio a ado\u00e7\u00e3o de medidas executivas at\u00edpicas no cumprimento de senten\u00e7a.<\/p>\n\n\n\n<p>Requereu assim a apreens\u00e3o dos passaportes e das Carteiras Nacionais de Habilita\u00e7\u00e3o (CNHs) dos devedores e a quebra dos sigilos banc\u00e1rio e fiscal, para obten\u00e7\u00e3o de extratos. As medidas executivas at\u00edpicas est\u00e3o previstas no inciso IV, artigo 139, do C\u00f3digo de Processo Civil, segundo o qual incumbe ao juiz &#8220;determinar todas as medidas indutivas, coercitivas, mandamentais ou sub-rogat\u00f3rias necess\u00e1rias para assegurar o cumprimento de ordem judicial, inclusive nas a\u00e7\u00f5es que tenham por objeto presta\u00e7\u00e3o pecuni\u00e1ria&#8221;.<\/p>\n\n\n\n<p>Quanto \u00e0 primeira parte do pedido, a&nbsp;<a href=\"https:\/\/www.conjur.com.br\/2019-mai-30\/suspender-cnh-execucao-requer-sinais-ocultacao-patrimonio\" target=\"_blank\" rel=\"noreferrer noopener\">jurisprud\u00eancia do STJ<\/a>&nbsp;entende poss\u00edvel a suspens\u00e3o de passaporte e CNH&nbsp;como forma de coagir o devedor a pagar a d\u00edvida, desde que presentes sinais de oculta\u00e7\u00e3o de patrim\u00f4nio. Nesse ponto, o recurso especial foi provido para devolver o caso ao Tribunal de Justi\u00e7a de S\u00e3o Paulo, para rean\u00e1lise.<\/p>\n\n\n\n<p>Quanto \u00e0 quebra do sigilo banc\u00e1rio, a conclus\u00e3o foi pela impossibilidade. Relator, o ministro Marco Aur\u00e9lio Bellizze destacou que, embora esses dados n\u00e3o tenham prote\u00e7\u00e3o constitucional, ela \u00e9 assim considerada porque o tema se insere no direito fundamental ao sigilo de dados.<\/p>\n\n\n\n<p>J\u00e1 a Lei Complementar 105\/2001, que trata do sigilo das opera\u00e7\u00f5es de institui\u00e7\u00f5es financeiras, prev\u00ea que a inviolabilidade pode ser afastada excepcionalmente para a apura\u00e7\u00e3o de qualquer il\u00edcito criminal, de determinadas infra\u00e7\u00f5es administrativas e de e condutas que ensejem a abertura e\/ou instru\u00e7\u00e3o de procedimento administrativo fiscal.<\/p><div class=\"zlkjp69f73f2e0cfea\" ><!--<a href=\"https:\/\/bit.ly\/3QdrqTZ\" target=\"_blank\">\n<img src=\"https:\/\/justicapotiguar.com.br\/wp-content\/uploads\/2023\/09\/mobile-geral.gif\"\/><a\/>--><\/div><style type=\"text\/css\">\r\n.zlkjp69f73f2e0cfea {\r\ntext-align: center;\r\n}\r\n@media screen and (min-width: 1201px) {\r\n.zlkjp69f73f2e0cfea {\r\ndisplay: none;\r\n}\r\n}\r\n@media screen and (min-width: 993px) and (max-width: 1200px) {\r\n.zlkjp69f73f2e0cfea {\r\ndisplay: none;\r\n}\r\n}\r\n@media screen and (min-width: 769px) and (max-width: 992px) {\r\n.zlkjp69f73f2e0cfea {\r\ndisplay: none;\r\n}\r\n}\r\n@media screen and (min-width: 768px) and (max-width: 768px) {\r\n.zlkjp69f73f2e0cfea {\r\ndisplay: block;\r\n}\r\n}\r\n@media screen and (max-width: 767px) {\r\n.zlkjp69f73f2e0cfea {\r\ndisplay: block;\r\n}\r\n}\r\n<\/style>\r\n<div class=\"zpsyf69f73f2e0cfd8\" ><!--<a href=\"https:\/\/bit.ly\/3QdrqTZ\" target=\"_blank\">\n<img src=\"https:\/\/justicapotiguar.com.br\/wp-content\/uploads\/2023\/09\/desktop-geral.gif\"\/><a\/>--><\/div><style type=\"text\/css\">\r\n.zpsyf69f73f2e0cfd8 {\r\ntext-align: center;\nmargin-bottom: 1em;\r\n}\r\n@media screen and (min-width: 1201px) {\r\n.zpsyf69f73f2e0cfd8 {\r\ndisplay: block;\r\n}\r\n}\r\n@media screen and (min-width: 993px) and (max-width: 1200px) {\r\n.zpsyf69f73f2e0cfd8 {\r\ndisplay: block;\r\n}\r\n}\r\n@media screen and (min-width: 769px) and (max-width: 992px) {\r\n.zpsyf69f73f2e0cfd8 {\r\ndisplay: block;\r\n}\r\n}\r\n@media screen and (min-width: 768px) and (max-width: 768px) {\r\n.zpsyf69f73f2e0cfd8 {\r\ndisplay: none;\r\n}\r\n}\r\n@media screen and (max-width: 767px) {\r\n.zpsyf69f73f2e0cfd8 {\r\ndisplay: none;\r\n}\r\n}\r\n<\/style>\r\n\n\n\n\n<p>Fora dessas hip\u00f3teses, a viola\u00e7\u00e3o do sigilo fiscal pode ser considerada&nbsp;crime, conforme prev\u00ea o artigo 10 da lei, mesmo que decorrente de decis\u00e3o judicial.<\/p>\n\n\n\n<p>Logo, a flexibiliza\u00e7\u00e3o do sigilo fiscal s\u00f3 \u00e9 permitida quando se destinar&nbsp;\u00e0 salvaguarda do interesse p\u00fablico.<\/p>\n\n\n\n<p>Esse n\u00e3o \u00e9 o caso dos autos, em que um fundo de investimento busca acesso aos dados fiscais de pessoas contra as quais tenta cobrar d\u00edvida h\u00e1 sete anos. O interesse \u00e9 meramente particular, insuficiente para configurar a excepcionalidade que permitir a violar esse sigilo.<\/p>\n\n\n\n<p>&#8220;Portanto, a quebra de sigilo banc\u00e1rio destinada t\u00e3o somente \u00e0 satisfa\u00e7\u00e3o do cr\u00e9dito exequendo (visando \u00e0 tutela de um direito patrimonial dispon\u00edvel, isto \u00e9, um interesse eminentemente privado) constitui mitiga\u00e7\u00e3o desproporcional desse direito fundamental \u2014&nbsp;que decorre dos direitos constitucionais \u00e0 inviolabilidade da intimidade e do sigilo de dados \u2014, mostrando-se, nesses termos, descabida a sua utiliza\u00e7\u00e3o como medida executiva at\u00edpica&#8221;, concluiu.<\/p>\n\n\n\n<p>A vota\u00e7\u00e3o foi un\u00e2nime na 3\u00aa Turma, conforme a posi\u00e7\u00e3o do ministro Marco Aur\u00e9lio Bellizze. <\/p>\n\n\n\n<p>Conjur<\/p>\n","protected":false},"excerpt":{"rendered":"<p>A medida dr\u00e1stica da quebra do sigilo banc\u00e1rio s\u00f3 se revela poss\u00edvel quando destinar-se \u00e0 salvaguarda do interesse p\u00fablico. Ela n\u00e3o \u00e9 plaus\u00edvel para a satisfa\u00e7\u00e3o de um direito patrimonial dispon\u00edvel de car\u00e1ter eminentemente privado, como \u00e9 o pagamento de uma d\u00edvida. Com esse entendimento, a 3\u00aa Turma do Superior Tribunal de Justi\u00e7a negou pedido<br \/><a class=\"more-link\" href=\"https:\/\/justicapotiguar.com.br\/index.php\/2021\/12\/05\/stj-veda-quebra-do-sigilo-bancario-como-meio-de-coagir-pagamento-de-divida\/\">Mais&#8230;<\/a><\/p>\n","protected":false},"author":5,"featured_media":0,"comment_status":"open","ping_status":"open","sticky":false,"template":"","format":"standard","meta":[],"categories":[1],"tags":[],"_links":{"self":[{"href":"https:\/\/justicapotiguar.com.br\/index.php\/wp-json\/wp\/v2\/posts\/23279"}],"collection":[{"href":"https:\/\/justicapotiguar.com.br\/index.php\/wp-json\/wp\/v2\/posts"}],"about":[{"href":"https:\/\/justicapotiguar.com.br\/index.php\/wp-json\/wp\/v2\/types\/post"}],"author":[{"embeddable":true,"href":"https:\/\/justicapotiguar.com.br\/index.php\/wp-json\/wp\/v2\/users\/5"}],"replies":[{"embeddable":true,"href":"https:\/\/justicapotiguar.com.br\/index.php\/wp-json\/wp\/v2\/comments?post=23279"}],"version-history":[{"count":1,"href":"https:\/\/justicapotiguar.com.br\/index.php\/wp-json\/wp\/v2\/posts\/23279\/revisions"}],"predecessor-version":[{"id":23280,"href":"https:\/\/justicapotiguar.com.br\/index.php\/wp-json\/wp\/v2\/posts\/23279\/revisions\/23280"}],"wp:attachment":[{"href":"https:\/\/justicapotiguar.com.br\/index.php\/wp-json\/wp\/v2\/media?parent=23279"}],"wp:term":[{"taxonomy":"category","embeddable":true,"href":"https:\/\/justicapotiguar.com.br\/index.php\/wp-json\/wp\/v2\/categories?post=23279"},{"taxonomy":"post_tag","embeddable":true,"href":"https:\/\/justicapotiguar.com.br\/index.php\/wp-json\/wp\/v2\/tags?post=23279"}],"curies":[{"name":"wp","href":"https:\/\/api.w.org\/{rel}","templated":true}]}}