{"id":23189,"date":"2021-11-30T17:43:45","date_gmt":"2021-11-30T20:43:45","guid":{"rendered":"https:\/\/justicapotiguar.com.br\/?p=23189"},"modified":"2021-11-30T17:43:45","modified_gmt":"2021-11-30T20:43:45","slug":"stf-flavio-bolsonaro-tem-foro-privilegiado-no-caso-das-rachadinhas","status":"publish","type":"post","link":"https:\/\/justicapotiguar.com.br\/index.php\/2021\/11\/30\/stf-flavio-bolsonaro-tem-foro-privilegiado-no-caso-das-rachadinhas\/","title":{"rendered":"STF: Fl\u00e1vio Bolsonaro tem foro privilegiado no caso das &#8220;rachadinhas&#8221;"},"content":{"rendered":"\n<p>O \u00d3rg\u00e3o Especial do TJ\/RJ \u00e9 o ju\u00edzo competente para processar e julgar o caso das &#8220;rachadinhas&#8221;, que envolve o senador Fl\u00e1vio Bolsonaro. A decis\u00e3o \u00e9 da 2\u00aa turma do STF, por maioria, sob o entendimento de que os fatos vinculados ao caso t\u00eam rela\u00e7\u00e3o com o cargo de deputado estadual, exercido por Fl\u00e1vio, \u00e0 \u00e9poca das acusa\u00e7\u00f5es feitas pelo MP do Rio.\u00a0<\/p>\n\n\n\n<figure class=\"wp-block-image size-large\"><img loading=\"lazy\" width=\"900\" height=\"506\" src=\"https:\/\/justicapotiguar.com.br\/wp-content\/uploads\/2020\/02\/o-senador-flavio-bolsonaro-sem-partido-1575500987142_v2_900x506.jpg\" alt=\"\" class=\"wp-image-6017\" srcset=\"https:\/\/justicapotiguar.com.br\/wp-content\/uploads\/2020\/02\/o-senador-flavio-bolsonaro-sem-partido-1575500987142_v2_900x506.jpg 900w, https:\/\/justicapotiguar.com.br\/wp-content\/uploads\/2020\/02\/o-senador-flavio-bolsonaro-sem-partido-1575500987142_v2_900x506-300x169.jpg 300w, https:\/\/justicapotiguar.com.br\/wp-content\/uploads\/2020\/02\/o-senador-flavio-bolsonaro-sem-partido-1575500987142_v2_900x506-768x432.jpg 768w\" sizes=\"(max-width: 900px) 100vw, 900px\" \/><figcaption>Reprodu\u00e7\u00e3o<\/figcaption><\/figure>\n\n\n\n<p>O MP\/RJ prop\u00f4s reclama\u00e7\u00e3o no Supremo contra decis\u00e3o da 3\u00aa c\u00e2mara Criminal do TJ\/RJ que concedeu foro privilegiado a Fl\u00e1vio Bolsonaro no caso das rachadinhas. Naquela decis\u00e3o, o ju\u00edzo da 3\u00aa c\u00e2mara Criminal do TJ\/RJ reconheceu a incompet\u00eancia da 27\u00aa vara Criminal para processar e julgar Fl\u00e1vio Bolsonaro e determinou a remessa do referido procedimento ao \u00d3rg\u00e3o Especial do Tribunal fluminense.<\/p>\n\n\n\n<p>Para aquele colegiado, o \u00d3rg\u00e3o Especial \u00e9 quem deve julgar o caso, porque trata-se de delitos supostamente praticados na \u00e9poca em que Fl\u00e1vio exercia o mandato de deputado estadual na Alerj.<\/p>\n\n\n\n<p>Vale lembrar que o procedimento investigat\u00f3rio criminal foi instaurado em 2018 pelo MP\/RJ quando o Fl\u00e1vio Bolsonaro ainda era deputado estadual e, ao t\u00e9rmino deste mandato, iniciou-se outro mandato eletivo de senador, sem interregno temporal entre os cargos eletivos.<\/p>\n\n\n\n<p>&#8220;Havendo inequ\u00edvoca continuidade no exerc\u00edcio de fun\u00e7\u00e3o p\u00fablica, ambos os cargos eletivos exercidos no Poder Legislativo sem interregno temporal entre eles, persiste a necessidade do resguardo da fun\u00e7\u00e3o p\u00fablica por meio de aplica\u00e7\u00e3o de regra diferenciada de compet\u00eancia&#8221;, diz a decis\u00e3o Judicial.<\/p><div class=\"idgxu69ee2358e8d90\" ><!--<a href=\"https:\/\/bit.ly\/3QdrqTZ\" target=\"_blank\">\n<img src=\"https:\/\/justicapotiguar.com.br\/wp-content\/uploads\/2023\/09\/mobile-geral.gif\"\/><a\/>--><\/div><style type=\"text\/css\">\r\n.idgxu69ee2358e8d90 {\r\ntext-align: center;\r\n}\r\n@media screen and (min-width: 1201px) {\r\n.idgxu69ee2358e8d90 {\r\ndisplay: none;\r\n}\r\n}\r\n@media screen and (min-width: 993px) and (max-width: 1200px) {\r\n.idgxu69ee2358e8d90 {\r\ndisplay: none;\r\n}\r\n}\r\n@media screen and (min-width: 769px) and (max-width: 992px) {\r\n.idgxu69ee2358e8d90 {\r\ndisplay: none;\r\n}\r\n}\r\n@media screen and (min-width: 768px) and (max-width: 768px) {\r\n.idgxu69ee2358e8d90 {\r\ndisplay: block;\r\n}\r\n}\r\n@media screen and (max-width: 767px) {\r\n.idgxu69ee2358e8d90 {\r\ndisplay: block;\r\n}\r\n}\r\n<\/style>\r\n<div class=\"sgzce69ee2358e8d5d\" ><!--<a href=\"https:\/\/bit.ly\/3QdrqTZ\" target=\"_blank\">\n<img src=\"https:\/\/justicapotiguar.com.br\/wp-content\/uploads\/2023\/09\/desktop-geral.gif\"\/><a\/>--><\/div><style type=\"text\/css\">\r\n.sgzce69ee2358e8d5d {\r\ntext-align: center;\nmargin-bottom: 1em;\r\n}\r\n@media screen and (min-width: 1201px) {\r\n.sgzce69ee2358e8d5d {\r\ndisplay: block;\r\n}\r\n}\r\n@media screen and (min-width: 993px) and (max-width: 1200px) {\r\n.sgzce69ee2358e8d5d {\r\ndisplay: block;\r\n}\r\n}\r\n@media screen and (min-width: 769px) and (max-width: 992px) {\r\n.sgzce69ee2358e8d5d {\r\ndisplay: block;\r\n}\r\n}\r\n@media screen and (min-width: 768px) and (max-width: 768px) {\r\n.sgzce69ee2358e8d5d {\r\ndisplay: none;\r\n}\r\n}\r\n@media screen and (max-width: 767px) {\r\n.sgzce69ee2358e8d5d {\r\ndisplay: none;\r\n}\r\n}\r\n<\/style>\r\n\n\n\n\n<p>O caso representaria uma esp\u00e9cie de &#8220;mandato cruzado&#8221; &#8211; quando o parlamentar deixa de ocupar o cargo eletivo, por causa do t\u00e9rmino da legislatura, para assumir um outro, mas em uma casa legislativa diferente. De acordo com a PGR, h\u00e1 posi\u00e7\u00f5es conflitantes do STF sobre se o foro por prerrogativa de fun\u00e7\u00e3o alcan\u00e7aria ou n\u00e3o os casos denominados de &#8220;mandatos cruzados&#8221;.<\/p>\n\n\n\n<p>De acordo com a PGR, a reclama\u00e7\u00e3o proposta pelo MP\/RJ &#8220;busca um entendimento jurisprudencial ainda n\u00e3o firmado&#8221;. Para a Procuradoria, &#8220;a hip\u00f3tese do processo (parlamentar estadual que virou senador e est\u00e1 respondendo por atos que teriam sido praticados no exerc\u00edcio da fun\u00e7\u00e3o de deputado estadual) n\u00e3o foi ainda tratada pelo Supremo Tribunal Federal&#8221;.<\/p>\n\n\n\n<p>Dois dias antes de a Corte fluminense julgar o caso, o ministro Gilmar Mendes suspendeu a tramita\u00e7\u00e3o do processo no RJ.\u00a0Leia a decis\u00e3o de Gilmar Mendes.<\/p>\n\n\n\n<p>Migalhas<\/p>\n","protected":false},"excerpt":{"rendered":"<p>O \u00d3rg\u00e3o Especial do TJ\/RJ \u00e9 o ju\u00edzo competente para processar e julgar o caso das &#8220;rachadinhas&#8221;, que envolve o senador Fl\u00e1vio Bolsonaro. A decis\u00e3o \u00e9 da 2\u00aa turma do STF, por maioria, sob o entendimento de que os fatos vinculados ao caso t\u00eam rela\u00e7\u00e3o com o cargo de deputado estadual, exercido por Fl\u00e1vio, \u00e0<br \/><a class=\"more-link\" href=\"https:\/\/justicapotiguar.com.br\/index.php\/2021\/11\/30\/stf-flavio-bolsonaro-tem-foro-privilegiado-no-caso-das-rachadinhas\/\">Mais&#8230;<\/a><\/p>\n","protected":false},"author":5,"featured_media":0,"comment_status":"open","ping_status":"open","sticky":false,"template":"","format":"standard","meta":[],"categories":[1],"tags":[],"_links":{"self":[{"href":"https:\/\/justicapotiguar.com.br\/index.php\/wp-json\/wp\/v2\/posts\/23189"}],"collection":[{"href":"https:\/\/justicapotiguar.com.br\/index.php\/wp-json\/wp\/v2\/posts"}],"about":[{"href":"https:\/\/justicapotiguar.com.br\/index.php\/wp-json\/wp\/v2\/types\/post"}],"author":[{"embeddable":true,"href":"https:\/\/justicapotiguar.com.br\/index.php\/wp-json\/wp\/v2\/users\/5"}],"replies":[{"embeddable":true,"href":"https:\/\/justicapotiguar.com.br\/index.php\/wp-json\/wp\/v2\/comments?post=23189"}],"version-history":[{"count":1,"href":"https:\/\/justicapotiguar.com.br\/index.php\/wp-json\/wp\/v2\/posts\/23189\/revisions"}],"predecessor-version":[{"id":23190,"href":"https:\/\/justicapotiguar.com.br\/index.php\/wp-json\/wp\/v2\/posts\/23189\/revisions\/23190"}],"wp:attachment":[{"href":"https:\/\/justicapotiguar.com.br\/index.php\/wp-json\/wp\/v2\/media?parent=23189"}],"wp:term":[{"taxonomy":"category","embeddable":true,"href":"https:\/\/justicapotiguar.com.br\/index.php\/wp-json\/wp\/v2\/categories?post=23189"},{"taxonomy":"post_tag","embeddable":true,"href":"https:\/\/justicapotiguar.com.br\/index.php\/wp-json\/wp\/v2\/tags?post=23189"}],"curies":[{"name":"wp","href":"https:\/\/api.w.org\/{rel}","templated":true}]}}