{"id":23172,"date":"2021-11-30T10:04:00","date_gmt":"2021-11-30T13:04:00","guid":{"rendered":"https:\/\/justicapotiguar.com.br\/?p=23172"},"modified":"2021-11-30T10:04:36","modified_gmt":"2021-11-30T13:04:36","slug":"fux-decide-que-empate-nao-absolve-reu-em-acao-penal","status":"publish","type":"post","link":"https:\/\/justicapotiguar.com.br\/index.php\/2021\/11\/30\/fux-decide-que-empate-nao-absolve-reu-em-acao-penal\/","title":{"rendered":"Em resposta a Gilmar, Fux decide que empate n\u00e3o absolve r\u00e9u em a\u00e7\u00e3o penal"},"content":{"rendered":"\n<p><\/p>\n\n\n\n<figure class=\"wp-block-image size-large\"><img loading=\"lazy\" width=\"460\" height=\"305\" src=\"https:\/\/justicapotiguar.com.br\/wp-content\/uploads\/2021\/01\/divulgacao-luiz-fux-1500-25062020160505370.jpeg\" alt=\"\" class=\"wp-image-15895\" srcset=\"https:\/\/justicapotiguar.com.br\/wp-content\/uploads\/2021\/01\/divulgacao-luiz-fux-1500-25062020160505370.jpeg 460w, https:\/\/justicapotiguar.com.br\/wp-content\/uploads\/2021\/01\/divulgacao-luiz-fux-1500-25062020160505370-300x199.jpeg 300w\" sizes=\"(max-width: 460px) 100vw, 460px\" \/><figcaption>Reprodu\u00e7\u00e3o<\/figcaption><\/figure>\n\n\n\n<p>O ministro Luiz Fux, presidente do STF, decidiu que empate no julgamento de a\u00e7\u00e3o penal n\u00e3o absolve o r\u00e9u. A determina\u00e7\u00e3o \u00e9 v\u00e1lida para momentos em que a Corte estiver com um ministro a menos, como \u00e9 o caso de agora.<\/p>\n\n\n\n<p>A decis\u00e3o de Fux acontece ap\u00f3s o ministro Gilmar Mendes levantar uma quest\u00e3o de ordem solicitada pela defesa do ex-deputado Andr\u00e9 Moura, que em setembro teve o julgamento de uma a\u00e7\u00e3o penal (AP 969) finalizado em 5 a 5.<\/p>\n\n\n\n<p>Ministro Fux, presidente do STF.(Imagem: Fellipe Sampaio\/STF)<br>Entenda<\/p>\n\n\n\n<p>Em setembro, o plen\u00e1rio do STF condenou o ex-deputado federal Andr\u00e9 Moura, acusado de desvio e apropria\u00e7\u00e3o de recursos p\u00fablicos na prefeitura de&nbsp;Pirambu\/SE.&nbsp;Em duas a\u00e7\u00f5es, o ex-parlamentar foi condenado, por 6 votos a 4, a 8 anos e 3 meses de pris\u00e3o. Em um terceiro processo, a vota\u00e7\u00e3o terminou em 5 a 5 e Fux determinou que o julgamento fosse retomado apenas quando o 11\u00ba ministro fosse nomeado.<\/p>\n\n\n\n<p>Lembrando que a Corte est\u00e1 com 10 integrantes desde a aposentadoria de Marco Aur\u00e9lio, em julho. A sabatina de Andr\u00e9 Mendon\u00e7a, indicado por Bolsonaro ao cargo, est\u00e1 marcada para amanh\u00e3, 1\u00ba\/12.<\/p><div class=\"makhl69ee0e0e15adb\" ><!--<a href=\"https:\/\/bit.ly\/3QdrqTZ\" target=\"_blank\">\n<img src=\"https:\/\/justicapotiguar.com.br\/wp-content\/uploads\/2023\/09\/mobile-geral.gif\"\/><a\/>--><\/div><style type=\"text\/css\">\r\n.makhl69ee0e0e15adb {\r\ntext-align: center;\r\n}\r\n@media screen and (min-width: 1201px) {\r\n.makhl69ee0e0e15adb {\r\ndisplay: none;\r\n}\r\n}\r\n@media screen and (min-width: 993px) and (max-width: 1200px) {\r\n.makhl69ee0e0e15adb {\r\ndisplay: none;\r\n}\r\n}\r\n@media screen and (min-width: 769px) and (max-width: 992px) {\r\n.makhl69ee0e0e15adb {\r\ndisplay: none;\r\n}\r\n}\r\n@media screen and (min-width: 768px) and (max-width: 768px) {\r\n.makhl69ee0e0e15adb {\r\ndisplay: block;\r\n}\r\n}\r\n@media screen and (max-width: 767px) {\r\n.makhl69ee0e0e15adb {\r\ndisplay: block;\r\n}\r\n}\r\n<\/style>\r\n<div class=\"ykqid69ee0e0e15abf\" ><!--<a href=\"https:\/\/bit.ly\/3QdrqTZ\" target=\"_blank\">\n<img src=\"https:\/\/justicapotiguar.com.br\/wp-content\/uploads\/2023\/09\/desktop-geral.gif\"\/><a\/>--><\/div><style type=\"text\/css\">\r\n.ykqid69ee0e0e15abf {\r\ntext-align: center;\nmargin-bottom: 1em;\r\n}\r\n@media screen and (min-width: 1201px) {\r\n.ykqid69ee0e0e15abf {\r\ndisplay: block;\r\n}\r\n}\r\n@media screen and (min-width: 993px) and (max-width: 1200px) {\r\n.ykqid69ee0e0e15abf {\r\ndisplay: block;\r\n}\r\n}\r\n@media screen and (min-width: 769px) and (max-width: 992px) {\r\n.ykqid69ee0e0e15abf {\r\ndisplay: block;\r\n}\r\n}\r\n@media screen and (min-width: 768px) and (max-width: 768px) {\r\n.ykqid69ee0e0e15abf {\r\ndisplay: none;\r\n}\r\n}\r\n@media screen and (max-width: 767px) {\r\n.ykqid69ee0e0e15abf {\r\ndisplay: none;\r\n}\r\n}\r\n<\/style>\r\n\n\n\n\n<p>Diante do impasse, a defesa de Andr\u00e9 Moura alegou que o empate na vota\u00e7\u00e3o deveria ser interpretado \u00e0 luz do princ\u00edpio que favorece o r\u00e9u, com a preserva\u00e7\u00e3o do status de inoc\u00eancia. Assim, pediu a revoga\u00e7\u00e3o da decis\u00e3o de suspens\u00e3o do julgamento e a subsequente proclama\u00e7\u00e3o do resultado absolut\u00f3rio.<\/p>\n\n\n\n<p>O presidente do STF, no entanto, rejeitou o pedido. Segundo Fux, a aplica\u00e7\u00e3o de normas por analogia exige que haja semelhan\u00e7a entre o caso n\u00e3o previsto na lei e aqueles disciplinados pela norma jur\u00eddica que se pretende aplicar para solucionar a controv\u00e9rsia.<\/p>\n\n\n\n<p>&#8220;A previs\u00e3o expressa e espec\u00edfica de &#8216;habeas corpus&#8217; e &#8216;recursos em mat\u00e9ria criminal&#8217; n\u00e3o admite extens\u00e3o a casos de distinta natureza.&#8221;<\/p>\n\n\n\n<p>Na avalia\u00e7\u00e3o de S. Exa., a solu\u00e7\u00e3o favor\u00e1vel em caso de empate no habeas corpus, portanto, constitui regra excepcional\u00edssima, que n\u00e3o pode ser estendida a casos distintos dos previstos.<\/p>\n\n\n\n<p>Processos: AP 969, 973 e 974<br>Leia a \u00edntegra da decis\u00e3o.<\/p>\n\n\n\n<p>Migalhas<\/p>\n","protected":false},"excerpt":{"rendered":"<p>O ministro Luiz Fux, presidente do STF, decidiu que empate no julgamento de a\u00e7\u00e3o penal n\u00e3o absolve o r\u00e9u. A determina\u00e7\u00e3o \u00e9 v\u00e1lida para momentos em que a Corte estiver com um ministro a menos, como \u00e9 o caso de agora. A decis\u00e3o de Fux acontece ap\u00f3s o ministro Gilmar Mendes levantar uma quest\u00e3o de<br \/><a class=\"more-link\" href=\"https:\/\/justicapotiguar.com.br\/index.php\/2021\/11\/30\/fux-decide-que-empate-nao-absolve-reu-em-acao-penal\/\">Mais&#8230;<\/a><\/p>\n","protected":false},"author":5,"featured_media":0,"comment_status":"open","ping_status":"open","sticky":false,"template":"","format":"standard","meta":[],"categories":[1],"tags":[],"_links":{"self":[{"href":"https:\/\/justicapotiguar.com.br\/index.php\/wp-json\/wp\/v2\/posts\/23172"}],"collection":[{"href":"https:\/\/justicapotiguar.com.br\/index.php\/wp-json\/wp\/v2\/posts"}],"about":[{"href":"https:\/\/justicapotiguar.com.br\/index.php\/wp-json\/wp\/v2\/types\/post"}],"author":[{"embeddable":true,"href":"https:\/\/justicapotiguar.com.br\/index.php\/wp-json\/wp\/v2\/users\/5"}],"replies":[{"embeddable":true,"href":"https:\/\/justicapotiguar.com.br\/index.php\/wp-json\/wp\/v2\/comments?post=23172"}],"version-history":[{"count":2,"href":"https:\/\/justicapotiguar.com.br\/index.php\/wp-json\/wp\/v2\/posts\/23172\/revisions"}],"predecessor-version":[{"id":23176,"href":"https:\/\/justicapotiguar.com.br\/index.php\/wp-json\/wp\/v2\/posts\/23172\/revisions\/23176"}],"wp:attachment":[{"href":"https:\/\/justicapotiguar.com.br\/index.php\/wp-json\/wp\/v2\/media?parent=23172"}],"wp:term":[{"taxonomy":"category","embeddable":true,"href":"https:\/\/justicapotiguar.com.br\/index.php\/wp-json\/wp\/v2\/categories?post=23172"},{"taxonomy":"post_tag","embeddable":true,"href":"https:\/\/justicapotiguar.com.br\/index.php\/wp-json\/wp\/v2\/tags?post=23172"}],"curies":[{"name":"wp","href":"https:\/\/api.w.org\/{rel}","templated":true}]}}