{"id":23048,"date":"2021-11-23T11:39:38","date_gmt":"2021-11-23T14:39:38","guid":{"rendered":"https:\/\/justicapotiguar.com.br\/?p=23048"},"modified":"2021-11-23T11:39:38","modified_gmt":"2021-11-23T14:39:38","slug":"maioria-do-stf-autoriza-expansao-do-auxilio-brasil-em-2022","status":"publish","type":"post","link":"https:\/\/justicapotiguar.com.br\/index.php\/2021\/11\/23\/maioria-do-stf-autoriza-expansao-do-auxilio-brasil-em-2022\/","title":{"rendered":"Maioria do STF autoriza expans\u00e3o do Aux\u00edlio Brasil em 2022"},"content":{"rendered":"\n<p>A maioria dos ministros do STF (Supremo Tribunal Federal) decidiu autorizar a expans\u00e3o do Aux\u00edlio Brasil \u2014 programa social que substitui o Bolsa Fam\u00edlia \u2014 mesmo em ano eleitoral. A legisla\u00e7\u00e3o veda aumento de gastos com esse tipo de pol\u00edtica a partir de 1\u00ba de janeiro do ano corrente do pleito. No entanto, para os magistrados, o alargamento do programa pode ocorrer para cumprir decis\u00e3o da Justi\u00e7a.<\/p>\n\n\n\n<figure class=\"wp-block-image size-large\"><img loading=\"lazy\" width=\"679\" height=\"384\" src=\"https:\/\/justicapotiguar.com.br\/wp-content\/uploads\/2020\/03\/8263BF040AB4A04B906793674A71A2939D67_dinheiro.jpg\" alt=\"\" class=\"wp-image-8100\" srcset=\"https:\/\/justicapotiguar.com.br\/wp-content\/uploads\/2020\/03\/8263BF040AB4A04B906793674A71A2939D67_dinheiro.jpg 679w, https:\/\/justicapotiguar.com.br\/wp-content\/uploads\/2020\/03\/8263BF040AB4A04B906793674A71A2939D67_dinheiro-300x170.jpg 300w\" sizes=\"(max-width: 679px) 100vw, 679px\" \/><figcaption>Reprodu\u00e7\u00e3o<\/figcaption><\/figure>\n\n\n\n<p>Pelo menos oito ministros seguiram o voto do relator, ministro Gilmar Mendes, e entenderam que a lei eleitoral n\u00e3o pode limitar as a\u00e7\u00f5es do governo para cumprir determina\u00e7\u00f5es da Justi\u00e7a. Gilmar afirmou que o combate \u00e0 pobreza e \u00e0 extrema pobreza \u00e9 obriga\u00e7\u00e3o do Estado e n\u00e3o pode ser visto como medida de finalidade meramente eleitoreira.<\/p>\n\n\n\n<p>&#8220;No caso em apre\u00e7o, a colmata\u00e7\u00e3o da omiss\u00e3o inconstitucional determinada pelo Poder Judici\u00e1rio, longe de se enquadrar em oportunismo eleitoreiro ou em promo\u00e7\u00e3o de uma eventual candidatura, apenas concretiza um dos objetivos da Rep\u00fablica Federativa do Brasil, previsto no art. 3\u00ba, inciso III, que \u00e9 erradicar a pobreza e a marginaliza\u00e7\u00e3o e reduzir as desigualdades sociais e regionais\u201d, escreveu o magistrado.<\/p><div class=\"ksova69f51dd89ee4d\" ><!--<a href=\"https:\/\/bit.ly\/3QdrqTZ\" target=\"_blank\">\n<img src=\"https:\/\/justicapotiguar.com.br\/wp-content\/uploads\/2023\/09\/mobile-geral.gif\"\/><a\/>--><\/div><style type=\"text\/css\">\r\n.ksova69f51dd89ee4d {\r\ntext-align: center;\r\n}\r\n@media screen and (min-width: 1201px) {\r\n.ksova69f51dd89ee4d {\r\ndisplay: none;\r\n}\r\n}\r\n@media screen and (min-width: 993px) and (max-width: 1200px) {\r\n.ksova69f51dd89ee4d {\r\ndisplay: none;\r\n}\r\n}\r\n@media screen and (min-width: 769px) and (max-width: 992px) {\r\n.ksova69f51dd89ee4d {\r\ndisplay: none;\r\n}\r\n}\r\n@media screen and (min-width: 768px) and (max-width: 768px) {\r\n.ksova69f51dd89ee4d {\r\ndisplay: block;\r\n}\r\n}\r\n@media screen and (max-width: 767px) {\r\n.ksova69f51dd89ee4d {\r\ndisplay: block;\r\n}\r\n}\r\n<\/style>\r\n<div class=\"zvcol69f51dd89ee33\" ><!--<a href=\"https:\/\/bit.ly\/3QdrqTZ\" target=\"_blank\">\n<img src=\"https:\/\/justicapotiguar.com.br\/wp-content\/uploads\/2023\/09\/desktop-geral.gif\"\/><a\/>--><\/div><style type=\"text\/css\">\r\n.zvcol69f51dd89ee33 {\r\ntext-align: center;\nmargin-bottom: 1em;\r\n}\r\n@media screen and (min-width: 1201px) {\r\n.zvcol69f51dd89ee33 {\r\ndisplay: block;\r\n}\r\n}\r\n@media screen and (min-width: 993px) and (max-width: 1200px) {\r\n.zvcol69f51dd89ee33 {\r\ndisplay: block;\r\n}\r\n}\r\n@media screen and (min-width: 769px) and (max-width: 992px) {\r\n.zvcol69f51dd89ee33 {\r\ndisplay: block;\r\n}\r\n}\r\n@media screen and (min-width: 768px) and (max-width: 768px) {\r\n.zvcol69f51dd89ee33 {\r\ndisplay: none;\r\n}\r\n}\r\n@media screen and (max-width: 767px) {\r\n.zvcol69f51dd89ee33 {\r\ndisplay: none;\r\n}\r\n}\r\n<\/style>\r\n\n\n\n\n<p>C\u00e1rmen L\u00facia, Lu\u00eds Roberto Barroso, Edson Fachin, Rosa Weber, Luiz Fux, Alexandre de Moraes, Ricardo Lewandowski e Dias Toffoli seguiram o voto do ministro Gilmar Mendes. O ministro K\u00e1ssio Nunes n\u00e3o havia votado at\u00e9 a publica\u00e7\u00e3o desta mat\u00e9ria. O julgamento come\u00e7ou no dia 12 e se encerra nesta segunda-feira (22).<\/p>\n\n\n\n<p>R7<\/p>\n","protected":false},"excerpt":{"rendered":"<p>A maioria dos ministros do STF (Supremo Tribunal Federal) decidiu autorizar a expans\u00e3o do Aux\u00edlio Brasil \u2014 programa social que substitui o Bolsa Fam\u00edlia \u2014 mesmo em ano eleitoral. A legisla\u00e7\u00e3o veda aumento de gastos com esse tipo de pol\u00edtica a partir de 1\u00ba de janeiro do ano corrente do pleito. No entanto, para os<br \/><a class=\"more-link\" href=\"https:\/\/justicapotiguar.com.br\/index.php\/2021\/11\/23\/maioria-do-stf-autoriza-expansao-do-auxilio-brasil-em-2022\/\">Mais&#8230;<\/a><\/p>\n","protected":false},"author":5,"featured_media":0,"comment_status":"open","ping_status":"open","sticky":false,"template":"","format":"standard","meta":[],"categories":[1],"tags":[],"_links":{"self":[{"href":"https:\/\/justicapotiguar.com.br\/index.php\/wp-json\/wp\/v2\/posts\/23048"}],"collection":[{"href":"https:\/\/justicapotiguar.com.br\/index.php\/wp-json\/wp\/v2\/posts"}],"about":[{"href":"https:\/\/justicapotiguar.com.br\/index.php\/wp-json\/wp\/v2\/types\/post"}],"author":[{"embeddable":true,"href":"https:\/\/justicapotiguar.com.br\/index.php\/wp-json\/wp\/v2\/users\/5"}],"replies":[{"embeddable":true,"href":"https:\/\/justicapotiguar.com.br\/index.php\/wp-json\/wp\/v2\/comments?post=23048"}],"version-history":[{"count":1,"href":"https:\/\/justicapotiguar.com.br\/index.php\/wp-json\/wp\/v2\/posts\/23048\/revisions"}],"predecessor-version":[{"id":23049,"href":"https:\/\/justicapotiguar.com.br\/index.php\/wp-json\/wp\/v2\/posts\/23048\/revisions\/23049"}],"wp:attachment":[{"href":"https:\/\/justicapotiguar.com.br\/index.php\/wp-json\/wp\/v2\/media?parent=23048"}],"wp:term":[{"taxonomy":"category","embeddable":true,"href":"https:\/\/justicapotiguar.com.br\/index.php\/wp-json\/wp\/v2\/categories?post=23048"},{"taxonomy":"post_tag","embeddable":true,"href":"https:\/\/justicapotiguar.com.br\/index.php\/wp-json\/wp\/v2\/tags?post=23048"}],"curies":[{"name":"wp","href":"https:\/\/api.w.org\/{rel}","templated":true}]}}