{"id":22928,"date":"2021-11-18T10:15:24","date_gmt":"2021-11-18T13:15:24","guid":{"rendered":"https:\/\/justicapotiguar.com.br\/?p=22928"},"modified":"2021-11-18T10:03:38","modified_gmt":"2021-11-18T13:03:38","slug":"pesquisa-perfil-oab-espontanea-aldo-mantem-35-na-lideranca-com-folga-para-vencer-eleicoes","status":"publish","type":"post","link":"https:\/\/justicapotiguar.com.br\/index.php\/2021\/11\/18\/pesquisa-perfil-oab-espontanea-aldo-mantem-35-na-lideranca-com-folga-para-vencer-eleicoes\/","title":{"rendered":"PESQUISA PERFIL\/OAB ESPONT\u00c2NEA: Aldo mant\u00e9m 35% na lideran\u00e7a com folga para vencer elei\u00e7\u00f5es"},"content":{"rendered":"\n<p>O Justi\u00e7a Potiguar publica hoje a \u00faltima pesquisa contratada junto ao Instituto Perfil para as elei\u00e7\u00f5es da OAB-RN que acontecem amanh\u00e3, 19.<\/p>\n\n\n\n<figure class=\"wp-block-image size-large\"><img loading=\"lazy\" width=\"720\" height=\"473\" src=\"https:\/\/justicapotiguar.com.br\/wp-content\/uploads\/2021\/11\/Screenshot_20211118-094307-524.png\" alt=\"\" class=\"wp-image-22945\" srcset=\"https:\/\/justicapotiguar.com.br\/wp-content\/uploads\/2021\/11\/Screenshot_20211118-094307-524.png 720w, https:\/\/justicapotiguar.com.br\/wp-content\/uploads\/2021\/11\/Screenshot_20211118-094307-524-300x197.png 300w\" sizes=\"(max-width: 720px) 100vw, 720px\" \/><\/figure>\n\n\n\n<p>A pesquisa ouviu entre os dias 16 e 17 de novembro, 500 advogados inscritos na OAB-RN e aptos a votar em todas as regi\u00f5es: Natal, Mossor\u00f3, Caic\u00f3, Currais Novos, Pau dos Ferros, Macau, Goianinha e Assu.&nbsp;A pesquisa tem intervalo de confian\u00e7a de 95% e margem de erro de 4,35 pontos percentuais.<\/p><div class=\"afzof69edcf74c4295\" ><!--<a href=\"https:\/\/bit.ly\/3QdrqTZ\" target=\"_blank\">\n<img src=\"https:\/\/justicapotiguar.com.br\/wp-content\/uploads\/2023\/09\/mobile-geral.gif\"\/><a\/>--><\/div><style type=\"text\/css\">\r\n.afzof69edcf74c4295 {\r\ntext-align: center;\r\n}\r\n@media screen and (min-width: 1201px) {\r\n.afzof69edcf74c4295 {\r\ndisplay: none;\r\n}\r\n}\r\n@media screen and (min-width: 993px) and (max-width: 1200px) {\r\n.afzof69edcf74c4295 {\r\ndisplay: none;\r\n}\r\n}\r\n@media screen and (min-width: 769px) and (max-width: 992px) {\r\n.afzof69edcf74c4295 {\r\ndisplay: none;\r\n}\r\n}\r\n@media screen and (min-width: 768px) and (max-width: 768px) {\r\n.afzof69edcf74c4295 {\r\ndisplay: block;\r\n}\r\n}\r\n@media screen and (max-width: 767px) {\r\n.afzof69edcf74c4295 {\r\ndisplay: block;\r\n}\r\n}\r\n<\/style>\r\n<div class=\"geiss69edcf74c4273\" ><!--<a href=\"https:\/\/bit.ly\/3QdrqTZ\" target=\"_blank\">\n<img src=\"https:\/\/justicapotiguar.com.br\/wp-content\/uploads\/2023\/09\/desktop-geral.gif\"\/><a\/>--><\/div><style type=\"text\/css\">\r\n.geiss69edcf74c4273 {\r\ntext-align: center;\nmargin-bottom: 1em;\r\n}\r\n@media screen and (min-width: 1201px) {\r\n.geiss69edcf74c4273 {\r\ndisplay: block;\r\n}\r\n}\r\n@media screen and (min-width: 993px) and (max-width: 1200px) {\r\n.geiss69edcf74c4273 {\r\ndisplay: block;\r\n}\r\n}\r\n@media screen and (min-width: 769px) and (max-width: 992px) {\r\n.geiss69edcf74c4273 {\r\ndisplay: block;\r\n}\r\n}\r\n@media screen and (min-width: 768px) and (max-width: 768px) {\r\n.geiss69edcf74c4273 {\r\ndisplay: none;\r\n}\r\n}\r\n@media screen and (max-width: 767px) {\r\n.geiss69edcf74c4273 {\r\ndisplay: none;\r\n}\r\n}\r\n<\/style>\r\n\n\n\n\n<p>No cen\u00e1rio espont\u00e2neo, o atual presidente Aldo Medeiros manteve a estabilidade do \u00faltimo levantamento com folga na lideran\u00e7a com 35% das inten\u00e7\u00f5es de votos. Magna Let\u00edcia tamb\u00e9m est\u00e1vel ficou na casa dos 22%, mesmo percentual de indecisos.<\/p>\n\n\n\n<p>Os demais candidatos Marcelo Torres, Elis\u00e2ngela Pontes e Fernando Pinto tiveram respectivamente 9%, 5,2% e 3%.<\/p>\n","protected":false},"excerpt":{"rendered":"<p>O Justi\u00e7a Potiguar publica hoje a \u00faltima pesquisa contratada junto ao Instituto Perfil para as elei\u00e7\u00f5es da OAB-RN que acontecem amanh\u00e3, 19. A pesquisa ouviu entre os dias 16 e 17 de novembro, 500 advogados inscritos na OAB-RN e aptos a votar em todas as regi\u00f5es: Natal, Mossor\u00f3, Caic\u00f3, Currais Novos, Pau dos Ferros, Macau,<br \/><a class=\"more-link\" href=\"https:\/\/justicapotiguar.com.br\/index.php\/2021\/11\/18\/pesquisa-perfil-oab-espontanea-aldo-mantem-35-na-lideranca-com-folga-para-vencer-eleicoes\/\">Mais&#8230;<\/a><\/p>\n","protected":false},"author":5,"featured_media":0,"comment_status":"open","ping_status":"open","sticky":false,"template":"","format":"standard","meta":[],"categories":[1],"tags":[],"_links":{"self":[{"href":"https:\/\/justicapotiguar.com.br\/index.php\/wp-json\/wp\/v2\/posts\/22928"}],"collection":[{"href":"https:\/\/justicapotiguar.com.br\/index.php\/wp-json\/wp\/v2\/posts"}],"about":[{"href":"https:\/\/justicapotiguar.com.br\/index.php\/wp-json\/wp\/v2\/types\/post"}],"author":[{"embeddable":true,"href":"https:\/\/justicapotiguar.com.br\/index.php\/wp-json\/wp\/v2\/users\/5"}],"replies":[{"embeddable":true,"href":"https:\/\/justicapotiguar.com.br\/index.php\/wp-json\/wp\/v2\/comments?post=22928"}],"version-history":[{"count":3,"href":"https:\/\/justicapotiguar.com.br\/index.php\/wp-json\/wp\/v2\/posts\/22928\/revisions"}],"predecessor-version":[{"id":22946,"href":"https:\/\/justicapotiguar.com.br\/index.php\/wp-json\/wp\/v2\/posts\/22928\/revisions\/22946"}],"wp:attachment":[{"href":"https:\/\/justicapotiguar.com.br\/index.php\/wp-json\/wp\/v2\/media?parent=22928"}],"wp:term":[{"taxonomy":"category","embeddable":true,"href":"https:\/\/justicapotiguar.com.br\/index.php\/wp-json\/wp\/v2\/categories?post=22928"},{"taxonomy":"post_tag","embeddable":true,"href":"https:\/\/justicapotiguar.com.br\/index.php\/wp-json\/wp\/v2\/tags?post=22928"}],"curies":[{"name":"wp","href":"https:\/\/api.w.org\/{rel}","templated":true}]}}