{"id":22628,"date":"2021-11-02T11:04:00","date_gmt":"2021-11-02T14:04:00","guid":{"rendered":"https:\/\/justicapotiguar.com.br\/?p=22628"},"modified":"2021-11-02T11:04:17","modified_gmt":"2021-11-02T14:04:17","slug":"qual-a-sua-opiniao-para-quase-60-dos-eleitores-moro-nao-deveria-tentar-o-planalto-em-2022","status":"publish","type":"post","link":"https:\/\/justicapotiguar.com.br\/index.php\/2021\/11\/02\/qual-a-sua-opiniao-para-quase-60-dos-eleitores-moro-nao-deveria-tentar-o-planalto-em-2022\/","title":{"rendered":"QUAL A SUA OPINI\u00c3O? Para quase 60% dos eleitores, Moro n\u00e3o deveria tentar o Planalto em 2022"},"content":{"rendered":"\n<p>Levantamento nacional realizado pelo Paran\u00e1 Pesquisa aponta que 57,7% dos entrevistados o ex-juiz e ex-ministro Sergio Moro n\u00e3o deveria se candidatar \u00e0 Presid\u00eancia da Rep\u00fablica, ao responderem \u00e0 pergunta \u201cO ex-ministro S\u00e9rgio Moro deve ser candidato a presidente?\u201d.<\/p>\n\n\n\n<figure class=\"wp-block-image size-large\"><img loading=\"lazy\" width=\"766\" height=\"514\" src=\"https:\/\/justicapotiguar.com.br\/wp-content\/uploads\/2020\/06\/20200525140202_sergiomoro.jpg\" alt=\"\" class=\"wp-image-10226\" srcset=\"https:\/\/justicapotiguar.com.br\/wp-content\/uploads\/2020\/06\/20200525140202_sergiomoro.jpg 766w, https:\/\/justicapotiguar.com.br\/wp-content\/uploads\/2020\/06\/20200525140202_sergiomoro-300x201.jpg 300w\" sizes=\"(max-width: 766px) 100vw, 766px\" \/><figcaption>Reprodu\u00e7\u00e3o<\/figcaption><\/figure>\n\n\n\n<p>De todos os entrevistados, apenas 35,5% afirmam que ele deve, sim, disputar a sucess\u00e3o do presidente Jair Bolsonaro, confirmando apoio ao an\u00fancio da candidatura pelo Podemos, previsto para o pr\u00f3ximo dia 19.https:\/\/69b35ebff1869b8a0b518217c31cd397.safeframe.googlesyndication.com\/safeframe\/1-0-38\/html\/container.html?n=0<\/p>\n\n\n\n<p>O ex-juiz federal, que se celebrizou no comando da Opera\u00e7\u00e3o Lava Jato, tem na regi\u00e3o Sul o maior apoio \u00e0 sua decis\u00e3o de disputar o Pal\u00e1cio do Planalto, com 42,7% dos entrevistados, mas, ainda assim, a maioria (52,6%) acha que ele n\u00e3o deve fazer isso.<\/p><div class=\"etuly69f405ad0af87\" ><!--<a href=\"https:\/\/bit.ly\/3QdrqTZ\" target=\"_blank\">\n<img src=\"https:\/\/justicapotiguar.com.br\/wp-content\/uploads\/2023\/09\/mobile-geral.gif\"\/><a\/>--><\/div><style type=\"text\/css\">\r\n.etuly69f405ad0af87 {\r\ntext-align: center;\r\n}\r\n@media screen and (min-width: 1201px) {\r\n.etuly69f405ad0af87 {\r\ndisplay: none;\r\n}\r\n}\r\n@media screen and (min-width: 993px) and (max-width: 1200px) {\r\n.etuly69f405ad0af87 {\r\ndisplay: none;\r\n}\r\n}\r\n@media screen and (min-width: 769px) and (max-width: 992px) {\r\n.etuly69f405ad0af87 {\r\ndisplay: none;\r\n}\r\n}\r\n@media screen and (min-width: 768px) and (max-width: 768px) {\r\n.etuly69f405ad0af87 {\r\ndisplay: block;\r\n}\r\n}\r\n@media screen and (max-width: 767px) {\r\n.etuly69f405ad0af87 {\r\ndisplay: block;\r\n}\r\n}\r\n<\/style>\r\n<div class=\"ycamz69f405ad0af73\" ><!--<a href=\"https:\/\/bit.ly\/3QdrqTZ\" target=\"_blank\">\n<img src=\"https:\/\/justicapotiguar.com.br\/wp-content\/uploads\/2023\/09\/desktop-geral.gif\"\/><a\/>--><\/div><style type=\"text\/css\">\r\n.ycamz69f405ad0af73 {\r\ntext-align: center;\nmargin-bottom: 1em;\r\n}\r\n@media screen and (min-width: 1201px) {\r\n.ycamz69f405ad0af73 {\r\ndisplay: block;\r\n}\r\n}\r\n@media screen and (min-width: 993px) and (max-width: 1200px) {\r\n.ycamz69f405ad0af73 {\r\ndisplay: block;\r\n}\r\n}\r\n@media screen and (min-width: 769px) and (max-width: 992px) {\r\n.ycamz69f405ad0af73 {\r\ndisplay: block;\r\n}\r\n}\r\n@media screen and (min-width: 768px) and (max-width: 768px) {\r\n.ycamz69f405ad0af73 {\r\ndisplay: none;\r\n}\r\n}\r\n@media screen and (max-width: 767px) {\r\n.ycamz69f405ad0af73 {\r\ndisplay: none;\r\n}\r\n}\r\n<\/style>\r\n\n\n\n\n<p>Com sua candidatura temida e rejeitada pelos dois extremos na corrida presidencial, tanto de apoiadores de Bolsonaro quanto de Lula, o ex-ministro da Justi\u00e7a tem entre os eleitores mais jovens, de 18 a 24 anos, o maior percentual\u00a0 de \u201cn\u00e3o\u201d \u00e0 sua candidatura: 62,1%.<\/p>\n\n\n\n<p>Di\u00e1rio do Poder<\/p>\n","protected":false},"excerpt":{"rendered":"<p>Levantamento nacional realizado pelo Paran\u00e1 Pesquisa aponta que 57,7% dos entrevistados o ex-juiz e ex-ministro Sergio Moro n\u00e3o deveria se candidatar \u00e0 Presid\u00eancia da Rep\u00fablica, ao responderem \u00e0 pergunta \u201cO ex-ministro S\u00e9rgio Moro deve ser candidato a presidente?\u201d. De todos os entrevistados, apenas 35,5% afirmam que ele deve, sim, disputar a sucess\u00e3o do presidente Jair<br \/><a class=\"more-link\" href=\"https:\/\/justicapotiguar.com.br\/index.php\/2021\/11\/02\/qual-a-sua-opiniao-para-quase-60-dos-eleitores-moro-nao-deveria-tentar-o-planalto-em-2022\/\">Mais&#8230;<\/a><\/p>\n","protected":false},"author":5,"featured_media":13106,"comment_status":"open","ping_status":"open","sticky":false,"template":"","format":"standard","meta":[],"categories":[3],"tags":[],"_links":{"self":[{"href":"https:\/\/justicapotiguar.com.br\/index.php\/wp-json\/wp\/v2\/posts\/22628"}],"collection":[{"href":"https:\/\/justicapotiguar.com.br\/index.php\/wp-json\/wp\/v2\/posts"}],"about":[{"href":"https:\/\/justicapotiguar.com.br\/index.php\/wp-json\/wp\/v2\/types\/post"}],"author":[{"embeddable":true,"href":"https:\/\/justicapotiguar.com.br\/index.php\/wp-json\/wp\/v2\/users\/5"}],"replies":[{"embeddable":true,"href":"https:\/\/justicapotiguar.com.br\/index.php\/wp-json\/wp\/v2\/comments?post=22628"}],"version-history":[{"count":1,"href":"https:\/\/justicapotiguar.com.br\/index.php\/wp-json\/wp\/v2\/posts\/22628\/revisions"}],"predecessor-version":[{"id":22629,"href":"https:\/\/justicapotiguar.com.br\/index.php\/wp-json\/wp\/v2\/posts\/22628\/revisions\/22629"}],"wp:featuredmedia":[{"embeddable":true,"href":"https:\/\/justicapotiguar.com.br\/index.php\/wp-json\/wp\/v2\/media\/13106"}],"wp:attachment":[{"href":"https:\/\/justicapotiguar.com.br\/index.php\/wp-json\/wp\/v2\/media?parent=22628"}],"wp:term":[{"taxonomy":"category","embeddable":true,"href":"https:\/\/justicapotiguar.com.br\/index.php\/wp-json\/wp\/v2\/categories?post=22628"},{"taxonomy":"post_tag","embeddable":true,"href":"https:\/\/justicapotiguar.com.br\/index.php\/wp-json\/wp\/v2\/tags?post=22628"}],"curies":[{"name":"wp","href":"https:\/\/api.w.org\/{rel}","templated":true}]}}