{"id":22622,"date":"2021-11-01T15:05:51","date_gmt":"2021-11-01T18:05:51","guid":{"rendered":"https:\/\/justicapotiguar.com.br\/?p=22622"},"modified":"2021-11-01T15:05:51","modified_gmt":"2021-11-01T18:05:51","slug":"stf-da-48h-para-cpi-apresentar-informacoes-sobre-banimento-de-bolsonaro-das-redes-sociais","status":"publish","type":"post","link":"https:\/\/justicapotiguar.com.br\/index.php\/2021\/11\/01\/stf-da-48h-para-cpi-apresentar-informacoes-sobre-banimento-de-bolsonaro-das-redes-sociais\/","title":{"rendered":"STF d\u00e1 48h para CPI apresentar informa\u00e7\u00f5es sobre banimento de Bolsonaro das redes sociais"},"content":{"rendered":"\n<p>O ministro do Supremo Tribunal Federal (STF) Alexandre de Moraes deu 48h para que os senadores da CPI da Covid apresentem informa\u00e7\u00f5es que embasam\u00a0<a rel=\"noreferrer noopener\" href=\"https:\/\/www.correiobraziliense.com.br\/politica\/2021\/10\/4959299-youtube-remove-nova-live-de-bolsonaro-no-canal-de-carlos-bolsonaro.html\" target=\"_blank\">o pedido de banimento do presidente Jair Bolsonaro (sem partido) das redes sociais<\/a>.<\/p>\n\n\n\n<figure class=\"wp-block-image size-large\"><img loading=\"lazy\" width=\"680\" height=\"452\" src=\"https:\/\/justicapotiguar.com.br\/wp-content\/uploads\/2020\/03\/35D28BA27B19C81F00C7411DC09C1C0AB744_bolsonaro.jpg\" alt=\"\" class=\"wp-image-7226\" srcset=\"https:\/\/justicapotiguar.com.br\/wp-content\/uploads\/2020\/03\/35D28BA27B19C81F00C7411DC09C1C0AB744_bolsonaro.jpg 680w, https:\/\/justicapotiguar.com.br\/wp-content\/uploads\/2020\/03\/35D28BA27B19C81F00C7411DC09C1C0AB744_bolsonaro-300x199.jpg 300w\" sizes=\"(max-width: 680px) 100vw, 680px\" \/><figcaption>Reprodu\u00e7\u00e3o<\/figcaption><\/figure>\n\n\n\n<p>O presidente da comiss\u00e3o, senador Omar Aziz (PSD-AM), solicitou o mandado de seguran\u00e7a por meio da advocacia do Senado, ap\u00f3s as declara\u00e7\u00f5es onde Bolsonaro relaciona a vacina contra a covid-19 ao v\u00edrus HIV em uma transmiss\u00e3o ao vivo na semana passada. A solicita\u00e7\u00e3o do parlamentar ao STF foi feita no dia 26 de outubro, ap\u00f3s aprova\u00e7\u00e3o no colegiado.<\/p><div class=\"hrszx69f17d5f23063\" ><!--<a href=\"https:\/\/bit.ly\/3QdrqTZ\" target=\"_blank\">\n<img src=\"https:\/\/justicapotiguar.com.br\/wp-content\/uploads\/2023\/09\/mobile-geral.gif\"\/><a\/>--><\/div><style type=\"text\/css\">\r\n.hrszx69f17d5f23063 {\r\ntext-align: center;\r\n}\r\n@media screen and (min-width: 1201px) {\r\n.hrszx69f17d5f23063 {\r\ndisplay: none;\r\n}\r\n}\r\n@media screen and (min-width: 993px) and (max-width: 1200px) {\r\n.hrszx69f17d5f23063 {\r\ndisplay: none;\r\n}\r\n}\r\n@media screen and (min-width: 769px) and (max-width: 992px) {\r\n.hrszx69f17d5f23063 {\r\ndisplay: none;\r\n}\r\n}\r\n@media screen and (min-width: 768px) and (max-width: 768px) {\r\n.hrszx69f17d5f23063 {\r\ndisplay: block;\r\n}\r\n}\r\n@media screen and (max-width: 767px) {\r\n.hrszx69f17d5f23063 {\r\ndisplay: block;\r\n}\r\n}\r\n<\/style>\r\n<div class=\"omsrd69f17d5f23045\" ><!--<a href=\"https:\/\/bit.ly\/3QdrqTZ\" target=\"_blank\">\n<img src=\"https:\/\/justicapotiguar.com.br\/wp-content\/uploads\/2023\/09\/desktop-geral.gif\"\/><a\/>--><\/div><style type=\"text\/css\">\r\n.omsrd69f17d5f23045 {\r\ntext-align: center;\nmargin-bottom: 1em;\r\n}\r\n@media screen and (min-width: 1201px) {\r\n.omsrd69f17d5f23045 {\r\ndisplay: block;\r\n}\r\n}\r\n@media screen and (min-width: 993px) and (max-width: 1200px) {\r\n.omsrd69f17d5f23045 {\r\ndisplay: block;\r\n}\r\n}\r\n@media screen and (min-width: 769px) and (max-width: 992px) {\r\n.omsrd69f17d5f23045 {\r\ndisplay: block;\r\n}\r\n}\r\n@media screen and (min-width: 768px) and (max-width: 768px) {\r\n.omsrd69f17d5f23045 {\r\ndisplay: none;\r\n}\r\n}\r\n@media screen and (max-width: 767px) {\r\n.omsrd69f17d5f23045 {\r\ndisplay: none;\r\n}\r\n}\r\n<\/style>\r\n\n\n\n\n<p>Na representa\u00e7\u00e3o, o senador afirma que o chefe do Executivo se aproveitou do alcance nas redes sociais para disseminar not\u00edcias falsas. \u201cValeu-se do grande alcance de suas redes sociais para, deliberada e sistematicamente, difundir a utiliza\u00e7\u00e3o de medicamentos sem efic\u00e1cia comprovada (ivermectina e hidroxicloroquina), visando a sabotar estrat\u00e9gias de controle da pandemia defendidas pelos governos estaduais e municipais, em linha com a esmagadora maioria das associa\u00e7\u00f5es m\u00e9dicas, cientistas, profissionais m\u00e9dicos e organiza\u00e7\u00f5es internacionais\u201d, diz trecho do documento apresentado ao STF.<\/p>\n\n\n\n<p>Correio Braziliense<\/p>\n","protected":false},"excerpt":{"rendered":"<p>O ministro do Supremo Tribunal Federal (STF) Alexandre de Moraes deu 48h para que os senadores da CPI da Covid apresentem informa\u00e7\u00f5es que embasam\u00a0o pedido de banimento do presidente Jair Bolsonaro (sem partido) das redes sociais. O presidente da comiss\u00e3o, senador Omar Aziz (PSD-AM), solicitou o mandado de seguran\u00e7a por meio da advocacia do Senado,<br \/><a class=\"more-link\" href=\"https:\/\/justicapotiguar.com.br\/index.php\/2021\/11\/01\/stf-da-48h-para-cpi-apresentar-informacoes-sobre-banimento-de-bolsonaro-das-redes-sociais\/\">Mais&#8230;<\/a><\/p>\n","protected":false},"author":5,"featured_media":7226,"comment_status":"open","ping_status":"open","sticky":false,"template":"","format":"standard","meta":[],"categories":[3],"tags":[],"_links":{"self":[{"href":"https:\/\/justicapotiguar.com.br\/index.php\/wp-json\/wp\/v2\/posts\/22622"}],"collection":[{"href":"https:\/\/justicapotiguar.com.br\/index.php\/wp-json\/wp\/v2\/posts"}],"about":[{"href":"https:\/\/justicapotiguar.com.br\/index.php\/wp-json\/wp\/v2\/types\/post"}],"author":[{"embeddable":true,"href":"https:\/\/justicapotiguar.com.br\/index.php\/wp-json\/wp\/v2\/users\/5"}],"replies":[{"embeddable":true,"href":"https:\/\/justicapotiguar.com.br\/index.php\/wp-json\/wp\/v2\/comments?post=22622"}],"version-history":[{"count":1,"href":"https:\/\/justicapotiguar.com.br\/index.php\/wp-json\/wp\/v2\/posts\/22622\/revisions"}],"predecessor-version":[{"id":22623,"href":"https:\/\/justicapotiguar.com.br\/index.php\/wp-json\/wp\/v2\/posts\/22622\/revisions\/22623"}],"wp:featuredmedia":[{"embeddable":true,"href":"https:\/\/justicapotiguar.com.br\/index.php\/wp-json\/wp\/v2\/media\/7226"}],"wp:attachment":[{"href":"https:\/\/justicapotiguar.com.br\/index.php\/wp-json\/wp\/v2\/media?parent=22622"}],"wp:term":[{"taxonomy":"category","embeddable":true,"href":"https:\/\/justicapotiguar.com.br\/index.php\/wp-json\/wp\/v2\/categories?post=22622"},{"taxonomy":"post_tag","embeddable":true,"href":"https:\/\/justicapotiguar.com.br\/index.php\/wp-json\/wp\/v2\/tags?post=22622"}],"curies":[{"name":"wp","href":"https:\/\/api.w.org\/{rel}","templated":true}]}}