{"id":22240,"date":"2021-10-15T12:19:00","date_gmt":"2021-10-15T15:19:00","guid":{"rendered":"https:\/\/justicapotiguar.com.br\/?p=22240"},"modified":"2021-10-15T09:26:27","modified_gmt":"2021-10-15T12:26:27","slug":"governadores-estudam-ir-ao-stf-contra-ajuste-no-icms-de-combustiveis","status":"publish","type":"post","link":"https:\/\/justicapotiguar.com.br\/index.php\/2021\/10\/15\/governadores-estudam-ir-ao-stf-contra-ajuste-no-icms-de-combustiveis\/","title":{"rendered":"Governadores estudam ir ao STF contra ajuste no ICMS de combust\u00edveis"},"content":{"rendered":"\n<p>Um grupo de governadores articulam recorrer ao Supremo Tribunal Federal (STF) contra o projeto aprovado na C\u00e2mara dos Deputados que ajusta o ICMS dos combust\u00edveis nos estados. Para o Comit\u00ea Nacional dos Secret\u00e1rios de Fazenda Estaduais (Comsefaz), a receita dos estados ser\u00e1 prejudicada caso a medida seja promulgada.<\/p>\n\n\n\n<p>A proposta estipula uma al\u00edquota fixa cobrada nos combust\u00edveis e usada como refer\u00eancia a cobran\u00e7a dos \u00faltimos dois anos. Segundo o Comsefaz, os estados podem perder at\u00e9 R$ 24 bilh\u00f5es e munic\u00edpios R$ 6 bilh\u00f5es.<\/p>\n\n\n\n<p>O governador do Rio de Janeiro, Cl\u00e1udio Castro (PL), afirmou que o preju\u00edzo aos estados \u00e9 irrepar\u00e1vel. A expectativa \u00e9 de recuo de R$ 1,3 bilh\u00e3o por ano apenas no estado carioca.<\/p>\n\n\n\n<p>&#8220;Se reduz\u00edssemos para 25%, uma al\u00edquota praticada em muitos estados, perder\u00edamos R$ 500 milh\u00f5es. O Rio de Janeiro topa rediscutir toda a cadeia para abaixar o pre\u00e7o para a popula\u00e7\u00e3o. O que n\u00e3o d\u00e1 \u00e9 cortar ICMS e a Petrobras continuar aumentando. Tem que ter uma pol\u00edtica para reduzir em toda a cadeia&#8221;, disse ao jornal&nbsp;<em>Folha de S. Paulo<\/em>&nbsp;.<\/p>\n\n\n\n<p>&#8220;\u00c9 um projeto que impacta muito o Rio de Janeiro. A perspectiva \u00e9 que o Rio perca quase R$ 1,3 bilh\u00e3o por ano. Um estado que est\u00e1 em recupera\u00e7\u00e3o fiscal&#8221;, concluiu.<\/p>\n\n\n\n<p>O projeto foi encaminhado ao Senado, que deve aprovar o projeto sem grandes resist\u00eancias. Na vis\u00e3o dos senadores, essa seria uma medida tempor\u00e1ria para reduzir os pre\u00e7os dos combust\u00edveis.<\/p><div class=\"kflpq69f435638fa56\" ><!--<a href=\"https:\/\/bit.ly\/3QdrqTZ\" target=\"_blank\">\n<img src=\"https:\/\/justicapotiguar.com.br\/wp-content\/uploads\/2023\/09\/mobile-geral.gif\"\/><a\/>--><\/div><style type=\"text\/css\">\r\n.kflpq69f435638fa56 {\r\ntext-align: center;\r\n}\r\n@media screen and (min-width: 1201px) {\r\n.kflpq69f435638fa56 {\r\ndisplay: none;\r\n}\r\n}\r\n@media screen and (min-width: 993px) and (max-width: 1200px) {\r\n.kflpq69f435638fa56 {\r\ndisplay: none;\r\n}\r\n}\r\n@media screen and (min-width: 769px) and (max-width: 992px) {\r\n.kflpq69f435638fa56 {\r\ndisplay: none;\r\n}\r\n}\r\n@media screen and (min-width: 768px) and (max-width: 768px) {\r\n.kflpq69f435638fa56 {\r\ndisplay: block;\r\n}\r\n}\r\n@media screen and (max-width: 767px) {\r\n.kflpq69f435638fa56 {\r\ndisplay: block;\r\n}\r\n}\r\n<\/style>\r\n<div class=\"eprkp69f435638fa41\" ><!--<a href=\"https:\/\/bit.ly\/3QdrqTZ\" target=\"_blank\">\n<img src=\"https:\/\/justicapotiguar.com.br\/wp-content\/uploads\/2023\/09\/desktop-geral.gif\"\/><a\/>--><\/div><style type=\"text\/css\">\r\n.eprkp69f435638fa41 {\r\ntext-align: center;\nmargin-bottom: 1em;\r\n}\r\n@media screen and (min-width: 1201px) {\r\n.eprkp69f435638fa41 {\r\ndisplay: block;\r\n}\r\n}\r\n@media screen and (min-width: 993px) and (max-width: 1200px) {\r\n.eprkp69f435638fa41 {\r\ndisplay: block;\r\n}\r\n}\r\n@media screen and (min-width: 769px) and (max-width: 992px) {\r\n.eprkp69f435638fa41 {\r\ndisplay: block;\r\n}\r\n}\r\n@media screen and (min-width: 768px) and (max-width: 768px) {\r\n.eprkp69f435638fa41 {\r\ndisplay: none;\r\n}\r\n}\r\n@media screen and (max-width: 767px) {\r\n.eprkp69f435638fa41 {\r\ndisplay: none;\r\n}\r\n}\r\n<\/style>\r\n\n\n\n\n<figure class=\"wp-block-image size-large\"><img loading=\"lazy\" width=\"906\" height=\"509\" src=\"https:\/\/justicapotiguar.com.br\/wp-content\/uploads\/2021\/10\/5u5dcrshqj8pxb2n8h3bah92k.jpg\" alt=\"\" class=\"wp-image-22241\" srcset=\"https:\/\/justicapotiguar.com.br\/wp-content\/uploads\/2021\/10\/5u5dcrshqj8pxb2n8h3bah92k.jpg 906w, https:\/\/justicapotiguar.com.br\/wp-content\/uploads\/2021\/10\/5u5dcrshqj8pxb2n8h3bah92k-300x169.jpg 300w, https:\/\/justicapotiguar.com.br\/wp-content\/uploads\/2021\/10\/5u5dcrshqj8pxb2n8h3bah92k-768x431.jpg 768w\" sizes=\"(max-width: 906px) 100vw, 906px\" \/><figcaption>Ilustrativa<\/figcaption><\/figure>\n\n\n\n<p>O governador do Piau\u00ed e presidente do Cons\u00f3rcio Nordeste, Wellington Dias (PT), rebate as declara\u00e7\u00f5es e lembra que os reajustes s\u00e3o praticados pela Petrobras. Segundo Dias, o Congresso Nacional n\u00e3o poderia intervir em um imposto estadual.<\/p>\n\n\n\n<p>\u201cEstou impressionado como votam no Congresso Nacional um projeto sobre tributa\u00e7\u00e3o estadual. N\u00e3o h\u00e1 autoriza\u00e7\u00e3o constitucional para aqueles preceitos\u201d, disse \u00e0&nbsp;<em>Folha<\/em>&nbsp;.<\/p>\n\n\n\n<p>O governador tamb\u00e9m lembrou que a aprova\u00e7\u00e3o do projeto refor\u00e7a a tese do presidente Jair Bolsonaro de que a culpa do pre\u00e7o dos combust\u00edveis \u00e9 dos estados. Para Dias, a afirma\u00e7\u00e3o \u00e9 temer\u00e1ria, j\u00e1 que a maioria dos estados n\u00e3o pratica reajuste no imposto h\u00e1 pelo menos um ano.<\/p>\n\n\n\n<p>\u201cO forte aumento que os pre\u00e7os dos combust\u00edveis sofreram nada tem a ver com ICMS. Os pre\u00e7os v\u00e3o continuar subindo e isso vai desmoralizar a todos\u201d, concluiu.<\/p>\n\n\n\n<p>IG<\/p>\n","protected":false},"excerpt":{"rendered":"<p>Um grupo de governadores articulam recorrer ao Supremo Tribunal Federal (STF) contra o projeto aprovado na C\u00e2mara dos Deputados que ajusta o ICMS dos combust\u00edveis nos estados. Para o Comit\u00ea Nacional dos Secret\u00e1rios de Fazenda Estaduais (Comsefaz), a receita dos estados ser\u00e1 prejudicada caso a medida seja promulgada. A proposta estipula uma al\u00edquota fixa cobrada<br \/><a class=\"more-link\" href=\"https:\/\/justicapotiguar.com.br\/index.php\/2021\/10\/15\/governadores-estudam-ir-ao-stf-contra-ajuste-no-icms-de-combustiveis\/\">Mais&#8230;<\/a><\/p>\n","protected":false},"author":5,"featured_media":22241,"comment_status":"open","ping_status":"open","sticky":false,"template":"","format":"standard","meta":[],"categories":[3],"tags":[],"_links":{"self":[{"href":"https:\/\/justicapotiguar.com.br\/index.php\/wp-json\/wp\/v2\/posts\/22240"}],"collection":[{"href":"https:\/\/justicapotiguar.com.br\/index.php\/wp-json\/wp\/v2\/posts"}],"about":[{"href":"https:\/\/justicapotiguar.com.br\/index.php\/wp-json\/wp\/v2\/types\/post"}],"author":[{"embeddable":true,"href":"https:\/\/justicapotiguar.com.br\/index.php\/wp-json\/wp\/v2\/users\/5"}],"replies":[{"embeddable":true,"href":"https:\/\/justicapotiguar.com.br\/index.php\/wp-json\/wp\/v2\/comments?post=22240"}],"version-history":[{"count":1,"href":"https:\/\/justicapotiguar.com.br\/index.php\/wp-json\/wp\/v2\/posts\/22240\/revisions"}],"predecessor-version":[{"id":22242,"href":"https:\/\/justicapotiguar.com.br\/index.php\/wp-json\/wp\/v2\/posts\/22240\/revisions\/22242"}],"wp:featuredmedia":[{"embeddable":true,"href":"https:\/\/justicapotiguar.com.br\/index.php\/wp-json\/wp\/v2\/media\/22241"}],"wp:attachment":[{"href":"https:\/\/justicapotiguar.com.br\/index.php\/wp-json\/wp\/v2\/media?parent=22240"}],"wp:term":[{"taxonomy":"category","embeddable":true,"href":"https:\/\/justicapotiguar.com.br\/index.php\/wp-json\/wp\/v2\/categories?post=22240"},{"taxonomy":"post_tag","embeddable":true,"href":"https:\/\/justicapotiguar.com.br\/index.php\/wp-json\/wp\/v2\/tags?post=22240"}],"curies":[{"name":"wp","href":"https:\/\/api.w.org\/{rel}","templated":true}]}}