{"id":22195,"date":"2021-10-13T13:38:00","date_gmt":"2021-10-13T16:38:00","guid":{"rendered":"https:\/\/justicapotiguar.com.br\/?p=22195"},"modified":"2021-10-13T10:40:33","modified_gmt":"2021-10-13T13:40:33","slug":"mprn-obtem-sentenca-para-que-prefeitura-torne-acessiveis-os-abrigos-de-passageiros-em-natal","status":"publish","type":"post","link":"https:\/\/justicapotiguar.com.br\/index.php\/2021\/10\/13\/mprn-obtem-sentenca-para-que-prefeitura-torne-acessiveis-os-abrigos-de-passageiros-em-natal\/","title":{"rendered":"MPRN obt\u00e9m senten\u00e7a para que Prefeitura torne acess\u00edveis os abrigos de passageiros em Natal"},"content":{"rendered":"\n<p><em><br><\/em><br>O Munic\u00edpio de Natal ter\u00e1 que no prazo de 60 meses corrigir um m\u00ednimo de 20% dos abrigos de passageiros, em cada ano. A corre\u00e7\u00e3o se destina a tornar os pontos de espera dos \u00f4nibus coletivos urbanos aptos ao acesso e uso das pessoas com defici\u00eancia ou com mobilidade reduzida. A medida \u00e9 uma ordem judicial e obtida pelo Minist\u00e9rio P\u00fablico do Rio Grande do Norte (MPRN) em uma a\u00e7\u00e3o civil p\u00fablica (ACP).<\/p><div class=\"kxewc69f5aaaa617bb\" ><!--<a href=\"https:\/\/bit.ly\/3QdrqTZ\" target=\"_blank\">\n<img src=\"https:\/\/justicapotiguar.com.br\/wp-content\/uploads\/2023\/09\/mobile-geral.gif\"\/><a\/>--><\/div><style type=\"text\/css\">\r\n.kxewc69f5aaaa617bb {\r\ntext-align: center;\r\n}\r\n@media screen and (min-width: 1201px) {\r\n.kxewc69f5aaaa617bb {\r\ndisplay: none;\r\n}\r\n}\r\n@media screen and (min-width: 993px) and (max-width: 1200px) {\r\n.kxewc69f5aaaa617bb {\r\ndisplay: none;\r\n}\r\n}\r\n@media screen and (min-width: 769px) and (max-width: 992px) {\r\n.kxewc69f5aaaa617bb {\r\ndisplay: none;\r\n}\r\n}\r\n@media screen and (min-width: 768px) and (max-width: 768px) {\r\n.kxewc69f5aaaa617bb {\r\ndisplay: block;\r\n}\r\n}\r\n@media screen and (max-width: 767px) {\r\n.kxewc69f5aaaa617bb {\r\ndisplay: block;\r\n}\r\n}\r\n<\/style>\r\n<div class=\"godsm69f5aaaa617a8\" ><!--<a href=\"https:\/\/bit.ly\/3QdrqTZ\" target=\"_blank\">\n<img src=\"https:\/\/justicapotiguar.com.br\/wp-content\/uploads\/2023\/09\/desktop-geral.gif\"\/><a\/>--><\/div><style type=\"text\/css\">\r\n.godsm69f5aaaa617a8 {\r\ntext-align: center;\nmargin-bottom: 1em;\r\n}\r\n@media screen and (min-width: 1201px) {\r\n.godsm69f5aaaa617a8 {\r\ndisplay: block;\r\n}\r\n}\r\n@media screen and (min-width: 993px) and (max-width: 1200px) {\r\n.godsm69f5aaaa617a8 {\r\ndisplay: block;\r\n}\r\n}\r\n@media screen and (min-width: 769px) and (max-width: 992px) {\r\n.godsm69f5aaaa617a8 {\r\ndisplay: block;\r\n}\r\n}\r\n@media screen and (min-width: 768px) and (max-width: 768px) {\r\n.godsm69f5aaaa617a8 {\r\ndisplay: none;\r\n}\r\n}\r\n@media screen and (max-width: 767px) {\r\n.godsm69f5aaaa617a8 {\r\ndisplay: none;\r\n}\r\n}\r\n<\/style>\r\n\n\n\n\n<figure class=\"wp-block-image size-large\"><img loading=\"lazy\" width=\"750\" height=\"500\" src=\"https:\/\/justicapotiguar.com.br\/wp-content\/uploads\/2020\/03\/onibus-RN-1.jpg\" alt=\"\" class=\"wp-image-8005\" srcset=\"https:\/\/justicapotiguar.com.br\/wp-content\/uploads\/2020\/03\/onibus-RN-1.jpg 750w, https:\/\/justicapotiguar.com.br\/wp-content\/uploads\/2020\/03\/onibus-RN-1-300x200.jpg 300w\" sizes=\"(max-width: 750px) 100vw, 750px\" \/><figcaption>Reprodu\u00e7\u00e3o<\/figcaption><\/figure>\n\n\n\n<p>O Munic\u00edpio conta com 669 abrigos, dos quais apenas 182 s\u00e3o acess\u00edveis, segundo dados apresentados pela Secretaria Municipal de Mobilidade Urbana de Natal (STTU).&nbsp;&nbsp;A Justi\u00e7a estabeleceu, em espec\u00edfico, que o Munic\u00edpio dever\u00e1 reformar ou substituir os abrigos de passageiros dos usu\u00e1rios de transporte coletivo do Munic\u00edpio de Natal, nos termos das normas e legisla\u00e7\u00e3o atinentes ao servi\u00e7o em quest\u00e3o, levando-se em considera\u00e7\u00e3o as normas de acessibilidade. E que a implanta\u00e7\u00e3o de novos abrigos de passageiros apenas dever\u00e1 ocorrer em locais acess\u00edveis e utilizando modelos que tamb\u00e9m atendam \u00e0s exig\u00eancias legais e normativas em mat\u00e9ria de acessibilidade.&nbsp;&nbsp;O descumprimento \u00e0s obriga\u00e7\u00f5es impostas (seja o anual ou o total) incidir\u00e1 em multa no valor de R$ 500 mil, a ser revertida em favor do pr\u00f3prio Munic\u00edpio \u00e0 medida que comprove o cumprimento, seja das parciais anuais ou da corre\u00e7\u00e3o integral.&nbsp;Antes de mover a a\u00e7\u00e3o, no entanto, o MPRN buscou extrajudicialmente o cumprimento da legisla\u00e7\u00e3o pertinente \u00e0 acessibilidade, sem, contudo, obter \u00eaxito. Foram realizadas v\u00e1rias audi\u00eancias e expedidas recomenda\u00e7\u00f5es para a obten\u00e7\u00e3o da reforma e da instala\u00e7\u00e3o de abrigos de passageiros de modo que atendessem \u00e0s exig\u00eancias legais e normativas em mat\u00e9ria de acessibilidade, al\u00e9m da instala\u00e7\u00e3o desses abrigos em locais acess\u00edveis. Uma das exig\u00eancias legais \u00e9 que sejam instalados nos abrigos totens em braile com informa\u00e7\u00f5es sobre os trajetos das linhas e hor\u00e1rio de circula\u00e7\u00e3o dos ve\u00edculos.&nbsp;&nbsp;Leia a senten\u00e7a na \u00edntegra, clicando&nbsp;<a href=\"https:\/\/www.mprn.mp.br\/portal\/images\/files\/2021\/20211007_Natal_sentenca_abrigo_acessivel.pdf\">aqui<\/a>.<\/p>\n","protected":false},"excerpt":{"rendered":"<p>O Munic\u00edpio de Natal ter\u00e1 que no prazo de 60 meses corrigir um m\u00ednimo de 20% dos abrigos de passageiros, em cada ano. A corre\u00e7\u00e3o se destina a tornar os pontos de espera dos \u00f4nibus coletivos urbanos aptos ao acesso e uso das pessoas com defici\u00eancia ou com mobilidade reduzida. A medida \u00e9 uma ordem<br \/><a class=\"more-link\" href=\"https:\/\/justicapotiguar.com.br\/index.php\/2021\/10\/13\/mprn-obtem-sentenca-para-que-prefeitura-torne-acessiveis-os-abrigos-de-passageiros-em-natal\/\">Mais&#8230;<\/a><\/p>\n","protected":false},"author":5,"featured_media":8005,"comment_status":"open","ping_status":"open","sticky":false,"template":"","format":"standard","meta":[],"categories":[3],"tags":[],"_links":{"self":[{"href":"https:\/\/justicapotiguar.com.br\/index.php\/wp-json\/wp\/v2\/posts\/22195"}],"collection":[{"href":"https:\/\/justicapotiguar.com.br\/index.php\/wp-json\/wp\/v2\/posts"}],"about":[{"href":"https:\/\/justicapotiguar.com.br\/index.php\/wp-json\/wp\/v2\/types\/post"}],"author":[{"embeddable":true,"href":"https:\/\/justicapotiguar.com.br\/index.php\/wp-json\/wp\/v2\/users\/5"}],"replies":[{"embeddable":true,"href":"https:\/\/justicapotiguar.com.br\/index.php\/wp-json\/wp\/v2\/comments?post=22195"}],"version-history":[{"count":1,"href":"https:\/\/justicapotiguar.com.br\/index.php\/wp-json\/wp\/v2\/posts\/22195\/revisions"}],"predecessor-version":[{"id":22196,"href":"https:\/\/justicapotiguar.com.br\/index.php\/wp-json\/wp\/v2\/posts\/22195\/revisions\/22196"}],"wp:featuredmedia":[{"embeddable":true,"href":"https:\/\/justicapotiguar.com.br\/index.php\/wp-json\/wp\/v2\/media\/8005"}],"wp:attachment":[{"href":"https:\/\/justicapotiguar.com.br\/index.php\/wp-json\/wp\/v2\/media?parent=22195"}],"wp:term":[{"taxonomy":"category","embeddable":true,"href":"https:\/\/justicapotiguar.com.br\/index.php\/wp-json\/wp\/v2\/categories?post=22195"},{"taxonomy":"post_tag","embeddable":true,"href":"https:\/\/justicapotiguar.com.br\/index.php\/wp-json\/wp\/v2\/tags?post=22195"}],"curies":[{"name":"wp","href":"https:\/\/api.w.org\/{rel}","templated":true}]}}