{"id":22150,"date":"2021-10-10T11:20:00","date_gmt":"2021-10-10T14:20:00","guid":{"rendered":"https:\/\/justicapotiguar.com.br\/?p=22150"},"modified":"2021-10-08T17:21:45","modified_gmt":"2021-10-08T20:21:45","slug":"lei-que-suspende-despejos-durante-a-pandemia-comeca-a-valer","status":"publish","type":"post","link":"https:\/\/justicapotiguar.com.br\/index.php\/2021\/10\/10\/lei-que-suspende-despejos-durante-a-pandemia-comeca-a-valer\/","title":{"rendered":"Lei que suspende despejos durante a pandemia come\u00e7a a valer"},"content":{"rendered":"\n<figure class=\"wp-block-image size-large\"><img loading=\"lazy\" width=\"1024\" height=\"538\" src=\"https:\/\/justicapotiguar.com.br\/wp-content\/uploads\/2020\/01\/X-casos-em-que-o-juiz-pode-anular-o-arremate-em-um-leilao-de-imoveis-1-1024x538.png\" alt=\"\" class=\"wp-image-5395\" srcset=\"https:\/\/justicapotiguar.com.br\/wp-content\/uploads\/2020\/01\/X-casos-em-que-o-juiz-pode-anular-o-arremate-em-um-leilao-de-imoveis-1-1024x538.png 1024w, https:\/\/justicapotiguar.com.br\/wp-content\/uploads\/2020\/01\/X-casos-em-que-o-juiz-pode-anular-o-arremate-em-um-leilao-de-imoveis-1-300x158.png 300w, https:\/\/justicapotiguar.com.br\/wp-content\/uploads\/2020\/01\/X-casos-em-que-o-juiz-pode-anular-o-arremate-em-um-leilao-de-imoveis-1-768x403.png 768w, https:\/\/justicapotiguar.com.br\/wp-content\/uploads\/2020\/01\/X-casos-em-que-o-juiz-pode-anular-o-arremate-em-um-leilao-de-imoveis-1.png 1200w\" sizes=\"(max-width: 1024px) 100vw, 1024px\" \/><figcaption>Ilustrativa<\/figcaption><\/figure>\n\n\n\n<p>O presidente da Rep\u00fablica, Jair Bolsonaro, promulgou a lei 14.216\/21, que suspende&nbsp;o despejo ou a desocupa\u00e7\u00e3o de im\u00f3veis urbanos at\u00e9 o fim deste ano em virtude da pandemia de coronav\u00edrus. O ato foi publicado na edi\u00e7\u00e3o desta sexta-feira, 8, do DOU.&nbsp;<\/p>\n\n\n\n<p>A norma \u00e9 resultado do PL 827\/20, que havia sido vetado integralmente por Bolsonaro. O veto foi derrubado posteriormente pelo Congresso. Conforme o par\u00e1grafo 5\u00ba do artigo 66 da Constitui\u00e7\u00e3o, quando um veto \u00e9 derrubado, a proposi\u00e7\u00e3o \u00e9 enviada pelo Legislativo ao presidente da Rep\u00fablica, que \u00e9 obrigado a promulg\u00e1-la.&nbsp;<\/p>\n\n\n\n<p>Com derrubada de veto, suspens\u00e3o de despejos na pandemia passa a valer.(Imagem: Pexels)<br>Com a lei, ficam suspensos, at\u00e9 o fim de 2021, os despejos determinados por a\u00e7\u00f5es em virtude do n\u00e3o pagamento de aluguel de im\u00f3veis comerciais, de at\u00e9 R$ 1,2 mil, e residenciais, de at\u00e9 R$ 600. O texto ainda suspende os atos praticados desde 20 de mar\u00e7o de 2020, com exce\u00e7\u00e3o dos j\u00e1 conclu\u00eddos.<\/p>\n\n\n\n<p>A norma tamb\u00e9m dispensa o locat\u00e1rio do pagamento de multa em caso de encerramento de loca\u00e7\u00e3o de im\u00f3vel decorrente de comprovada perda de capacidade econ\u00f4mica que inviabilize o cumprimento contratual. Al\u00e9m disso, autoriza a realiza\u00e7\u00e3o de aditivo em contrato de loca\u00e7\u00e3o por meio de correspond\u00eancias eletr\u00f4nicas ou de aplicativos de mensagens.<\/p>\n\n\n\n<p>Propriedade \u00fanica<\/p><div class=\"wbsqp69f393d52d632\" ><!--<a href=\"https:\/\/bit.ly\/3QdrqTZ\" target=\"_blank\">\n<img src=\"https:\/\/justicapotiguar.com.br\/wp-content\/uploads\/2023\/09\/mobile-geral.gif\"\/><a\/>--><\/div><style type=\"text\/css\">\r\n.wbsqp69f393d52d632 {\r\ntext-align: center;\r\n}\r\n@media screen and (min-width: 1201px) {\r\n.wbsqp69f393d52d632 {\r\ndisplay: none;\r\n}\r\n}\r\n@media screen and (min-width: 993px) and (max-width: 1200px) {\r\n.wbsqp69f393d52d632 {\r\ndisplay: none;\r\n}\r\n}\r\n@media screen and (min-width: 769px) and (max-width: 992px) {\r\n.wbsqp69f393d52d632 {\r\ndisplay: none;\r\n}\r\n}\r\n@media screen and (min-width: 768px) and (max-width: 768px) {\r\n.wbsqp69f393d52d632 {\r\ndisplay: block;\r\n}\r\n}\r\n@media screen and (max-width: 767px) {\r\n.wbsqp69f393d52d632 {\r\ndisplay: block;\r\n}\r\n}\r\n<\/style>\r\n<div class=\"vnpmn69f393d52d616\" ><!--<a href=\"https:\/\/bit.ly\/3QdrqTZ\" target=\"_blank\">\n<img src=\"https:\/\/justicapotiguar.com.br\/wp-content\/uploads\/2023\/09\/desktop-geral.gif\"\/><a\/>--><\/div><style type=\"text\/css\">\r\n.vnpmn69f393d52d616 {\r\ntext-align: center;\nmargin-bottom: 1em;\r\n}\r\n@media screen and (min-width: 1201px) {\r\n.vnpmn69f393d52d616 {\r\ndisplay: block;\r\n}\r\n}\r\n@media screen and (min-width: 993px) and (max-width: 1200px) {\r\n.vnpmn69f393d52d616 {\r\ndisplay: block;\r\n}\r\n}\r\n@media screen and (min-width: 769px) and (max-width: 992px) {\r\n.vnpmn69f393d52d616 {\r\ndisplay: block;\r\n}\r\n}\r\n@media screen and (min-width: 768px) and (max-width: 768px) {\r\n.vnpmn69f393d52d616 {\r\ndisplay: none;\r\n}\r\n}\r\n@media screen and (max-width: 767px) {\r\n.vnpmn69f393d52d616 {\r\ndisplay: none;\r\n}\r\n}\r\n<\/style>\r\n\n\n\n\n<p>A dispensa n\u00e3o vale no caso de o im\u00f3vel ser a \u00fanica propriedade do locador e o dinheiro do aluguel consistir em sua \u00fanica fonte de renda. A medida n\u00e3o valer\u00e1 para im\u00f3veis rurais.&nbsp;<\/p>\n\n\n\n<p>Derrubada do veto&nbsp;<\/p>\n\n\n\n<p>Quando vetou o projeto agora restaurado pelos parlamentares -, o presidente da Rep\u00fablica alegou que o texto &#8220;daria um salvo conduto para os ocupantes irregulares de im\u00f3veis p\u00fablicos&#8221;, que, segundo o presidente, &#8220;frequentemente agem em car\u00e1ter de m\u00e1 f\u00e9&#8221;. Na mensagem enviada ao Congresso Nacional naquele momento, Bolsonaro afirmou ainda que a medida poderia &#8220;consolidar ocupa\u00e7\u00f5es existentes, assim como ensejar danos patrimoniais insuscet\u00edveis de repara\u00e7\u00e3o&#8221;.&nbsp;<\/p>\n\n\n\n<p>Em 27 de setembro, o veto total foi rejeitado pelos congressistas.&nbsp;Na C\u00e2mara, o veto foi derrubado por 435 votos contra 6 (mais 2 absten\u00e7\u00f5es). No Senado, o veto caiu com 57 votos a 0. O PL 827\/20 ent\u00e3o seguiu para promulga\u00e7\u00e3o para virar lei.&nbsp;<\/p>\n\n\n\n<p>Fonte: Ag\u00eancia Senado<\/p>\n","protected":false},"excerpt":{"rendered":"<p>O presidente da Rep\u00fablica, Jair Bolsonaro, promulgou a lei 14.216\/21, que suspende&nbsp;o despejo ou a desocupa\u00e7\u00e3o de im\u00f3veis urbanos at\u00e9 o fim deste ano em virtude da pandemia de coronav\u00edrus. O ato foi publicado na edi\u00e7\u00e3o desta sexta-feira, 8, do DOU.&nbsp; A norma \u00e9 resultado do PL 827\/20, que havia sido vetado integralmente por Bolsonaro.<br \/><a class=\"more-link\" href=\"https:\/\/justicapotiguar.com.br\/index.php\/2021\/10\/10\/lei-que-suspende-despejos-durante-a-pandemia-comeca-a-valer\/\">Mais&#8230;<\/a><\/p>\n","protected":false},"author":5,"featured_media":0,"comment_status":"open","ping_status":"open","sticky":false,"template":"","format":"standard","meta":[],"categories":[1],"tags":[],"_links":{"self":[{"href":"https:\/\/justicapotiguar.com.br\/index.php\/wp-json\/wp\/v2\/posts\/22150"}],"collection":[{"href":"https:\/\/justicapotiguar.com.br\/index.php\/wp-json\/wp\/v2\/posts"}],"about":[{"href":"https:\/\/justicapotiguar.com.br\/index.php\/wp-json\/wp\/v2\/types\/post"}],"author":[{"embeddable":true,"href":"https:\/\/justicapotiguar.com.br\/index.php\/wp-json\/wp\/v2\/users\/5"}],"replies":[{"embeddable":true,"href":"https:\/\/justicapotiguar.com.br\/index.php\/wp-json\/wp\/v2\/comments?post=22150"}],"version-history":[{"count":1,"href":"https:\/\/justicapotiguar.com.br\/index.php\/wp-json\/wp\/v2\/posts\/22150\/revisions"}],"predecessor-version":[{"id":22151,"href":"https:\/\/justicapotiguar.com.br\/index.php\/wp-json\/wp\/v2\/posts\/22150\/revisions\/22151"}],"wp:attachment":[{"href":"https:\/\/justicapotiguar.com.br\/index.php\/wp-json\/wp\/v2\/media?parent=22150"}],"wp:term":[{"taxonomy":"category","embeddable":true,"href":"https:\/\/justicapotiguar.com.br\/index.php\/wp-json\/wp\/v2\/categories?post=22150"},{"taxonomy":"post_tag","embeddable":true,"href":"https:\/\/justicapotiguar.com.br\/index.php\/wp-json\/wp\/v2\/tags?post=22150"}],"curies":[{"name":"wp","href":"https:\/\/api.w.org\/{rel}","templated":true}]}}