{"id":2201,"date":"2019-09-16T07:20:01","date_gmt":"2019-09-16T10:20:01","guid":{"rendered":"https:\/\/justicapotiguar.com.br\/?p=2201"},"modified":"2019-09-15T19:41:56","modified_gmt":"2019-09-15T22:41:56","slug":"tjrn-realiza-treinamento-com-delegados-para-utilizacao-do-seeu","status":"publish","type":"post","link":"https:\/\/justicapotiguar.com.br\/index.php\/2019\/09\/16\/tjrn-realiza-treinamento-com-delegados-para-utilizacao-do-seeu\/","title":{"rendered":"TJRN realiza treinamento com delegados para utiliza\u00e7\u00e3o do SEEU"},"content":{"rendered":"\n<figure class=\"wp-block-image\"><img loading=\"lazy\" width=\"1024\" height=\"683\" src=\"https:\/\/justicapotiguar.com.br\/wp-content\/uploads\/2019\/09\/DSC_0213-1024x683.jpeg\" alt=\"\" class=\"wp-image-2202\" srcset=\"https:\/\/justicapotiguar.com.br\/wp-content\/uploads\/2019\/09\/DSC_0213-1024x683.jpeg 1024w, https:\/\/justicapotiguar.com.br\/wp-content\/uploads\/2019\/09\/DSC_0213-300x200.jpeg 300w, https:\/\/justicapotiguar.com.br\/wp-content\/uploads\/2019\/09\/DSC_0213-768x512.jpeg 768w\" sizes=\"(max-width: 1024px) 100vw, 1024px\" \/><figcaption>Foto: Divulga\u00e7\u00e3o\/TJRN<\/figcaption><\/figure>\n\n\n\n<p>O Tribunal de Justi\u00e7a do Rio Grande do Norte, em parceria com a Ordem dos Advogados do Brasil (OAB\/RN) e com a Delegacia Geral da Pol\u00edcia Civil (DEGEPOL), promoveu na sexta-feira (13), no audit\u00f3rio da sede do TJRN, a capacita\u00e7\u00e3o de delegados que trabalhar\u00e3o com o Sistema Eletr\u00f4nico de Execu\u00e7\u00e3o Unificada \u2013 SEEU. A palestra foi ministrada pelo juiz de Execu\u00e7\u00e3o Penal, Henrique Baltazar.<\/p>\n\n\n\n<p>\u201cO SEEU \u00e9 uma ferramenta de Execu\u00e7\u00e3o Penal, mas para a Policia Civil ele pode ser utilizado para investiga\u00e7\u00e3o, para ver situa\u00e7\u00e3o de pessoas que tem processos de Execu\u00e7\u00e3o Penal, por exemplos foragidos ou j\u00e1 condenados em outros lugares do pa\u00eds, facilita a comunica\u00e7\u00e3o\u201d, explicou o juiz.<\/p><div class=\"czzqh69f34ac631ada\" ><!--<a href=\"https:\/\/bit.ly\/3QdrqTZ\" target=\"_blank\">\n<img src=\"https:\/\/justicapotiguar.com.br\/wp-content\/uploads\/2023\/09\/mobile-geral.gif\"\/><a\/>--><\/div><style type=\"text\/css\">\r\n.czzqh69f34ac631ada {\r\ntext-align: center;\r\n}\r\n@media screen and (min-width: 1201px) {\r\n.czzqh69f34ac631ada {\r\ndisplay: none;\r\n}\r\n}\r\n@media screen and (min-width: 993px) and (max-width: 1200px) {\r\n.czzqh69f34ac631ada {\r\ndisplay: none;\r\n}\r\n}\r\n@media screen and (min-width: 769px) and (max-width: 992px) {\r\n.czzqh69f34ac631ada {\r\ndisplay: none;\r\n}\r\n}\r\n@media screen and (min-width: 768px) and (max-width: 768px) {\r\n.czzqh69f34ac631ada {\r\ndisplay: block;\r\n}\r\n}\r\n@media screen and (max-width: 767px) {\r\n.czzqh69f34ac631ada {\r\ndisplay: block;\r\n}\r\n}\r\n<\/style>\r\n<div class=\"crmfh69f34ac631abd\" ><!--<a href=\"https:\/\/bit.ly\/3QdrqTZ\" target=\"_blank\">\n<img src=\"https:\/\/justicapotiguar.com.br\/wp-content\/uploads\/2023\/09\/desktop-geral.gif\"\/><a\/>--><\/div><style type=\"text\/css\">\r\n.crmfh69f34ac631abd {\r\ntext-align: center;\nmargin-bottom: 1em;\r\n}\r\n@media screen and (min-width: 1201px) {\r\n.crmfh69f34ac631abd {\r\ndisplay: block;\r\n}\r\n}\r\n@media screen and (min-width: 993px) and (max-width: 1200px) {\r\n.crmfh69f34ac631abd {\r\ndisplay: block;\r\n}\r\n}\r\n@media screen and (min-width: 769px) and (max-width: 992px) {\r\n.crmfh69f34ac631abd {\r\ndisplay: block;\r\n}\r\n}\r\n@media screen and (min-width: 768px) and (max-width: 768px) {\r\n.crmfh69f34ac631abd {\r\ndisplay: none;\r\n}\r\n}\r\n@media screen and (max-width: 767px) {\r\n.crmfh69f34ac631abd {\r\ndisplay: none;\r\n}\r\n}\r\n<\/style>\r\n\n\n\n\n<p>Segundo Henrique, com o sistema, \u201choje, utilizando o SEEU a policia j\u00e1 comunica diretamente ao juiz se um condenado de outro estado foi preso em Natal, por exemplo, sem a necessidade de enviar oficio em papel ao tribunal, j\u00e1 coloca eletronicamente dentro do processo\u201d. Para ele, \u00e9 uma ferramenta que vai ajudar no trabalho da policia, principalmente da policia investigativa.<\/p>\n\n\n\n<p>O treinamento contou com a presen\u00e7a de 51 participantes. Tamb\u00e9m estavam presentes a ju\u00edza auxiliar da presid\u00eancia Ana Claudia Secundo; o presidente da OAB\/RN, Aldo Medeiros; o juiz Rosivaldo Toscano; e a Delegada Geral do RN, Ana Claudia Saraiva.<\/p>\n","protected":false},"excerpt":{"rendered":"<p>A palestra foi ministrada pelo juiz de Execu\u00e7\u00e3o Penal, Henrique Baltazar<br \/><a class=\"more-link\" href=\"https:\/\/justicapotiguar.com.br\/index.php\/2019\/09\/16\/tjrn-realiza-treinamento-com-delegados-para-utilizacao-do-seeu\/\">Mais&#8230;<\/a><\/p>\n","protected":false},"author":5,"featured_media":2202,"comment_status":"open","ping_status":"open","sticky":false,"template":"","format":"standard","meta":[],"categories":[3],"tags":[],"_links":{"self":[{"href":"https:\/\/justicapotiguar.com.br\/index.php\/wp-json\/wp\/v2\/posts\/2201"}],"collection":[{"href":"https:\/\/justicapotiguar.com.br\/index.php\/wp-json\/wp\/v2\/posts"}],"about":[{"href":"https:\/\/justicapotiguar.com.br\/index.php\/wp-json\/wp\/v2\/types\/post"}],"author":[{"embeddable":true,"href":"https:\/\/justicapotiguar.com.br\/index.php\/wp-json\/wp\/v2\/users\/5"}],"replies":[{"embeddable":true,"href":"https:\/\/justicapotiguar.com.br\/index.php\/wp-json\/wp\/v2\/comments?post=2201"}],"version-history":[{"count":1,"href":"https:\/\/justicapotiguar.com.br\/index.php\/wp-json\/wp\/v2\/posts\/2201\/revisions"}],"predecessor-version":[{"id":2203,"href":"https:\/\/justicapotiguar.com.br\/index.php\/wp-json\/wp\/v2\/posts\/2201\/revisions\/2203"}],"wp:featuredmedia":[{"embeddable":true,"href":"https:\/\/justicapotiguar.com.br\/index.php\/wp-json\/wp\/v2\/media\/2202"}],"wp:attachment":[{"href":"https:\/\/justicapotiguar.com.br\/index.php\/wp-json\/wp\/v2\/media?parent=2201"}],"wp:term":[{"taxonomy":"category","embeddable":true,"href":"https:\/\/justicapotiguar.com.br\/index.php\/wp-json\/wp\/v2\/categories?post=2201"},{"taxonomy":"post_tag","embeddable":true,"href":"https:\/\/justicapotiguar.com.br\/index.php\/wp-json\/wp\/v2\/tags?post=2201"}],"curies":[{"name":"wp","href":"https:\/\/api.w.org\/{rel}","templated":true}]}}