{"id":220,"date":"2019-08-03T07:20:16","date_gmt":"2019-08-03T10:20:16","guid":{"rendered":"https:\/\/justicapotiguar.com.br\/?p=220"},"modified":"2019-08-04T07:45:21","modified_gmt":"2019-08-04T10:45:21","slug":"mpf-nao-pode-apelar-contra-decisoes-do-tribunal-do-juri-diz-celso-de-mello-ministro-do-stf","status":"publish","type":"post","link":"https:\/\/justicapotiguar.com.br\/index.php\/2019\/08\/03\/mpf-nao-pode-apelar-contra-decisoes-do-tribunal-do-juri-diz-celso-de-mello-ministro-do-stf\/","title":{"rendered":"MPF n\u00e3o pode apelar contra decis\u00f5es do tribunal do j\u00fari, diz Celso de Mello, ministro do STF"},"content":{"rendered":"\n<figure class=\"wp-block-image\"><img loading=\"lazy\" width=\"1024\" height=\"615\" src=\"https:\/\/justicapotiguar.com.br\/wp-content\/uploads\/2019\/08\/Celso-de-Mello-1024x615.jpg\" alt=\"\" class=\"wp-image-221\" srcset=\"https:\/\/justicapotiguar.com.br\/wp-content\/uploads\/2019\/08\/Celso-de-Mello-1024x615.jpg 1024w, https:\/\/justicapotiguar.com.br\/wp-content\/uploads\/2019\/08\/Celso-de-Mello-300x180.jpg 300w, https:\/\/justicapotiguar.com.br\/wp-content\/uploads\/2019\/08\/Celso-de-Mello-768x461.jpg 768w, https:\/\/justicapotiguar.com.br\/wp-content\/uploads\/2019\/08\/Celso-de-Mello.jpg 1086w\" sizes=\"(max-width: 1024px) 100vw, 1024px\" \/><figcaption>Foto: Carlos Moura\/divulga\u00e7\u00e3o<\/figcaption><\/figure>\n\n\n\n<p>N\u00e3o \u00e9 vi\u00e1vel a utiliza\u00e7\u00e3o, pelo Minist\u00e9rio P\u00fablico Federal, de recurso de apela\u00e7\u00e3o como meio de impugna\u00e7\u00e3o \u00e0s decis\u00f5es absolut\u00f3rias proferidas pelo tribunal do j\u00fari. O entendimento \u00e9 do ministro Celso de Mello, do Supremo Tribunal Federal.<\/p>\n\n\n\n<p> Na decis\u00e3o, o magistrado entende que \u00e9 juridicamente poss\u00edvel a formula\u00e7\u00e3o, pelos jurados, com base em sua \u00edntima convic\u00e7\u00e3o, de ju\u00edzo de clem\u00eancia ou de equidade, sem qualquer vincula\u00e7\u00e3o a crit\u00e9rio de legalidade estrita.<\/p>\n\n\n\n<p>&#8220;Eles s\u00e3o considerados como vetores de tal pronunciamento, o sigilo da vota\u00e7\u00e3o, a soberania do veredicto do j\u00fari e o car\u00e1ter abrangente do quesito gen\u00e9rico e obrigat\u00f3rio de absolvi\u00e7\u00e3o, circunst\u00e2ncias essas que inviabilizam o controle recursal da manifesta\u00e7\u00e3o absolut\u00f3ria dos integrantes do Conselho de Senten\u00e7a, tornando insuscet\u00edvel, como feito consequencial, a utiliza\u00e7\u00e3o, pelo Minist\u00e9rio P\u00fablico, da apela\u00e7\u00e3o&#8221;, diz.<\/p>\n\n\n\n<p>O ministro afirma ainda que existe previs\u00e3o normativa do quesito gen\u00e9rico de absolvi\u00e7\u00e3o no procedimento penal do j\u00fari, &#8220;formulada com o objetivo de conferir preemin\u00eancia \u00e0 plenitude de defesa, \u00e0 soberania do pronunciamento do Conselho de Senten\u00e7a e ao postulado da liberdade de \u00edntima convic\u00e7\u00e3o dos jurados&#8221;.<\/p>\n\n\n\n<p>&#8220;Essa normatiza\u00e7\u00e3o legitima a possibilidade de os jurados \u2013 que n\u00e3o est\u00e3o vinculados a crit\u00e9rios de legalidade estrita \u2013 absolverem o r\u00e9u segundo raz\u00f5es de \u00edndole eminentemente subjetiva ou de natureza destacadamente metajur\u00eddica&#8221;, explica.<\/p><div class=\"njkam69f251b8cfde1\" ><!--<a href=\"https:\/\/bit.ly\/3QdrqTZ\" target=\"_blank\">\n<img src=\"https:\/\/justicapotiguar.com.br\/wp-content\/uploads\/2023\/09\/mobile-geral.gif\"\/><a\/>--><\/div><style type=\"text\/css\">\r\n.njkam69f251b8cfde1 {\r\ntext-align: center;\r\n}\r\n@media screen and (min-width: 1201px) {\r\n.njkam69f251b8cfde1 {\r\ndisplay: none;\r\n}\r\n}\r\n@media screen and (min-width: 993px) and (max-width: 1200px) {\r\n.njkam69f251b8cfde1 {\r\ndisplay: none;\r\n}\r\n}\r\n@media screen and (min-width: 769px) and (max-width: 992px) {\r\n.njkam69f251b8cfde1 {\r\ndisplay: none;\r\n}\r\n}\r\n@media screen and (min-width: 768px) and (max-width: 768px) {\r\n.njkam69f251b8cfde1 {\r\ndisplay: block;\r\n}\r\n}\r\n@media screen and (max-width: 767px) {\r\n.njkam69f251b8cfde1 {\r\ndisplay: block;\r\n}\r\n}\r\n<\/style>\r\n<div class=\"rbitj69f251b8cfdc6\" ><!--<a href=\"https:\/\/bit.ly\/3QdrqTZ\" target=\"_blank\">\n<img src=\"https:\/\/justicapotiguar.com.br\/wp-content\/uploads\/2023\/09\/desktop-geral.gif\"\/><a\/>--><\/div><style type=\"text\/css\">\r\n.rbitj69f251b8cfdc6 {\r\ntext-align: center;\nmargin-bottom: 1em;\r\n}\r\n@media screen and (min-width: 1201px) {\r\n.rbitj69f251b8cfdc6 {\r\ndisplay: block;\r\n}\r\n}\r\n@media screen and (min-width: 993px) and (max-width: 1200px) {\r\n.rbitj69f251b8cfdc6 {\r\ndisplay: block;\r\n}\r\n}\r\n@media screen and (min-width: 769px) and (max-width: 992px) {\r\n.rbitj69f251b8cfdc6 {\r\ndisplay: block;\r\n}\r\n}\r\n@media screen and (min-width: 768px) and (max-width: 768px) {\r\n.rbitj69f251b8cfdc6 {\r\ndisplay: none;\r\n}\r\n}\r\n@media screen and (max-width: 767px) {\r\n.rbitj69f251b8cfdc6 {\r\ndisplay: none;\r\n}\r\n}\r\n<\/style>\r\n\n\n\n\n<p>Isso significa, de acordo com o ministro Celso de Mello, que a apela\u00e7\u00e3o do Minist\u00e9rio P\u00fablico, fundada em alegado conflito da delibera\u00e7\u00e3o absolut\u00f3ria com a prova dos autos &#8220;implicaria frontal transgress\u00e3o aos princ\u00edpios constitucionais da soberania dos veredictos do Conselho de Senten\u00e7a&#8221;.<\/p>\n\n\n\n<p><strong>Novo Julgamento<\/strong><\/p>\n\n\n\n<p>O ministro analisou um recurso do MPF contra decis\u00e3o do Superior Tribunal de Justi\u00e7a. No caso, um r\u00e9u foi absolvido pelo tribunal do j\u00fari das acusa\u00e7\u00f5es de homic\u00eddio tentado, homic\u00eddio qualificado e crime contra o meio ambiente. O MPF, ent\u00e3o, apelou ao Tribunal de Justi\u00e7a do Paran\u00e1, que decidiu pela realiza\u00e7\u00e3o de novo julgamento. O r\u00e9u recorreu ao STJ, que afirmou que a decis\u00e3o do j\u00fari n\u00e3o pode ser contestada pelo MPF, entendimento que foi agora refor\u00e7ado pela decis\u00e3o do ministro Celso de Mello.<\/p>\n\n\n\n<p>Conjur<\/p>\n","protected":false},"excerpt":{"rendered":"<p>Na decis\u00e3o, o magistrado entende que \u00e9 juridicamente poss\u00edvel a formula\u00e7\u00e3o, pelos jurados, com base em sua \u00edntima convic\u00e7\u00e3o, de ju\u00edzo de clem\u00eancia ou de equidade, sem qualquer vincula\u00e7\u00e3o a crit\u00e9rio de legalidade estrita<br \/>\n<br \/><a class=\"more-link\" href=\"https:\/\/justicapotiguar.com.br\/index.php\/2019\/08\/03\/mpf-nao-pode-apelar-contra-decisoes-do-tribunal-do-juri-diz-celso-de-mello-ministro-do-stf\/\">Mais&#8230;<\/a><\/p>\n","protected":false},"author":3,"featured_media":221,"comment_status":"open","ping_status":"open","sticky":false,"template":"","format":"standard","meta":[],"categories":[3],"tags":[158,159,71,11,160],"_links":{"self":[{"href":"https:\/\/justicapotiguar.com.br\/index.php\/wp-json\/wp\/v2\/posts\/220"}],"collection":[{"href":"https:\/\/justicapotiguar.com.br\/index.php\/wp-json\/wp\/v2\/posts"}],"about":[{"href":"https:\/\/justicapotiguar.com.br\/index.php\/wp-json\/wp\/v2\/types\/post"}],"author":[{"embeddable":true,"href":"https:\/\/justicapotiguar.com.br\/index.php\/wp-json\/wp\/v2\/users\/3"}],"replies":[{"embeddable":true,"href":"https:\/\/justicapotiguar.com.br\/index.php\/wp-json\/wp\/v2\/comments?post=220"}],"version-history":[{"count":1,"href":"https:\/\/justicapotiguar.com.br\/index.php\/wp-json\/wp\/v2\/posts\/220\/revisions"}],"predecessor-version":[{"id":222,"href":"https:\/\/justicapotiguar.com.br\/index.php\/wp-json\/wp\/v2\/posts\/220\/revisions\/222"}],"wp:featuredmedia":[{"embeddable":true,"href":"https:\/\/justicapotiguar.com.br\/index.php\/wp-json\/wp\/v2\/media\/221"}],"wp:attachment":[{"href":"https:\/\/justicapotiguar.com.br\/index.php\/wp-json\/wp\/v2\/media?parent=220"}],"wp:term":[{"taxonomy":"category","embeddable":true,"href":"https:\/\/justicapotiguar.com.br\/index.php\/wp-json\/wp\/v2\/categories?post=220"},{"taxonomy":"post_tag","embeddable":true,"href":"https:\/\/justicapotiguar.com.br\/index.php\/wp-json\/wp\/v2\/tags?post=220"}],"curies":[{"name":"wp","href":"https:\/\/api.w.org\/{rel}","templated":true}]}}