{"id":2198,"date":"2019-09-15T14:14:20","date_gmt":"2019-09-15T17:14:20","guid":{"rendered":"https:\/\/justicapotiguar.com.br\/?p=2198"},"modified":"2019-09-14T10:17:02","modified_gmt":"2019-09-14T13:17:02","slug":"prazo-para-questionar-servico-nao-contratado-de-telefonia-e-dez-anos","status":"publish","type":"post","link":"https:\/\/justicapotiguar.com.br\/index.php\/2019\/09\/15\/prazo-para-questionar-servico-nao-contratado-de-telefonia-e-dez-anos\/","title":{"rendered":"Prazo para questionar servi\u00e7o n\u00e3o contratado de telefonia \u00e9 dez anos"},"content":{"rendered":"\n<figure class=\"wp-block-image\"><img loading=\"lazy\" width=\"640\" height=\"425\" src=\"https:\/\/justicapotiguar.com.br\/wp-content\/uploads\/2019\/09\/imagem-de-mulher-segurando-aparelho-celular.jpg\" alt=\"\" class=\"wp-image-2199\" srcset=\"https:\/\/justicapotiguar.com.br\/wp-content\/uploads\/2019\/09\/imagem-de-mulher-segurando-aparelho-celular.jpg 640w, https:\/\/justicapotiguar.com.br\/wp-content\/uploads\/2019\/09\/imagem-de-mulher-segurando-aparelho-celular-300x199.jpg 300w\" sizes=\"(max-width: 640px) 100vw, 640px\" \/><figcaption>Foto: Ilustrativa<\/figcaption><\/figure>\n\n\n\n<p>O prazo prescricional para pedir a devolu\u00e7\u00e3o de valores cobrados indevidamente por empresas telef\u00f4nicas, relativos a servi\u00e7os n\u00e3o contratados, \u00e9 de dez anos. A decis\u00e3o \u00e9 da Corte Especial do Superior Tribunal de Justi\u00e7a que entendeu aplica-se a esses casos o disposto no&nbsp;<a href=\"https:\/\/juridmais.com.br\/codigo-civil-205\" target=\"_blank\" rel=\"noreferrer noopener\">artigo 205<\/a>&nbsp;do&nbsp;<a href=\"https:\/\/juridmais.com.br\/codigo-civil-1\" target=\"_blank\" rel=\"noreferrer noopener\">C\u00f3digo Civil<\/a>.<\/p>\n\n\n\n<p>Seguindo o voto do relator, ministro Og Fernandes, a corte aplicou ao caso o entendimento que resultou na S\u00famula 412 para as tarifas de \u00e1gua e esgoto.<\/p>\n\n\n\n<p>Na ocasi\u00e3o, a tese firmada foi a de que, ante a aus\u00eancia de disposi\u00e7\u00e3o espec\u00edfica sobre o prazo prescricional aplic\u00e1vel \u00e0 pr\u00e1tica comercial indevida de cobran\u00e7a excessiva, incidem as normas gerais relativas \u00e0 prescri\u00e7\u00e3o do&nbsp;<a href=\"https:\/\/juridmais.com.br\/codigo-civil-1\" target=\"_blank\" rel=\"noreferrer noopener\">C\u00f3digo Civil<\/a>&nbsp;na a\u00e7\u00e3o de repeti\u00e7\u00e3o de ind\u00e9bito de tarifas de \u00e1gua e esgoto.<\/p><div class=\"zqzsx69f335ba18a7f\" ><!--<a href=\"https:\/\/bit.ly\/3QdrqTZ\" target=\"_blank\">\n<img src=\"https:\/\/justicapotiguar.com.br\/wp-content\/uploads\/2023\/09\/mobile-geral.gif\"\/><a\/>--><\/div><style type=\"text\/css\">\r\n.zqzsx69f335ba18a7f {\r\ntext-align: center;\r\n}\r\n@media screen and (min-width: 1201px) {\r\n.zqzsx69f335ba18a7f {\r\ndisplay: none;\r\n}\r\n}\r\n@media screen and (min-width: 993px) and (max-width: 1200px) {\r\n.zqzsx69f335ba18a7f {\r\ndisplay: none;\r\n}\r\n}\r\n@media screen and (min-width: 769px) and (max-width: 992px) {\r\n.zqzsx69f335ba18a7f {\r\ndisplay: none;\r\n}\r\n}\r\n@media screen and (min-width: 768px) and (max-width: 768px) {\r\n.zqzsx69f335ba18a7f {\r\ndisplay: block;\r\n}\r\n}\r\n@media screen and (max-width: 767px) {\r\n.zqzsx69f335ba18a7f {\r\ndisplay: block;\r\n}\r\n}\r\n<\/style>\r\n<div class=\"qlbxn69f335ba18a6b\" ><!--<a href=\"https:\/\/bit.ly\/3QdrqTZ\" target=\"_blank\">\n<img src=\"https:\/\/justicapotiguar.com.br\/wp-content\/uploads\/2023\/09\/desktop-geral.gif\"\/><a\/>--><\/div><style type=\"text\/css\">\r\n.qlbxn69f335ba18a6b {\r\ntext-align: center;\nmargin-bottom: 1em;\r\n}\r\n@media screen and (min-width: 1201px) {\r\n.qlbxn69f335ba18a6b {\r\ndisplay: block;\r\n}\r\n}\r\n@media screen and (min-width: 993px) and (max-width: 1200px) {\r\n.qlbxn69f335ba18a6b {\r\ndisplay: block;\r\n}\r\n}\r\n@media screen and (min-width: 769px) and (max-width: 992px) {\r\n.qlbxn69f335ba18a6b {\r\ndisplay: block;\r\n}\r\n}\r\n@media screen and (min-width: 768px) and (max-width: 768px) {\r\n.qlbxn69f335ba18a6b {\r\ndisplay: none;\r\n}\r\n}\r\n@media screen and (max-width: 767px) {\r\n.qlbxn69f335ba18a6b {\r\ndisplay: none;\r\n}\r\n}\r\n<\/style>\r\n\n\n\n\n<p>Os embargos de diverg\u00eancia foram interpostos contra ac\u00f3rd\u00e3o da 4\u00aa Turma do STJ, que entendeu que a cobran\u00e7a indevida de servi\u00e7os n\u00e3o contratados por empresa de telefonia configuraria enriquecimento sem causa e, portanto, o pedido de devolu\u00e7\u00e3o estaria enquadrado no prazo de tr\u00eas anos fixado no&nbsp;<a href=\"https:\/\/juridmais.com.br\/codigo-civil-206\" target=\"_blank\" rel=\"noreferrer noopener\">artigo 206<\/a>, par\u00e1grafo 3\u00b0, IV, do&nbsp;<a href=\"https:\/\/juridmais.com.br\/codigo-civil-1\" target=\"_blank\" rel=\"noreferrer noopener\">C\u00f3digo Civil<\/a>.<\/p>\n\n\n\n<p>Para o relator dos embargos, ministro Og Fernandes, a tese adotada no ac\u00f3rd\u00e3o da 4\u00aa Turma n\u00e3o \u00e9 a mais adequada. Segundo ele, o enriquecimento sem causa possui como requisitos: enriquecimento de algu\u00e9m; empobrecimento correspondente de outrem; rela\u00e7\u00e3o de causalidade entre ambos; aus\u00eancia de causa jur\u00eddica e inexist\u00eancia de a\u00e7\u00e3o espec\u00edfica. &#8220;Trata-se, portanto, de a\u00e7\u00e3o subsidi\u00e1ria que depende da inexist\u00eancia de causa jur\u00eddica&#8221;, afirmou.<\/p>\n\n\n\n<p>O ministro ponderou que a discuss\u00e3o sobre a cobran\u00e7a indevida de valores constantes de rela\u00e7\u00e3o contratual e eventual repeti\u00e7\u00e3o de ind\u00e9bito n\u00e3o se enquadra na hip\u00f3tese do&nbsp;<a href=\"https:\/\/juridmais.com.br\/codigo-civil-206\" target=\"_blank\" rel=\"noreferrer noopener\">artigo 206<\/a>, &#8220;seja porque a causa jur\u00eddica, em princ\u00edpio, existe (rela\u00e7\u00e3o contratual pr\u00e9via em que se debate a legitimidade de cobran\u00e7a), seja porque a a\u00e7\u00e3o de repeti\u00e7\u00e3o de ind\u00e9bito \u00e9 a\u00e7\u00e3o espec\u00edfica&#8221;.<\/p>\n","protected":false},"excerpt":{"rendered":"<p>A decis\u00e3o \u00e9 da Corte Especial do Superior Tribunal de Justi\u00e7a<br \/><a class=\"more-link\" href=\"https:\/\/justicapotiguar.com.br\/index.php\/2019\/09\/15\/prazo-para-questionar-servico-nao-contratado-de-telefonia-e-dez-anos\/\">Mais&#8230;<\/a><\/p>\n","protected":false},"author":5,"featured_media":2199,"comment_status":"open","ping_status":"open","sticky":false,"template":"","format":"standard","meta":[],"categories":[3],"tags":[],"_links":{"self":[{"href":"https:\/\/justicapotiguar.com.br\/index.php\/wp-json\/wp\/v2\/posts\/2198"}],"collection":[{"href":"https:\/\/justicapotiguar.com.br\/index.php\/wp-json\/wp\/v2\/posts"}],"about":[{"href":"https:\/\/justicapotiguar.com.br\/index.php\/wp-json\/wp\/v2\/types\/post"}],"author":[{"embeddable":true,"href":"https:\/\/justicapotiguar.com.br\/index.php\/wp-json\/wp\/v2\/users\/5"}],"replies":[{"embeddable":true,"href":"https:\/\/justicapotiguar.com.br\/index.php\/wp-json\/wp\/v2\/comments?post=2198"}],"version-history":[{"count":1,"href":"https:\/\/justicapotiguar.com.br\/index.php\/wp-json\/wp\/v2\/posts\/2198\/revisions"}],"predecessor-version":[{"id":2200,"href":"https:\/\/justicapotiguar.com.br\/index.php\/wp-json\/wp\/v2\/posts\/2198\/revisions\/2200"}],"wp:featuredmedia":[{"embeddable":true,"href":"https:\/\/justicapotiguar.com.br\/index.php\/wp-json\/wp\/v2\/media\/2199"}],"wp:attachment":[{"href":"https:\/\/justicapotiguar.com.br\/index.php\/wp-json\/wp\/v2\/media?parent=2198"}],"wp:term":[{"taxonomy":"category","embeddable":true,"href":"https:\/\/justicapotiguar.com.br\/index.php\/wp-json\/wp\/v2\/categories?post=2198"},{"taxonomy":"post_tag","embeddable":true,"href":"https:\/\/justicapotiguar.com.br\/index.php\/wp-json\/wp\/v2\/tags?post=2198"}],"curies":[{"name":"wp","href":"https:\/\/api.w.org\/{rel}","templated":true}]}}