{"id":2176,"date":"2019-09-15T08:52:18","date_gmt":"2019-09-15T11:52:18","guid":{"rendered":"https:\/\/justicapotiguar.com.br\/?p=2176"},"modified":"2019-09-16T09:50:33","modified_gmt":"2019-09-16T12:50:33","slug":"trt-rn-9a-semana-nacional-da-execucao-trabalhista-comeca-nesta-segunda","status":"publish","type":"post","link":"https:\/\/justicapotiguar.com.br\/index.php\/2019\/09\/15\/trt-rn-9a-semana-nacional-da-execucao-trabalhista-comeca-nesta-segunda\/","title":{"rendered":"TRT-RN: 9\u00aa Semana Nacional da Execu\u00e7\u00e3o Trabalhista come\u00e7a nesta segunda"},"content":{"rendered":"\n<p>A 9\u00aa Semana Nacional da Execu\u00e7\u00e3o Trabalhista, promovida anualmente pelo Conselho Superior da Justi\u00e7a do Trabalho (CSJT), come\u00e7a nesta segunda-feira (16) em todo pa\u00eds e se estender\u00e1 at\u00e9 sexta-feira (20).<\/p>\n\n\n\n<p>Neste ano, a Semana Nacional da Execu\u00e7\u00e3o Trabalhista adotou o tema Todos pela efetividade da Justi\u00e7a.<\/p>\n\n\n\n<figure class=\"wp-block-image\"><img src=\"https:\/\/mail.google.com\/mail\/u\/0?ui=2&amp;ik=46136d5545&amp;attid=0.0.1&amp;permmsgid=msg-f:1644576582202210031&amp;th=16d2b5b02c16b6ef&amp;view=fimg&amp;sz=s0-l75-ft&amp;attbid=ANGjdJ8enGq3ZICnE7dFAfpK7v639di6x7xuxQO5QkJpG6Uc6t9H5f48eyJ5C39Cg3_80ftagE7iwERXRBnyXMYlJNqv50SzQ89rCUEujp7LuRT43a6gSh36vV-Eb8o&amp;disp=emb&amp;realattid=ii_k0ib5jq71\" alt=\"Banner-Noticias.jpg\"\/><\/figure>\n\n\n\n<p>No Rio Grande do Norte, o TRT da 21\u00aa Regi\u00e3o agendou audi\u00eancias de concilia\u00e7\u00e3o para processos na fase da execu\u00e7\u00e3o, em Natal e no interior do Estado, nas Varas do Trabalho e nos CEJUSCs de Natal e de Mossor\u00f3.<\/p>\n\n\n\n<p><strong>LEIL\u00c3O &#8211;&nbsp;<\/strong>Um leil\u00e3o de bens penhorados pelas Varas do Trabalho para pagamento de d\u00edvidas est\u00e1 programado para a pr\u00f3xima quinta-feira (19), no Hotel Majestic, em Ponta Negra, com 37 lotes de bens penhorados pelas Varas do Trabalho da capital e do interior.<\/p>\n\n\n\n<p>S\u00e3o casas, terrenos, apartamentos e pontos comerciais em Natal, Mossor\u00f3. Maca\u00edba e N\u00edsia Floresta, al\u00e9m de ve\u00edculos de luxo e m\u00e1quinas de v\u00e1rias marcas e modelos, al\u00e9m de equipamentos de uma academia de gin\u00e1stica, uma pousada em Ponta Negra e um lote de 150 cal\u00e7as e palet\u00f3s, entre outros bens.<\/p>\n\n\n\n<p>Para o primeiro lance dos interessados, os bens ser\u00e3o vendidos pelo valor da avalia\u00e7\u00e3o. No segundo lance, a maioria dos itens pode ser arrematada com at\u00e9 50% do valor da avalia\u00e7\u00e3o. O leil\u00e3o ser\u00e1 presidido pela ju\u00edza J\u00f3lia Lucena da Rocha Melo.<\/p><div class=\"pgvch69f313077c246\" ><!--<a href=\"https:\/\/bit.ly\/3QdrqTZ\" target=\"_blank\">\n<img src=\"https:\/\/justicapotiguar.com.br\/wp-content\/uploads\/2023\/09\/mobile-geral.gif\"\/><a\/>--><\/div><style type=\"text\/css\">\r\n.pgvch69f313077c246 {\r\ntext-align: center;\r\n}\r\n@media screen and (min-width: 1201px) {\r\n.pgvch69f313077c246 {\r\ndisplay: none;\r\n}\r\n}\r\n@media screen and (min-width: 993px) and (max-width: 1200px) {\r\n.pgvch69f313077c246 {\r\ndisplay: none;\r\n}\r\n}\r\n@media screen and (min-width: 769px) and (max-width: 992px) {\r\n.pgvch69f313077c246 {\r\ndisplay: none;\r\n}\r\n}\r\n@media screen and (min-width: 768px) and (max-width: 768px) {\r\n.pgvch69f313077c246 {\r\ndisplay: block;\r\n}\r\n}\r\n@media screen and (max-width: 767px) {\r\n.pgvch69f313077c246 {\r\ndisplay: block;\r\n}\r\n}\r\n<\/style>\r\n<div class=\"zponw69f313077c22a\" ><!--<a href=\"https:\/\/bit.ly\/3QdrqTZ\" target=\"_blank\">\n<img src=\"https:\/\/justicapotiguar.com.br\/wp-content\/uploads\/2023\/09\/desktop-geral.gif\"\/><a\/>--><\/div><style type=\"text\/css\">\r\n.zponw69f313077c22a {\r\ntext-align: center;\nmargin-bottom: 1em;\r\n}\r\n@media screen and (min-width: 1201px) {\r\n.zponw69f313077c22a {\r\ndisplay: block;\r\n}\r\n}\r\n@media screen and (min-width: 993px) and (max-width: 1200px) {\r\n.zponw69f313077c22a {\r\ndisplay: block;\r\n}\r\n}\r\n@media screen and (min-width: 769px) and (max-width: 992px) {\r\n.zponw69f313077c22a {\r\ndisplay: block;\r\n}\r\n}\r\n@media screen and (min-width: 768px) and (max-width: 768px) {\r\n.zponw69f313077c22a {\r\ndisplay: none;\r\n}\r\n}\r\n@media screen and (max-width: 767px) {\r\n.zponw69f313077c22a {\r\ndisplay: none;\r\n}\r\n}\r\n<\/style>\r\n\n\n\n\n<p>Confira a lista completa dos bens e as regras para apresentar lances durante o leil\u00e3o no seguinte endere\u00e7o:&nbsp;&nbsp;<a href=\"https:\/\/www.trt21.jus.br\/Publicacoes\/Leiloes\/2019\/Leilao_Caex_Praca_Leilao_19-09-19.pdf\" target=\"_blank\" rel=\"noreferrer noopener\">https:\/\/www.trt21.jus.br\/Publicacoes\/Leiloes\/2019\/Leilao_Caex_Praca_Leilao_19-09-19.pdf<\/a><\/p>\n\n\n\n<p><strong>BRASINOX<\/strong><\/p>\n\n\n\n<p>No dia 20, o TRT-RN vai realizar o pagamento de R$ 23 milh\u00f5es aos ex-empregados da Brasil Inoxid\u00e1veis S\/A (Brasinox), liquidando as d\u00edvidas trabalhistas de 178 a\u00e7\u00f5es e previdenci\u00e1rias de outros processos.<\/p>\n\n\n\n<p>O coordenador da Comiss\u00e3o Nacional de&nbsp;Execu\u00e7\u00e3o&nbsp;Trabalhista, ministro Cl\u00e1udio Mascarenhas Brand\u00e3o, do Tribunal Superior do Trabalho, participar\u00e1 da audi\u00eancia da Brasinox.<\/p>\n\n\n\n<p>No ano passado, o TRT do Rio Grande do Norte movimentou R$ 12.276.478,84 em acordos firmados nas Varas do Trabalho e nos CEJUSCs, assim como nos leil\u00f5es de bens penhorados para pagamento de d\u00edvidas trabalhistas.<br><\/p>\n","protected":false},"excerpt":{"rendered":"<p>Neste ano, a Semana Nacional da Execu\u00e7\u00e3o Trabalhista adotou o tema Todos pela efetividade da Justi\u00e7a<br \/><a class=\"more-link\" href=\"https:\/\/justicapotiguar.com.br\/index.php\/2019\/09\/15\/trt-rn-9a-semana-nacional-da-execucao-trabalhista-comeca-nesta-segunda\/\">Mais&#8230;<\/a><\/p>\n","protected":false},"author":5,"featured_media":302,"comment_status":"open","ping_status":"open","sticky":false,"template":"","format":"standard","meta":[],"categories":[3],"tags":[],"_links":{"self":[{"href":"https:\/\/justicapotiguar.com.br\/index.php\/wp-json\/wp\/v2\/posts\/2176"}],"collection":[{"href":"https:\/\/justicapotiguar.com.br\/index.php\/wp-json\/wp\/v2\/posts"}],"about":[{"href":"https:\/\/justicapotiguar.com.br\/index.php\/wp-json\/wp\/v2\/types\/post"}],"author":[{"embeddable":true,"href":"https:\/\/justicapotiguar.com.br\/index.php\/wp-json\/wp\/v2\/users\/5"}],"replies":[{"embeddable":true,"href":"https:\/\/justicapotiguar.com.br\/index.php\/wp-json\/wp\/v2\/comments?post=2176"}],"version-history":[{"count":1,"href":"https:\/\/justicapotiguar.com.br\/index.php\/wp-json\/wp\/v2\/posts\/2176\/revisions"}],"predecessor-version":[{"id":2177,"href":"https:\/\/justicapotiguar.com.br\/index.php\/wp-json\/wp\/v2\/posts\/2176\/revisions\/2177"}],"wp:featuredmedia":[{"embeddable":true,"href":"https:\/\/justicapotiguar.com.br\/index.php\/wp-json\/wp\/v2\/media\/302"}],"wp:attachment":[{"href":"https:\/\/justicapotiguar.com.br\/index.php\/wp-json\/wp\/v2\/media?parent=2176"}],"wp:term":[{"taxonomy":"category","embeddable":true,"href":"https:\/\/justicapotiguar.com.br\/index.php\/wp-json\/wp\/v2\/categories?post=2176"},{"taxonomy":"post_tag","embeddable":true,"href":"https:\/\/justicapotiguar.com.br\/index.php\/wp-json\/wp\/v2\/tags?post=2176"}],"curies":[{"name":"wp","href":"https:\/\/api.w.org\/{rel}","templated":true}]}}