{"id":2173,"date":"2019-09-13T15:39:41","date_gmt":"2019-09-13T18:39:41","guid":{"rendered":"https:\/\/justicapotiguar.com.br\/?p=2173"},"modified":"2019-09-14T10:23:47","modified_gmt":"2019-09-14T13:23:47","slug":"justica-decreta-indisponibilidade-de-bens-de-agripino-maia-e-envolvidos-em-nomeacao-de-funcionario-fantasma","status":"publish","type":"post","link":"https:\/\/justicapotiguar.com.br\/index.php\/2019\/09\/13\/justica-decreta-indisponibilidade-de-bens-de-agripino-maia-e-envolvidos-em-nomeacao-de-funcionario-fantasma\/","title":{"rendered":"Justi\u00e7a decreta indisponibilidade de bens de Agripino Maia e envolvidos em nomea\u00e7\u00e3o de funcion\u00e1rio fantasma"},"content":{"rendered":"\n<figure class=\"wp-block-image\"><img loading=\"lazy\" width=\"1024\" height=\"682\" src=\"https:\/\/justicapotiguar.com.br\/wp-content\/uploads\/2019\/08\/agripinomaia-1024x682.jpg\" alt=\"\" class=\"wp-image-783\" srcset=\"https:\/\/justicapotiguar.com.br\/wp-content\/uploads\/2019\/08\/agripinomaia-1024x682.jpg 1024w, https:\/\/justicapotiguar.com.br\/wp-content\/uploads\/2019\/08\/agripinomaia-300x200.jpg 300w, https:\/\/justicapotiguar.com.br\/wp-content\/uploads\/2019\/08\/agripinomaia-768x511.jpg 768w\" sizes=\"(max-width: 1024px) 100vw, 1024px\" \/><figcaption>Foto: Reprodu\u00e7\u00e3o<\/figcaption><\/figure>\n\n\n\n<p>O Minist\u00e9rio P\u00fablico Federal (MPF) obteve liminar que determina a indisponibilidade de bens do ex-senador Jos\u00e9 Agripino Maia, al\u00e9m de Raimundo Alves Maia J\u00fanior (conhecido como J\u00fanior Maia) e Victor Neves Wanderley (conhecido como Victor Souza).&nbsp;<a href=\"http:\/\/www.mpf.mp.br\/rn\/sala-de-imprensa\/noticias-rn\/mpf-ingressa-com-acao-de-improbidade-contra-ex-senador-jose-agripino\" target=\"_blank\" rel=\"noreferrer noopener\">Os tr\u00eas respondem a a\u00e7\u00e3o de improbidade e den\u00fancia<\/a>&nbsp;por desvio de aproximadamente R$ 600 mil de recursos federais, por meio de um esquema de nomea\u00e7\u00e3o de \u201cfuncion\u00e1rio fantasma\u201d.<\/p>\n\n\n\n<p>A decis\u00e3o da 4\u00aa Vara Federal do Rio Grande do Norte deferiu pedido do MPF para bloqueio imediato de valores em dinheiro e, se necess\u00e1rio, tamb\u00e9m de ve\u00edculos e bens m\u00f3veis e im\u00f3veis dos r\u00e9us em montante suficiente para garantir o ressarcimento do suposto dano causado.<\/p>\n\n\n\n<p><strong>Esquema &#8211;<\/strong>&nbsp;As investiga\u00e7\u00f5es apontam que, entre mar\u00e7o de 2009 e mar\u00e7o de 2016, Jos\u00e9 Agripino nomeou e manteve como secret\u00e1rio de seu gabinete em Bras\u00edlia Victor Souza, que era gerente de farm\u00e1cia em Natal e, desde 2017, \u00e9 presidente da C\u00e2mara de Vereadores do munic\u00edpio de Campo Redondo.<\/p><div class=\"hajzs69ede62de9e6c\" ><!--<a href=\"https:\/\/bit.ly\/3QdrqTZ\" target=\"_blank\">\n<img src=\"https:\/\/justicapotiguar.com.br\/wp-content\/uploads\/2023\/09\/mobile-geral.gif\"\/><a\/>--><\/div><style type=\"text\/css\">\r\n.hajzs69ede62de9e6c {\r\ntext-align: center;\r\n}\r\n@media screen and (min-width: 1201px) {\r\n.hajzs69ede62de9e6c {\r\ndisplay: none;\r\n}\r\n}\r\n@media screen and (min-width: 993px) and (max-width: 1200px) {\r\n.hajzs69ede62de9e6c {\r\ndisplay: none;\r\n}\r\n}\r\n@media screen and (min-width: 769px) and (max-width: 992px) {\r\n.hajzs69ede62de9e6c {\r\ndisplay: none;\r\n}\r\n}\r\n@media screen and (min-width: 768px) and (max-width: 768px) {\r\n.hajzs69ede62de9e6c {\r\ndisplay: block;\r\n}\r\n}\r\n@media screen and (max-width: 767px) {\r\n.hajzs69ede62de9e6c {\r\ndisplay: block;\r\n}\r\n}\r\n<\/style>\r\n<div class=\"yqxnu69ede62de9e52\" ><!--<a href=\"https:\/\/bit.ly\/3QdrqTZ\" target=\"_blank\">\n<img src=\"https:\/\/justicapotiguar.com.br\/wp-content\/uploads\/2023\/09\/desktop-geral.gif\"\/><a\/>--><\/div><style type=\"text\/css\">\r\n.yqxnu69ede62de9e52 {\r\ntext-align: center;\nmargin-bottom: 1em;\r\n}\r\n@media screen and (min-width: 1201px) {\r\n.yqxnu69ede62de9e52 {\r\ndisplay: block;\r\n}\r\n}\r\n@media screen and (min-width: 993px) and (max-width: 1200px) {\r\n.yqxnu69ede62de9e52 {\r\ndisplay: block;\r\n}\r\n}\r\n@media screen and (min-width: 769px) and (max-width: 992px) {\r\n.yqxnu69ede62de9e52 {\r\ndisplay: block;\r\n}\r\n}\r\n@media screen and (min-width: 768px) and (max-width: 768px) {\r\n.yqxnu69ede62de9e52 {\r\ndisplay: none;\r\n}\r\n}\r\n@media screen and (max-width: 767px) {\r\n.yqxnu69ede62de9e52 {\r\ndisplay: none;\r\n}\r\n}\r\n<\/style>\r\n\n\n\n\n<p>Ele n\u00e3o prestava servi\u00e7os e repassava a remunera\u00e7\u00e3o recebida do Senado a J\u00fanior Maia (que declarou ser sogro de Victor). Como era servidor da Assembleia Legislativa do Rio Grande do Norte, J\u00fanior Maia n\u00e3o poderia assumir oficialmente a fun\u00e7\u00e3o no Congresso e, por isso, foi montado o esquema ilegal, por meio da nomea\u00e7\u00e3o fict\u00edcia de Victor Souza, por determina\u00e7\u00e3o de Jos\u00e9 Agripino.<\/p>\n\n\n\n<p>Al\u00e9m da a\u00e7\u00e3o de improbidade, o MPF j\u00e1 ratificou junto \u00e0 Justi\u00e7a Federal do RN uma den\u00fancia por associa\u00e7\u00e3o criminosa e peculato \u2013 a respeito dos mesmos fatos \u2013, que havia sido apresentada inicialmente pela Procuradoria-Geral da Rep\u00fablica (PGR) ao Supremo Tribunal Federal (STF).<\/p>\n\n\n\n<p>Caso condenados na a\u00e7\u00e3o de improbidade (AIA n\u00ba 808366-72.2019.4.05.8400), os tr\u00eas poder\u00e3o ser sentenciados ao ressarcimento integral do dano, \u00e0 perda da fun\u00e7\u00e3o p\u00fablica, \u00e0 suspens\u00e3o dos direitos pol\u00edticos, ao pagamento de multa e \u00e0 proibi\u00e7\u00e3o de contratar com o Poder P\u00fablico. J\u00e1 na den\u00fancia (A\u00e7\u00e3o Penal 08004144-61.2019.4.05.8400), o MPF pede o ressarcimento do valor com corre\u00e7\u00e3o e juros, requer indeniza\u00e7\u00e3o por danos morais coletivos em quantia equivalente ao dobro da desviada, bem como a perda do \u201ccargo ou emprego p\u00fablico ou mandato eletivo\u201d que eventualmente os envolvidos estejam ocupando.<\/p>\n","protected":false},"excerpt":{"rendered":"<p>Bens bloqueados devem garantir o ressarcimento de quase R$ 600 mil aos cofres p\u00fablicos<\/p>\n<p><a class=\"more-link\" href=\"https:\/\/justicapotiguar.com.br\/index.php\/2019\/09\/13\/justica-decreta-indisponibilidade-de-bens-de-agripino-maia-e-envolvidos-em-nomeacao-de-funcionario-fantasma\/\">Mais&#8230;<\/a><\/p>\n","protected":false},"author":5,"featured_media":783,"comment_status":"open","ping_status":"open","sticky":false,"template":"","format":"standard","meta":[],"categories":[3],"tags":[],"_links":{"self":[{"href":"https:\/\/justicapotiguar.com.br\/index.php\/wp-json\/wp\/v2\/posts\/2173"}],"collection":[{"href":"https:\/\/justicapotiguar.com.br\/index.php\/wp-json\/wp\/v2\/posts"}],"about":[{"href":"https:\/\/justicapotiguar.com.br\/index.php\/wp-json\/wp\/v2\/types\/post"}],"author":[{"embeddable":true,"href":"https:\/\/justicapotiguar.com.br\/index.php\/wp-json\/wp\/v2\/users\/5"}],"replies":[{"embeddable":true,"href":"https:\/\/justicapotiguar.com.br\/index.php\/wp-json\/wp\/v2\/comments?post=2173"}],"version-history":[{"count":2,"href":"https:\/\/justicapotiguar.com.br\/index.php\/wp-json\/wp\/v2\/posts\/2173\/revisions"}],"predecessor-version":[{"id":2175,"href":"https:\/\/justicapotiguar.com.br\/index.php\/wp-json\/wp\/v2\/posts\/2173\/revisions\/2175"}],"wp:featuredmedia":[{"embeddable":true,"href":"https:\/\/justicapotiguar.com.br\/index.php\/wp-json\/wp\/v2\/media\/783"}],"wp:attachment":[{"href":"https:\/\/justicapotiguar.com.br\/index.php\/wp-json\/wp\/v2\/media?parent=2173"}],"wp:term":[{"taxonomy":"category","embeddable":true,"href":"https:\/\/justicapotiguar.com.br\/index.php\/wp-json\/wp\/v2\/categories?post=2173"},{"taxonomy":"post_tag","embeddable":true,"href":"https:\/\/justicapotiguar.com.br\/index.php\/wp-json\/wp\/v2\/tags?post=2173"}],"curies":[{"name":"wp","href":"https:\/\/api.w.org\/{rel}","templated":true}]}}