{"id":21465,"date":"2021-09-09T08:14:41","date_gmt":"2021-09-09T11:14:41","guid":{"rendered":"https:\/\/justicapotiguar.com.br\/?p=21465"},"modified":"2021-09-09T08:15:26","modified_gmt":"2021-09-09T11:15:26","slug":"morre-ao-83-anos-potiguar-jose-augusto-delgado-ministro-aposentado-do-stj","status":"publish","type":"post","link":"https:\/\/justicapotiguar.com.br\/index.php\/2021\/09\/09\/morre-ao-83-anos-potiguar-jose-augusto-delgado-ministro-aposentado-do-stj\/","title":{"rendered":"Morre aos 83 anos potiguar Jos\u00e9 Augusto Delgado, ministro aposentado do STJ"},"content":{"rendered":"\n<figure class=\"wp-block-image size-large\"><img loading=\"lazy\" width=\"868\" height=\"644\" src=\"https:\/\/justicapotiguar.com.br\/wp-content\/uploads\/2021\/09\/jose-augusto-delgado-e1631168733313-868x644-1.jpeg\" alt=\"\" class=\"wp-image-21466\" srcset=\"https:\/\/justicapotiguar.com.br\/wp-content\/uploads\/2021\/09\/jose-augusto-delgado-e1631168733313-868x644-1.jpeg 868w, https:\/\/justicapotiguar.com.br\/wp-content\/uploads\/2021\/09\/jose-augusto-delgado-e1631168733313-868x644-1-300x223.jpeg 300w, https:\/\/justicapotiguar.com.br\/wp-content\/uploads\/2021\/09\/jose-augusto-delgado-e1631168733313-868x644-1-768x570.jpeg 768w\" sizes=\"(max-width: 868px) 100vw, 868px\" \/><figcaption>Reprodu\u00e7\u00e3o<\/figcaption><\/figure>\n\n\n\n<p><\/p>\n\n\n\n<p>O STJ (Superior Tribunal de Justi\u00e7a) comunicou na 4\u00aa feira (8.set.2021) a morte do potiguar Jos\u00e9 Augusto Delgado, ministro aposentado do tribunal, aos 83 anos. Ele foi empossado em dezembro de 1995 e atuou no STJ at\u00e9 junho de 2008. Ele deixa a mulher, Maria Jos\u00e9 Costa Delgado, e 3 filhos. O STJ n\u00e3o informou a causa da morte. <\/p>\n\n\n\n<p>\u201cPerdemos mais um grande nome que abrilhantou o Superior Tribunal de Justi\u00e7a. Perde a magistratura brasileira uma figura humana exemplar e um not\u00e1vel e culto magistrado! Delgado dignificou o tribunal da cidadania! <\/p>\n\n\n\n<p>Que Deus, em sua infinita miseric\u00f3rdia, console a fam\u00edlia e os amigos de Jos\u00e9 Augusto Delgado\u201d, declarou o presidente do STJ, ministro Humberto Martins, em nome da Corte.<\/p><div class=\"gjdxk69f215973dd96\" ><!--<a href=\"https:\/\/bit.ly\/3QdrqTZ\" target=\"_blank\">\n<img src=\"https:\/\/justicapotiguar.com.br\/wp-content\/uploads\/2023\/09\/mobile-geral.gif\"\/><a\/>--><\/div><style type=\"text\/css\">\r\n.gjdxk69f215973dd96 {\r\ntext-align: center;\r\n}\r\n@media screen and (min-width: 1201px) {\r\n.gjdxk69f215973dd96 {\r\ndisplay: none;\r\n}\r\n}\r\n@media screen and (min-width: 993px) and (max-width: 1200px) {\r\n.gjdxk69f215973dd96 {\r\ndisplay: none;\r\n}\r\n}\r\n@media screen and (min-width: 769px) and (max-width: 992px) {\r\n.gjdxk69f215973dd96 {\r\ndisplay: none;\r\n}\r\n}\r\n@media screen and (min-width: 768px) and (max-width: 768px) {\r\n.gjdxk69f215973dd96 {\r\ndisplay: block;\r\n}\r\n}\r\n@media screen and (max-width: 767px) {\r\n.gjdxk69f215973dd96 {\r\ndisplay: block;\r\n}\r\n}\r\n<\/style>\r\n<div class=\"wubil69f215973dd75\" ><!--<a href=\"https:\/\/bit.ly\/3QdrqTZ\" target=\"_blank\">\n<img src=\"https:\/\/justicapotiguar.com.br\/wp-content\/uploads\/2023\/09\/desktop-geral.gif\"\/><a\/>--><\/div><style type=\"text\/css\">\r\n.wubil69f215973dd75 {\r\ntext-align: center;\nmargin-bottom: 1em;\r\n}\r\n@media screen and (min-width: 1201px) {\r\n.wubil69f215973dd75 {\r\ndisplay: block;\r\n}\r\n}\r\n@media screen and (min-width: 993px) and (max-width: 1200px) {\r\n.wubil69f215973dd75 {\r\ndisplay: block;\r\n}\r\n}\r\n@media screen and (min-width: 769px) and (max-width: 992px) {\r\n.wubil69f215973dd75 {\r\ndisplay: block;\r\n}\r\n}\r\n@media screen and (min-width: 768px) and (max-width: 768px) {\r\n.wubil69f215973dd75 {\r\ndisplay: none;\r\n}\r\n}\r\n@media screen and (max-width: 767px) {\r\n.wubil69f215973dd75 {\r\ndisplay: none;\r\n}\r\n}\r\n<\/style>\r\n\n\n\n\n<p>Nascido em S\u00e3o Jos\u00e9 de Campestre (RN), em 7 de junho de 1938, Delgado formou-se pela UFRN (Universidade Federal do Rio Grande do Norte).&nbsp; Fez especializa\u00e7\u00e3o em Direito Civil e Comercial na mesma institui\u00e7\u00e3o. Foi juiz de Direito no Rio Grande do Norte, juiz eleitoral e juiz federal substituto do Rio Grande do Norte. No STJ, foi membro da 1\u00aa Turma e da 1\u00aa Se\u00e7\u00e3o. Tamb\u00e9m foi membro da Corte Especial, presidente da Comiss\u00e3o de Regimento Interno do STJ e integrou a Comiss\u00e3o Tempor\u00e1ria para Acompanhamento da Reforma do Poder Judici\u00e1rio. Foi diretor do Gabinete da Revista do STJ e vice-diretor da Enfam.<\/p>\n\n\n\n<p>O ministro ainda ocupou o cargo de corregedor-geral do TSE (Tribunal Superior Eleitoral) no bi\u00eanio 2006-2008. No magist\u00e9rio, foi professor colaborador da UFRN, professor de Direito da Universidade Cat\u00f3lica de Pernambuco e professor de p\u00f3s-gradua\u00e7\u00e3o do UniCEUB (Centro Universit\u00e1rio de Bras\u00edlia).<\/p>\n\n\n\n<p>Com informa\u00e7\u00f5es do STJ<\/p>\n\n\n\n<p><\/p>\n","protected":false},"excerpt":{"rendered":"<p>O STJ (Superior Tribunal de Justi\u00e7a) comunicou na 4\u00aa feira (8.set.2021) a morte do potiguar Jos\u00e9 Augusto Delgado, ministro aposentado do tribunal, aos 83 anos. Ele foi empossado em dezembro de 1995 e atuou no STJ at\u00e9 junho de 2008. Ele deixa a mulher, Maria Jos\u00e9 Costa Delgado, e 3 filhos. O STJ n\u00e3o informou<br \/><a class=\"more-link\" href=\"https:\/\/justicapotiguar.com.br\/index.php\/2021\/09\/09\/morre-ao-83-anos-potiguar-jose-augusto-delgado-ministro-aposentado-do-stj\/\">Mais&#8230;<\/a><\/p>\n","protected":false},"author":5,"featured_media":21466,"comment_status":"open","ping_status":"open","sticky":false,"template":"","format":"standard","meta":[],"categories":[3],"tags":[],"_links":{"self":[{"href":"https:\/\/justicapotiguar.com.br\/index.php\/wp-json\/wp\/v2\/posts\/21465"}],"collection":[{"href":"https:\/\/justicapotiguar.com.br\/index.php\/wp-json\/wp\/v2\/posts"}],"about":[{"href":"https:\/\/justicapotiguar.com.br\/index.php\/wp-json\/wp\/v2\/types\/post"}],"author":[{"embeddable":true,"href":"https:\/\/justicapotiguar.com.br\/index.php\/wp-json\/wp\/v2\/users\/5"}],"replies":[{"embeddable":true,"href":"https:\/\/justicapotiguar.com.br\/index.php\/wp-json\/wp\/v2\/comments?post=21465"}],"version-history":[{"count":3,"href":"https:\/\/justicapotiguar.com.br\/index.php\/wp-json\/wp\/v2\/posts\/21465\/revisions"}],"predecessor-version":[{"id":21469,"href":"https:\/\/justicapotiguar.com.br\/index.php\/wp-json\/wp\/v2\/posts\/21465\/revisions\/21469"}],"wp:featuredmedia":[{"embeddable":true,"href":"https:\/\/justicapotiguar.com.br\/index.php\/wp-json\/wp\/v2\/media\/21466"}],"wp:attachment":[{"href":"https:\/\/justicapotiguar.com.br\/index.php\/wp-json\/wp\/v2\/media?parent=21465"}],"wp:term":[{"taxonomy":"category","embeddable":true,"href":"https:\/\/justicapotiguar.com.br\/index.php\/wp-json\/wp\/v2\/categories?post=21465"},{"taxonomy":"post_tag","embeddable":true,"href":"https:\/\/justicapotiguar.com.br\/index.php\/wp-json\/wp\/v2\/tags?post=21465"}],"curies":[{"name":"wp","href":"https:\/\/api.w.org\/{rel}","templated":true}]}}