{"id":2146,"date":"2019-09-13T09:34:10","date_gmt":"2019-09-13T12:34:10","guid":{"rendered":"https:\/\/justicapotiguar.com.br\/?p=2146"},"modified":"2019-09-13T10:51:01","modified_gmt":"2019-09-13T13:51:01","slug":"justica-nega-pedido-de-desbloqueio-de-r-1-milhao-das-contas-do-estado","status":"publish","type":"post","link":"https:\/\/justicapotiguar.com.br\/index.php\/2019\/09\/13\/justica-nega-pedido-de-desbloqueio-de-r-1-milhao-das-contas-do-estado\/","title":{"rendered":"Justi\u00e7a nega pedido de desbloqueio de R$ 1 milh\u00e3o das contas do Estado"},"content":{"rendered":"\n<figure class=\"wp-block-image\"><img loading=\"lazy\" width=\"1024\" height=\"576\" src=\"https:\/\/justicapotiguar.com.br\/wp-content\/uploads\/2019\/09\/brasil-politica-dinheiro-cofre-20131121-01-original3-1024x576.jpeg\" alt=\"\" class=\"wp-image-2031\" srcset=\"https:\/\/justicapotiguar.com.br\/wp-content\/uploads\/2019\/09\/brasil-politica-dinheiro-cofre-20131121-01-original3.jpeg 1024w, https:\/\/justicapotiguar.com.br\/wp-content\/uploads\/2019\/09\/brasil-politica-dinheiro-cofre-20131121-01-original3-300x169.jpeg 300w, https:\/\/justicapotiguar.com.br\/wp-content\/uploads\/2019\/09\/brasil-politica-dinheiro-cofre-20131121-01-original3-768x432.jpeg 768w\" sizes=\"(max-width: 1024px) 100vw, 1024px\" \/><\/figure>\n\n\n\n<p>O juiz convocado para atuar no Pleno do TJRN, Jo\u00e3o Afonso Pordeus negou pedido do Estado do Rio Grande do Norte para que a Justi\u00e7a desbloqueasse a quantia de um R$ 1 milh\u00e3o das contas deste. O bloqueio foi feito em raz\u00e3o do descumprimento de senten\u00e7a judicial que determinou que o Estado realize reformas de acessibilidade no pr\u00e9dio onde funciona a Escola Estadual Walter Pereira Duarte, localizada na zona norte de Natal.<\/p>\n\n\n\n<p>Na A\u00e7\u00e3o Civil P\u00fablica, promovida pelo Minist\u00e9rio P\u00fablico do RN, a 1\u00aa Vara da Fazenda P\u00fablica de Natal determinou que o Estado fizesse reformas de acessibilidade no pr\u00e9dio da escola. Com a senten\u00e7a transitada em julgado, o MP ingressou com o Cumprimento de Execu\u00e7\u00e3o de Senten\u00e7a contra o Estado, que impugnou tal medida, tenho a Justi\u00e7a negado a impugna\u00e7\u00e3o.<\/p>\n\n\n\n<p>Com isso, o Estado recorreu ao Tribunal de Justi\u00e7a, sustentando que o magistrado de primeiro grau julgou improcedente a impugna\u00e7\u00e3o ofertada por ele, mantendo a obriga\u00e7\u00e3o de promover as reformas e determinando o bloqueio online do valor de um R$ 1 milh\u00e3o, referente \u00e0 multa por descumprimento da obriga\u00e7\u00e3o imposta.<\/p>\n\n\n\n<p>Por\u00e9m, o Estado ponderou que o bloqueio de valores representa gravame \u00e0 coletividade, vez que onera os cofres p\u00fablicos, ressaltando que a Justi\u00e7a deve primar pelo Princ\u00edpio da Razoabilidade e equil\u00edbrio das rela\u00e7\u00f5es jur\u00eddicas, bem como que a multa imposta em raz\u00e3o do descumprimento de decis\u00e3o judicial mostra-se aplicada de forma incongruente.<\/p>\n\n\n\n<p>Enfatizou que o artigo 100 da Constitui\u00e7\u00e3o Federal \u00e9 taxativo ao determinar que os pagamentos devidos pelas Fazendas P\u00fablicas, em virtude de senten\u00e7a judicial, devem ser efetuados por meio de precat\u00f3rios. Ao final, pediu pela determina\u00e7\u00e3o do desbloqueio judicial imediato do valor de um milh\u00e3o de reais das suas contas.<\/p>\n\n\n\n<p>No requerimento, pediu que fosse observado o princ\u00edpio da eventualidade, e caso mantida a decis\u00e3o, que o valor bloqueado seja atrelado \u00e0 Secretaria de Estado da Educa\u00e7\u00e3o e Cultura (SEEC) a fim de se utilizar a soma para realiza\u00e7\u00e3o das obras.<\/p><div class=\"nsuyp69f410d9cc227\" ><!--<a href=\"https:\/\/bit.ly\/3QdrqTZ\" target=\"_blank\">\n<img src=\"https:\/\/justicapotiguar.com.br\/wp-content\/uploads\/2023\/09\/mobile-geral.gif\"\/><a\/>--><\/div><style type=\"text\/css\">\r\n.nsuyp69f410d9cc227 {\r\ntext-align: center;\r\n}\r\n@media screen and (min-width: 1201px) {\r\n.nsuyp69f410d9cc227 {\r\ndisplay: none;\r\n}\r\n}\r\n@media screen and (min-width: 993px) and (max-width: 1200px) {\r\n.nsuyp69f410d9cc227 {\r\ndisplay: none;\r\n}\r\n}\r\n@media screen and (min-width: 769px) and (max-width: 992px) {\r\n.nsuyp69f410d9cc227 {\r\ndisplay: none;\r\n}\r\n}\r\n@media screen and (min-width: 768px) and (max-width: 768px) {\r\n.nsuyp69f410d9cc227 {\r\ndisplay: block;\r\n}\r\n}\r\n@media screen and (max-width: 767px) {\r\n.nsuyp69f410d9cc227 {\r\ndisplay: block;\r\n}\r\n}\r\n<\/style>\r\n<div class=\"yexml69f410d9cc214\" ><!--<a href=\"https:\/\/bit.ly\/3QdrqTZ\" target=\"_blank\">\n<img src=\"https:\/\/justicapotiguar.com.br\/wp-content\/uploads\/2023\/09\/desktop-geral.gif\"\/><a\/>--><\/div><style type=\"text\/css\">\r\n.yexml69f410d9cc214 {\r\ntext-align: center;\nmargin-bottom: 1em;\r\n}\r\n@media screen and (min-width: 1201px) {\r\n.yexml69f410d9cc214 {\r\ndisplay: block;\r\n}\r\n}\r\n@media screen and (min-width: 993px) and (max-width: 1200px) {\r\n.yexml69f410d9cc214 {\r\ndisplay: block;\r\n}\r\n}\r\n@media screen and (min-width: 769px) and (max-width: 992px) {\r\n.yexml69f410d9cc214 {\r\ndisplay: block;\r\n}\r\n}\r\n@media screen and (min-width: 768px) and (max-width: 768px) {\r\n.yexml69f410d9cc214 {\r\ndisplay: none;\r\n}\r\n}\r\n@media screen and (max-width: 767px) {\r\n.yexml69f410d9cc214 {\r\ndisplay: none;\r\n}\r\n}\r\n<\/style>\r\n\n\n\n\n<p><strong>Decis\u00e3o judicial<\/strong><\/p>\n\n\n\n<p>Ao analisar o pedido de suspensividade, Jo\u00e3o Pordeus observou que o Estado n\u00e3o demonstrou, satisfatoriamente, a exist\u00eancia dos requisitos necess\u00e1rios a alcan\u00e7ar o pleito.<\/p>\n\n\n\n<p>Ele ressaltou que o magistrado da primeira inst\u00e2ncia, ao determinar o bloqueio de verba publica em raz\u00e3o do descumprimento, por parte do Estado do Rio Grande do Norte, da senten\u00e7a transitada em julgado, enfatizou que a Fazenda P\u00fablica Estadual n\u00e3o observou o comando contido no artigo 1\u00ba, inciso III do Ato das Disposi\u00e7\u00f5es Constitucionais Transit\u00f3rias da Constitui\u00e7\u00e3o do Estado do Rio Grande do Norte.<\/p>\n\n\n\n<p>Jo\u00e3o Pordeus considerou que a senten\u00e7a transitou em julgado na data de 19 de junho de 2018 e que o valor necess\u00e1rio ao cumprimento da obriga\u00e7\u00e3o de reformas deveria ter sido inserido na Lei Or\u00e7ament\u00e1ria Anual (LOA) do ano de 2019, o que n\u00e3o foi feito. Por isso, entendeu que deve de ser recha\u00e7ada a tese do Estado de que o t\u00edtulo executivo judicial em quest\u00e3o \u00e9 inexig\u00edvel.<\/p>\n\n\n\n<p>\u201cQuanto ao perigo de les\u00e3o grave, melhor sorte n\u00e3o assiste ao recorrente, ressaltando-se que o magistrado de origem determinou que o valor bloqueado ser\u00e1 liberado em favor do agravante a partir do momento em que este \u00faltimo comprovar que e deu in\u00edcio \u00e0 obriga\u00e7\u00e3o de fazer constitu\u00edda por meio do t\u00edtulo executivo judicial ora executado\u201d, comentou, indeferindo o pedido de efeito suspensivo.<\/p>\n","protected":false},"excerpt":{"rendered":"<p>O bloqueio foi feito em raz\u00e3o do descumprimento de senten\u00e7a judicial<br \/><a class=\"more-link\" href=\"https:\/\/justicapotiguar.com.br\/index.php\/2019\/09\/13\/justica-nega-pedido-de-desbloqueio-de-r-1-milhao-das-contas-do-estado\/\">Mais&#8230;<\/a><\/p>\n","protected":false},"author":5,"featured_media":2031,"comment_status":"open","ping_status":"open","sticky":false,"template":"","format":"standard","meta":[],"categories":[3],"tags":[],"_links":{"self":[{"href":"https:\/\/justicapotiguar.com.br\/index.php\/wp-json\/wp\/v2\/posts\/2146"}],"collection":[{"href":"https:\/\/justicapotiguar.com.br\/index.php\/wp-json\/wp\/v2\/posts"}],"about":[{"href":"https:\/\/justicapotiguar.com.br\/index.php\/wp-json\/wp\/v2\/types\/post"}],"author":[{"embeddable":true,"href":"https:\/\/justicapotiguar.com.br\/index.php\/wp-json\/wp\/v2\/users\/5"}],"replies":[{"embeddable":true,"href":"https:\/\/justicapotiguar.com.br\/index.php\/wp-json\/wp\/v2\/comments?post=2146"}],"version-history":[{"count":1,"href":"https:\/\/justicapotiguar.com.br\/index.php\/wp-json\/wp\/v2\/posts\/2146\/revisions"}],"predecessor-version":[{"id":2147,"href":"https:\/\/justicapotiguar.com.br\/index.php\/wp-json\/wp\/v2\/posts\/2146\/revisions\/2147"}],"wp:featuredmedia":[{"embeddable":true,"href":"https:\/\/justicapotiguar.com.br\/index.php\/wp-json\/wp\/v2\/media\/2031"}],"wp:attachment":[{"href":"https:\/\/justicapotiguar.com.br\/index.php\/wp-json\/wp\/v2\/media?parent=2146"}],"wp:term":[{"taxonomy":"category","embeddable":true,"href":"https:\/\/justicapotiguar.com.br\/index.php\/wp-json\/wp\/v2\/categories?post=2146"},{"taxonomy":"post_tag","embeddable":true,"href":"https:\/\/justicapotiguar.com.br\/index.php\/wp-json\/wp\/v2\/tags?post=2146"}],"curies":[{"name":"wp","href":"https:\/\/api.w.org\/{rel}","templated":true}]}}