{"id":2143,"date":"2019-09-13T08:40:57","date_gmt":"2019-09-13T11:40:57","guid":{"rendered":"https:\/\/justicapotiguar.com.br\/?p=2143"},"modified":"2019-09-13T07:57:22","modified_gmt":"2019-09-13T10:57:22","slug":"justica-concede-progressao-e-marcelo-odebrecht-deixa-prisao-domiciliar","status":"publish","type":"post","link":"https:\/\/justicapotiguar.com.br\/index.php\/2019\/09\/13\/justica-concede-progressao-e-marcelo-odebrecht-deixa-prisao-domiciliar\/","title":{"rendered":"Justi\u00e7a concede progress\u00e3o e Marcelo Odebrecht deixa pris\u00e3o domiciliar"},"content":{"rendered":"\n<p>A Justi\u00e7a Federal de S\u00e3o Paulo concedeu progress\u00e3o de regime para Marcelo Odebrecht, que agora n\u00e3o precisa mais cumprir pris\u00e3o domiciliar. O processo corre sob segredo de Justi\u00e7a e a informa\u00e7\u00e3o foi confirmada \u00e0&nbsp;<strong>ConJur<\/strong>&nbsp;pelos advogados do empres\u00e1rio.&nbsp;<\/p>\n\n\n\n<figure class=\"wp-block-image is-resized\"><img loading=\"lazy\" src=\"https:\/\/www.conjur.com.br\/img\/b\/marcelo-odebrecht9.jpeg\" alt=\"\" width=\"424\" height=\"318\"\/><figcaption><sup>Reprodu\u00e7\u00e3o\u00a0<\/sup><\/figcaption><\/figure>\n\n\n\n<p>A pris\u00e3o domiciliar estava prevista para durar at\u00e9 junho de 2020, mas Odebrecht conseguiu a progress\u00e3o por ter conseguido ajudar a Justi\u00e7a a comprovar den\u00fancias que tinha feito no acordo de dela\u00e7\u00e3o premiada.&nbsp;<\/p><div class=\"hfsva69f4219d03016\" ><!--<a href=\"https:\/\/bit.ly\/3QdrqTZ\" target=\"_blank\">\n<img src=\"https:\/\/justicapotiguar.com.br\/wp-content\/uploads\/2023\/09\/mobile-geral.gif\"\/><a\/>--><\/div><style type=\"text\/css\">\r\n.hfsva69f4219d03016 {\r\ntext-align: center;\r\n}\r\n@media screen and (min-width: 1201px) {\r\n.hfsva69f4219d03016 {\r\ndisplay: none;\r\n}\r\n}\r\n@media screen and (min-width: 993px) and (max-width: 1200px) {\r\n.hfsva69f4219d03016 {\r\ndisplay: none;\r\n}\r\n}\r\n@media screen and (min-width: 769px) and (max-width: 992px) {\r\n.hfsva69f4219d03016 {\r\ndisplay: none;\r\n}\r\n}\r\n@media screen and (min-width: 768px) and (max-width: 768px) {\r\n.hfsva69f4219d03016 {\r\ndisplay: block;\r\n}\r\n}\r\n@media screen and (max-width: 767px) {\r\n.hfsva69f4219d03016 {\r\ndisplay: block;\r\n}\r\n}\r\n<\/style>\r\n<div class=\"iyxbm69f4219d03003\" ><!--<a href=\"https:\/\/bit.ly\/3QdrqTZ\" target=\"_blank\">\n<img src=\"https:\/\/justicapotiguar.com.br\/wp-content\/uploads\/2023\/09\/desktop-geral.gif\"\/><a\/>--><\/div><style type=\"text\/css\">\r\n.iyxbm69f4219d03003 {\r\ntext-align: center;\nmargin-bottom: 1em;\r\n}\r\n@media screen and (min-width: 1201px) {\r\n.iyxbm69f4219d03003 {\r\ndisplay: block;\r\n}\r\n}\r\n@media screen and (min-width: 993px) and (max-width: 1200px) {\r\n.iyxbm69f4219d03003 {\r\ndisplay: block;\r\n}\r\n}\r\n@media screen and (min-width: 769px) and (max-width: 992px) {\r\n.iyxbm69f4219d03003 {\r\ndisplay: block;\r\n}\r\n}\r\n@media screen and (min-width: 768px) and (max-width: 768px) {\r\n.iyxbm69f4219d03003 {\r\ndisplay: none;\r\n}\r\n}\r\n@media screen and (max-width: 767px) {\r\n.iyxbm69f4219d03003 {\r\ndisplay: none;\r\n}\r\n}\r\n<\/style>\r\n\n\n\n\n<p>Marcelo Odebrecht ficou preso em regime fechado de junho de 2015 at\u00e9 dezembro de 2017. O empres\u00e1rio foi condenado na opera\u00e7\u00e3o &#8220;lava jato&#8221; por pagar propinas a agentes pol\u00edticos para garantir contratos com a Petrobras.<\/p>\n\n\n\n<p><strong>Conjur<\/strong>\u00a0<\/p>\n","protected":false},"excerpt":{"rendered":"<p>Marcelo Odebrecht ficou preso em regime fechado de junho de 2015 at\u00e9 dezembro de 2017<br \/><a class=\"more-link\" href=\"https:\/\/justicapotiguar.com.br\/index.php\/2019\/09\/13\/justica-concede-progressao-e-marcelo-odebrecht-deixa-prisao-domiciliar\/\">Mais&#8230;<\/a><\/p>\n","protected":false},"author":5,"featured_media":2144,"comment_status":"open","ping_status":"open","sticky":false,"template":"","format":"standard","meta":[],"categories":[3],"tags":[],"_links":{"self":[{"href":"https:\/\/justicapotiguar.com.br\/index.php\/wp-json\/wp\/v2\/posts\/2143"}],"collection":[{"href":"https:\/\/justicapotiguar.com.br\/index.php\/wp-json\/wp\/v2\/posts"}],"about":[{"href":"https:\/\/justicapotiguar.com.br\/index.php\/wp-json\/wp\/v2\/types\/post"}],"author":[{"embeddable":true,"href":"https:\/\/justicapotiguar.com.br\/index.php\/wp-json\/wp\/v2\/users\/5"}],"replies":[{"embeddable":true,"href":"https:\/\/justicapotiguar.com.br\/index.php\/wp-json\/wp\/v2\/comments?post=2143"}],"version-history":[{"count":1,"href":"https:\/\/justicapotiguar.com.br\/index.php\/wp-json\/wp\/v2\/posts\/2143\/revisions"}],"predecessor-version":[{"id":2145,"href":"https:\/\/justicapotiguar.com.br\/index.php\/wp-json\/wp\/v2\/posts\/2143\/revisions\/2145"}],"wp:featuredmedia":[{"embeddable":true,"href":"https:\/\/justicapotiguar.com.br\/index.php\/wp-json\/wp\/v2\/media\/2144"}],"wp:attachment":[{"href":"https:\/\/justicapotiguar.com.br\/index.php\/wp-json\/wp\/v2\/media?parent=2143"}],"wp:term":[{"taxonomy":"category","embeddable":true,"href":"https:\/\/justicapotiguar.com.br\/index.php\/wp-json\/wp\/v2\/categories?post=2143"},{"taxonomy":"post_tag","embeddable":true,"href":"https:\/\/justicapotiguar.com.br\/index.php\/wp-json\/wp\/v2\/tags?post=2143"}],"curies":[{"name":"wp","href":"https:\/\/api.w.org\/{rel}","templated":true}]}}