{"id":2141,"date":"2019-09-13T07:51:18","date_gmt":"2019-09-13T10:51:18","guid":{"rendered":"https:\/\/justicapotiguar.com.br\/?p=2141"},"modified":"2019-09-13T07:51:18","modified_gmt":"2019-09-13T10:51:18","slug":"homem-acusado-de-violencia-domestica-e-que-resistiu-a-prisao-tem-recurso-negado-pela-justica-no-rn","status":"publish","type":"post","link":"https:\/\/justicapotiguar.com.br\/index.php\/2019\/09\/13\/homem-acusado-de-violencia-domestica-e-que-resistiu-a-prisao-tem-recurso-negado-pela-justica-no-rn\/","title":{"rendered":"Homem acusado de viol\u00eancia dom\u00e9stica e que resistiu \u00e0 pris\u00e3o tem recurso negado pela Justi\u00e7a no RN"},"content":{"rendered":"\n<figure class=\"wp-block-image\"><img loading=\"lazy\" width=\"860\" height=\"645\" src=\"https:\/\/justicapotiguar.com.br\/wp-content\/uploads\/2019\/08\/TJRN-01-1.jpg\" alt=\"\" class=\"wp-image-497\" srcset=\"https:\/\/justicapotiguar.com.br\/wp-content\/uploads\/2019\/08\/TJRN-01-1.jpg 860w, https:\/\/justicapotiguar.com.br\/wp-content\/uploads\/2019\/08\/TJRN-01-1-300x225.jpg 300w, https:\/\/justicapotiguar.com.br\/wp-content\/uploads\/2019\/08\/TJRN-01-1-768x576.jpg 768w\" sizes=\"(max-width: 860px) 100vw, 860px\" \/><\/figure>\n\n\n\n<p>Ao julgar um recurso de Apela\u00e7\u00e3o, a C\u00e2mara Criminal do Tribunal de Justi\u00e7a do RN manteve senten\u00e7a da 7\u00aa Vara Criminal de Natal e determinou a execu\u00e7\u00e3o provis\u00f3ria da pena aplicada a Lauro Astrogildo Leite de Souza pelo crime de resist\u00eancia a pris\u00e3o. Ele foi acusado de ter amea\u00e7ado e agredido policiais que se dirigiram ao seu local de trabalho para cumprimento de um mandado de pris\u00e3o em um caso viol\u00eancia dom\u00e9stica.<\/p>\n\n\n\n<p>O fato ocorreu no dia 15 de dezembro de 2017, quando policiais civis lotados na Delegacia Especializada em Atendimento \u00e0 Mulher (DEAM) foram acionados pela Promotoria da Viol\u00eancia Dom\u00e9stica para cumprir um mandado de pris\u00e3o contra o denunciado, que j\u00e1 respondia a um processo na Vara de Viol\u00eancia Dom\u00e9stica.<\/p>\n\n\n\n<p>Na Apela\u00e7\u00e3o, o Minist\u00e9rio P\u00fablico Estadual pedia o aumento da pena, aplicada inicialmente em 11 meses de deten\u00e7\u00e3o. J\u00e1 o r\u00e9u alegou insufici\u00eancia de provas, mas o \u00f3rg\u00e3o julgador n\u00e3o acatou o pedido de ambos.<\/p>\n\n\n\n<p><strong>O caso<\/strong><\/p><div class=\"maunb69f4353af0c79\" ><!--<a href=\"https:\/\/bit.ly\/3QdrqTZ\" target=\"_blank\">\n<img src=\"https:\/\/justicapotiguar.com.br\/wp-content\/uploads\/2023\/09\/mobile-geral.gif\"\/><a\/>--><\/div><style type=\"text\/css\">\r\n.maunb69f4353af0c79 {\r\ntext-align: center;\r\n}\r\n@media screen and (min-width: 1201px) {\r\n.maunb69f4353af0c79 {\r\ndisplay: none;\r\n}\r\n}\r\n@media screen and (min-width: 993px) and (max-width: 1200px) {\r\n.maunb69f4353af0c79 {\r\ndisplay: none;\r\n}\r\n}\r\n@media screen and (min-width: 769px) and (max-width: 992px) {\r\n.maunb69f4353af0c79 {\r\ndisplay: none;\r\n}\r\n}\r\n@media screen and (min-width: 768px) and (max-width: 768px) {\r\n.maunb69f4353af0c79 {\r\ndisplay: block;\r\n}\r\n}\r\n@media screen and (max-width: 767px) {\r\n.maunb69f4353af0c79 {\r\ndisplay: block;\r\n}\r\n}\r\n<\/style>\r\n<div class=\"ybcjc69f4353af0c62\" ><!--<a href=\"https:\/\/bit.ly\/3QdrqTZ\" target=\"_blank\">\n<img src=\"https:\/\/justicapotiguar.com.br\/wp-content\/uploads\/2023\/09\/desktop-geral.gif\"\/><a\/>--><\/div><style type=\"text\/css\">\r\n.ybcjc69f4353af0c62 {\r\ntext-align: center;\nmargin-bottom: 1em;\r\n}\r\n@media screen and (min-width: 1201px) {\r\n.ybcjc69f4353af0c62 {\r\ndisplay: block;\r\n}\r\n}\r\n@media screen and (min-width: 993px) and (max-width: 1200px) {\r\n.ybcjc69f4353af0c62 {\r\ndisplay: block;\r\n}\r\n}\r\n@media screen and (min-width: 769px) and (max-width: 992px) {\r\n.ybcjc69f4353af0c62 {\r\ndisplay: block;\r\n}\r\n}\r\n@media screen and (min-width: 768px) and (max-width: 768px) {\r\n.ybcjc69f4353af0c62 {\r\ndisplay: none;\r\n}\r\n}\r\n@media screen and (max-width: 767px) {\r\n.ybcjc69f4353af0c62 {\r\ndisplay: none;\r\n}\r\n}\r\n<\/style>\r\n\n\n\n\n<p>Segundo os autos, Lauro Leite havia se dirigido espontaneamente ao local dos fatos para conversar com a representante do Minist\u00e9rio P\u00fablico, mas ao sair do pr\u00e9dio, uma equipe de agentes da Pol\u00edcia Civil o abordou, noticiando a exist\u00eancia do mandado de pris\u00e3o e explicando a necessidade dele acompanh\u00e1-los at\u00e9 a delegacia especializada.<\/p>\n\n\n\n<p>Segundo as testemunhas e o depoimento de policiais, insatisfeito com a not\u00edcia, o acusado se negou a atender a ordem legal dos agentes p\u00fablicos e come\u00e7ou a gritar em via p\u00fablica que iria \u201cprocessar um por um\u201d e que se tratava de uma \u201cpalha\u00e7ada\u201d e \u201carbitrariedade\u201d, al\u00e9m de mencionar que era um \u201cempres\u00e1rio\u201d. Na resist\u00eancia, provocou les\u00f5es corporais de natureza leve em um policial.<\/p>\n\n\n\n<p>\u201cPercebe-se que n\u00e3o restou demonstrada a agress\u00e3o injusta da v\u00edtima, que buscava cumprir o mandado de pris\u00e3o em aberto que existia em desfavor do acusado que, em raz\u00e3o da resist\u00eancia violenta que demonstrou, precisou ser algemado. N\u00e3o houve a demonstra\u00e7\u00e3o da utiliza\u00e7\u00e3o dos meios moderados por parte do acusado, que resistiu de forma violenta ao cumprimento do mandado de pris\u00e3o efetuado pela pol\u00edcia e acabou lesionando fisicamente\u201d, ressalta o voto na C\u00e2mara Criminal.<\/p>\n\n\n\n<p>O \u00f3rg\u00e3o entendeu que, em rela\u00e7\u00e3o \u00e0 autoria, as provas s\u00e3o amplas, em especial os depoimentos das v\u00edtimas, que confirmaram em ju\u00edzo os fatos, bem como pela testemunha, que trabalha como vigilante do pr\u00e9dio e confirma ter visualizado a abordagem dos policiais e a rea\u00e7\u00e3o agressiva do acusado, todos reconhecendo Lauro Leite como sendo o autor dos delitos.<\/p>\n","protected":false},"excerpt":{"rendered":"<p>Ele foi acusado de ter amea\u00e7ado e agredido policiais que se dirigiram ao seu local de trabalho para cumprimento de um mandado de pris\u00e3o <br \/><a class=\"more-link\" href=\"https:\/\/justicapotiguar.com.br\/index.php\/2019\/09\/13\/homem-acusado-de-violencia-domestica-e-que-resistiu-a-prisao-tem-recurso-negado-pela-justica-no-rn\/\">Mais&#8230;<\/a><\/p>\n","protected":false},"author":5,"featured_media":497,"comment_status":"open","ping_status":"open","sticky":false,"template":"","format":"standard","meta":[],"categories":[3],"tags":[],"_links":{"self":[{"href":"https:\/\/justicapotiguar.com.br\/index.php\/wp-json\/wp\/v2\/posts\/2141"}],"collection":[{"href":"https:\/\/justicapotiguar.com.br\/index.php\/wp-json\/wp\/v2\/posts"}],"about":[{"href":"https:\/\/justicapotiguar.com.br\/index.php\/wp-json\/wp\/v2\/types\/post"}],"author":[{"embeddable":true,"href":"https:\/\/justicapotiguar.com.br\/index.php\/wp-json\/wp\/v2\/users\/5"}],"replies":[{"embeddable":true,"href":"https:\/\/justicapotiguar.com.br\/index.php\/wp-json\/wp\/v2\/comments?post=2141"}],"version-history":[{"count":1,"href":"https:\/\/justicapotiguar.com.br\/index.php\/wp-json\/wp\/v2\/posts\/2141\/revisions"}],"predecessor-version":[{"id":2142,"href":"https:\/\/justicapotiguar.com.br\/index.php\/wp-json\/wp\/v2\/posts\/2141\/revisions\/2142"}],"wp:featuredmedia":[{"embeddable":true,"href":"https:\/\/justicapotiguar.com.br\/index.php\/wp-json\/wp\/v2\/media\/497"}],"wp:attachment":[{"href":"https:\/\/justicapotiguar.com.br\/index.php\/wp-json\/wp\/v2\/media?parent=2141"}],"wp:term":[{"taxonomy":"category","embeddable":true,"href":"https:\/\/justicapotiguar.com.br\/index.php\/wp-json\/wp\/v2\/categories?post=2141"},{"taxonomy":"post_tag","embeddable":true,"href":"https:\/\/justicapotiguar.com.br\/index.php\/wp-json\/wp\/v2\/tags?post=2141"}],"curies":[{"name":"wp","href":"https:\/\/api.w.org\/{rel}","templated":true}]}}