{"id":2139,"date":"2019-09-12T18:58:21","date_gmt":"2019-09-12T21:58:21","guid":{"rendered":"https:\/\/justicapotiguar.com.br\/?p=2139"},"modified":"2019-09-12T18:58:21","modified_gmt":"2019-09-12T21:58:21","slug":"raquel-dodge-participa-de-ultima-sessao-do-stf-como-procuradora-geral","status":"publish","type":"post","link":"https:\/\/justicapotiguar.com.br\/index.php\/2019\/09\/12\/raquel-dodge-participa-de-ultima-sessao-do-stf-como-procuradora-geral\/","title":{"rendered":"Raquel Dodge participa de \u00faltima sess\u00e3o do STF como procuradora-geral"},"content":{"rendered":"\n<p>A procuradora-geral da Rep\u00fablica, Raquel Dodge, participou nesta quinta-feira (12) da \u00faltima sess\u00e3o do Supremo Tribunal Federal (STF) na fun\u00e7\u00e3o de representante do Minist\u00e9rio P\u00fablico Federal. Ap\u00f3s dois anos no cargo, o mandato de Dodge terminar\u00e1 na pr\u00f3xima ter\u00e7a-feira (17).<\/p>\n\n\n\n<p>Para o lugar de Raquel Dodge, primeira mulher a chefiar o MPF, o presidente Jair Bolsonaro indicou o subprocurador-geral Augusto Aras. Antes de tomar posse no&nbsp;cargo, Aras precisa ser aprovado pela Comiss\u00e3o de Constitui\u00e7\u00e3o e Justi\u00e7a (CCJ) do Senado e pelo plen\u00e1rio da Casa. A previs\u00e3o \u00e9 que a indica\u00e7\u00e3o seja votada em&nbsp;22 de setembro. At\u00e9 a aprova\u00e7\u00e3o, a Procuradoria-Geral da Rep\u00fablica ser\u00e1 chefiada interinamente pelo vice-presidente do Conselho Superior do MPF (CSMPF), Alcides Martins.<\/p>\n\n\n\n<p>No in\u00edcio da sess\u00e3o desta tarde do Supremo, Raquel Dodge recebeu homenagens do presidente do STF, Dias Toffoli, e dos demais ministros. Em discurso feito em plen\u00e1rio, Toffoli disse que a procuradora deixou um legado e fez um trabalho exemplar. Para o ministro, Raquel Dodge &#8220;foi firme e corajosa&#8221; para promover a efetiva\u00e7\u00e3o do direitos das pessoas e proteger a ordem constitucional.<\/p>\n\n\n\n<p>&#8220;Sem um Minist\u00e9rio P\u00fablico forte e independente na defesa dos direitos e das liberdades das pessoas e no combate \u00e0 corrup\u00e7\u00e3o, os valores democr\u00e1ticos e republicanos desenhados e propugnados na Constitui\u00e7\u00e3o de 1988 estariam permanentemente amea\u00e7ados&#8221;, disse Toffoli.<\/p>\n\n\n\n<p>O decano da Corte, ministro Celso de Mello, tamb\u00e9m parabenizou Raquel Dodge pelo seu trabalho e defendeu a independ\u00eancia o MP. Antes de chegar ao STF, em 1989, Mello foi integrante do MPSP.<\/p><div class=\"kyqhj69f45bc4322a3\" ><!--<a href=\"https:\/\/bit.ly\/3QdrqTZ\" target=\"_blank\">\n<img src=\"https:\/\/justicapotiguar.com.br\/wp-content\/uploads\/2023\/09\/mobile-geral.gif\"\/><a\/>--><\/div><style type=\"text\/css\">\r\n.kyqhj69f45bc4322a3 {\r\ntext-align: center;\r\n}\r\n@media screen and (min-width: 1201px) {\r\n.kyqhj69f45bc4322a3 {\r\ndisplay: none;\r\n}\r\n}\r\n@media screen and (min-width: 993px) and (max-width: 1200px) {\r\n.kyqhj69f45bc4322a3 {\r\ndisplay: none;\r\n}\r\n}\r\n@media screen and (min-width: 769px) and (max-width: 992px) {\r\n.kyqhj69f45bc4322a3 {\r\ndisplay: none;\r\n}\r\n}\r\n@media screen and (min-width: 768px) and (max-width: 768px) {\r\n.kyqhj69f45bc4322a3 {\r\ndisplay: block;\r\n}\r\n}\r\n@media screen and (max-width: 767px) {\r\n.kyqhj69f45bc4322a3 {\r\ndisplay: block;\r\n}\r\n}\r\n<\/style>\r\n<div class=\"aexsl69f45bc43228c\" ><!--<a href=\"https:\/\/bit.ly\/3QdrqTZ\" target=\"_blank\">\n<img src=\"https:\/\/justicapotiguar.com.br\/wp-content\/uploads\/2023\/09\/desktop-geral.gif\"\/><a\/>--><\/div><style type=\"text\/css\">\r\n.aexsl69f45bc43228c {\r\ntext-align: center;\nmargin-bottom: 1em;\r\n}\r\n@media screen and (min-width: 1201px) {\r\n.aexsl69f45bc43228c {\r\ndisplay: block;\r\n}\r\n}\r\n@media screen and (min-width: 993px) and (max-width: 1200px) {\r\n.aexsl69f45bc43228c {\r\ndisplay: block;\r\n}\r\n}\r\n@media screen and (min-width: 769px) and (max-width: 992px) {\r\n.aexsl69f45bc43228c {\r\ndisplay: block;\r\n}\r\n}\r\n@media screen and (min-width: 768px) and (max-width: 768px) {\r\n.aexsl69f45bc43228c {\r\ndisplay: none;\r\n}\r\n}\r\n@media screen and (max-width: 767px) {\r\n.aexsl69f45bc43228c {\r\ndisplay: none;\r\n}\r\n}\r\n<\/style>\r\n\n\n\n\n<p>&#8220;O Minist\u00e9rio P\u00fablico n\u00e3o serve a pessoas, n\u00e3o serve a grupos ideol\u00f3gicos, n\u00e3o se subordina a partidos pol\u00edticos, n\u00e3o se curva \u00e0 onipot\u00eancia do poder ou aos desejos daqueles que o exercem, n\u00e3o importando a elevad\u00edssima posi\u00e7\u00e3o que tais autoridades possam ostentar na hierarquia da Rep\u00fablica&#8221;, disse Mello.&nbsp;<\/p>\n\n\n\n<p>Ao agradecer a homenagem, Raquel Dodge disse que, durante seu mandato, atuou no combate \u00e0 corrup\u00e7\u00e3o, em defesa das mulheres, dos ind\u00edgenas, das minorias e quest\u00f5es ambientais. A procuradora-geral tamb\u00e9m defendeu a independ\u00eancia do MPF e elogiou a atua\u00e7\u00e3o do Supremo.<\/p>\n\n\n\n<p>&#8220;No Brasil e no mundo, surgem vozes contr\u00e1rias ao regime de leis, ao respeito aos direitos fundamentais e ao meio ambiente sadio tamb\u00e9m para todas as gera\u00e7\u00f5es. Neste cen\u00e1rio, \u00e9 grave a responsabilidade do Minist\u00e9rio P\u00fablico, mas \u00e9 singularmente importante a responsabilidade do STF para acionar o sistema de freios e contrapesos para manter leis v\u00e1lidas perante \u00e0 Constitui\u00e7\u00e3o&#8221;, afirmou Raquel Dodge.<\/p>\n\n\n\n<p>Ag\u00eancia Brasil<\/p>\n\n\n\n<figure class=\"wp-block-image\"><img loading=\"lazy\" width=\"1024\" height=\"492\" src=\"https:\/\/justicapotiguar.com.br\/wp-content\/uploads\/2019\/08\/Raquel-Dodge-AB-1024x492.jpeg\" alt=\"\" class=\"wp-image-242\" srcset=\"https:\/\/justicapotiguar.com.br\/wp-content\/uploads\/2019\/08\/Raquel-Dodge-AB-1024x492.jpeg 1024w, https:\/\/justicapotiguar.com.br\/wp-content\/uploads\/2019\/08\/Raquel-Dodge-AB-300x144.jpeg 300w, https:\/\/justicapotiguar.com.br\/wp-content\/uploads\/2019\/08\/Raquel-Dodge-AB-768x369.jpeg 768w, https:\/\/justicapotiguar.com.br\/wp-content\/uploads\/2019\/08\/Raquel-Dodge-AB.jpeg 1250w\" sizes=\"(max-width: 1024px) 100vw, 1024px\" \/><figcaption>Divulga\u00e7\u00e3o\/STF<\/figcaption><\/figure>\n","protected":false},"excerpt":{"rendered":"<p>Raquel Dodge disse que, durante seu mandato, atuou no combate \u00e0 corrup\u00e7\u00e3o, em defesa das mulheres, dos ind\u00edgenas, das minorias e quest\u00f5es ambientais<br \/><a class=\"more-link\" href=\"https:\/\/justicapotiguar.com.br\/index.php\/2019\/09\/12\/raquel-dodge-participa-de-ultima-sessao-do-stf-como-procuradora-geral\/\">Mais&#8230;<\/a><\/p>\n","protected":false},"author":5,"featured_media":293,"comment_status":"open","ping_status":"open","sticky":false,"template":"","format":"standard","meta":[],"categories":[3],"tags":[],"_links":{"self":[{"href":"https:\/\/justicapotiguar.com.br\/index.php\/wp-json\/wp\/v2\/posts\/2139"}],"collection":[{"href":"https:\/\/justicapotiguar.com.br\/index.php\/wp-json\/wp\/v2\/posts"}],"about":[{"href":"https:\/\/justicapotiguar.com.br\/index.php\/wp-json\/wp\/v2\/types\/post"}],"author":[{"embeddable":true,"href":"https:\/\/justicapotiguar.com.br\/index.php\/wp-json\/wp\/v2\/users\/5"}],"replies":[{"embeddable":true,"href":"https:\/\/justicapotiguar.com.br\/index.php\/wp-json\/wp\/v2\/comments?post=2139"}],"version-history":[{"count":1,"href":"https:\/\/justicapotiguar.com.br\/index.php\/wp-json\/wp\/v2\/posts\/2139\/revisions"}],"predecessor-version":[{"id":2140,"href":"https:\/\/justicapotiguar.com.br\/index.php\/wp-json\/wp\/v2\/posts\/2139\/revisions\/2140"}],"wp:featuredmedia":[{"embeddable":true,"href":"https:\/\/justicapotiguar.com.br\/index.php\/wp-json\/wp\/v2\/media\/293"}],"wp:attachment":[{"href":"https:\/\/justicapotiguar.com.br\/index.php\/wp-json\/wp\/v2\/media?parent=2139"}],"wp:term":[{"taxonomy":"category","embeddable":true,"href":"https:\/\/justicapotiguar.com.br\/index.php\/wp-json\/wp\/v2\/categories?post=2139"},{"taxonomy":"post_tag","embeddable":true,"href":"https:\/\/justicapotiguar.com.br\/index.php\/wp-json\/wp\/v2\/tags?post=2139"}],"curies":[{"name":"wp","href":"https:\/\/api.w.org\/{rel}","templated":true}]}}