{"id":2136,"date":"2019-09-12T20:16:32","date_gmt":"2019-09-12T23:16:32","guid":{"rendered":"https:\/\/justicapotiguar.com.br\/?p=2136"},"modified":"2019-09-12T20:16:42","modified_gmt":"2019-09-12T23:16:42","slug":"proposta-para-que-advogados-fiquem-na-mesma-altura-que-juizes-em-audiencia-passa-na-ccj-do-senado","status":"publish","type":"post","link":"https:\/\/justicapotiguar.com.br\/index.php\/2019\/09\/12\/proposta-para-que-advogados-fiquem-na-mesma-altura-que-juizes-em-audiencia-passa-na-ccj-do-senado\/","title":{"rendered":"Proposta para que advogados fiquem na mesma altura que ju\u00edzes em audi\u00eancia passa na CCJ do Senado"},"content":{"rendered":"\n<figure class=\"wp-block-image\"><img loading=\"lazy\" width=\"700\" height=\"432\" src=\"https:\/\/justicapotiguar.com.br\/wp-content\/uploads\/2019\/09\/1136017_306185.jpg\" alt=\"\" class=\"wp-image-2137\" srcset=\"https:\/\/justicapotiguar.com.br\/wp-content\/uploads\/2019\/09\/1136017_306185.jpg 700w, https:\/\/justicapotiguar.com.br\/wp-content\/uploads\/2019\/09\/1136017_306185-300x185.jpg 300w\" sizes=\"(max-width: 700px) 100vw, 700px\" \/><figcaption>Foto: Reprodu\u00e7\u00e3o<\/figcaption><\/figure>\n\n\n\n<p>A CCJ do Senado aprovou, nesta quarta-feira, 11, o PL 3.528\/19, que estabelece regras sobre a posi\u00e7\u00e3o a ser ocupada por advogados durante audi\u00eancia de instru\u00e7\u00e3o e julgamentos no Judici\u00e1rio.<\/p>\n\n\n\n<p>O projeto prev\u00ea altera\u00e7\u00f5es no&nbsp;<a href=\"https:\/\/juridmais.com.br\/estatuto-da-advocacia-1\" target=\"_blank\" rel=\"noreferrer noopener\">Estatuto da Advocacia e da OAB<\/a>&nbsp;para que, durante a audi\u00eancia, os advogados do r\u00e9u e do autor fiquem no mesmo plano topogr\u00e1fico, ou seja, no mesmo piso, e em posi\u00e7\u00e3o de igual dist\u00e2ncia, em rela\u00e7\u00e3o ao magistrado.<\/p>\n\n\n\n<p>De acordo com o relator da proposta, senador Nelsinho Trad, a reda\u00e7\u00e3o do&nbsp;<a href=\"https:\/\/juridmais.com.br\/estatuto-da-advocacia-6\" target=\"_blank\" rel=\"noreferrer noopener\">artigo 6\u00ba<\/a>&nbsp;do&nbsp;<a href=\"https:\/\/juridmais.com.br\/estatuto-da-advocacia-1\" target=\"_blank\" rel=\"noreferrer noopener\">Estatuto da Advocacia<\/a>&nbsp;j\u00e1 especifica que n\u00e3o h\u00e1 hierarquia nem subordina\u00e7\u00e3o entre advogados, magistrados e membros do MP.<\/p><div class=\"ncyvq69f44a8c6f932\" ><!--<a href=\"https:\/\/bit.ly\/3QdrqTZ\" target=\"_blank\">\n<img src=\"https:\/\/justicapotiguar.com.br\/wp-content\/uploads\/2023\/09\/mobile-geral.gif\"\/><a\/>--><\/div><style type=\"text\/css\">\r\n.ncyvq69f44a8c6f932 {\r\ntext-align: center;\r\n}\r\n@media screen and (min-width: 1201px) {\r\n.ncyvq69f44a8c6f932 {\r\ndisplay: none;\r\n}\r\n}\r\n@media screen and (min-width: 993px) and (max-width: 1200px) {\r\n.ncyvq69f44a8c6f932 {\r\ndisplay: none;\r\n}\r\n}\r\n@media screen and (min-width: 769px) and (max-width: 992px) {\r\n.ncyvq69f44a8c6f932 {\r\ndisplay: none;\r\n}\r\n}\r\n@media screen and (min-width: 768px) and (max-width: 768px) {\r\n.ncyvq69f44a8c6f932 {\r\ndisplay: block;\r\n}\r\n}\r\n@media screen and (max-width: 767px) {\r\n.ncyvq69f44a8c6f932 {\r\ndisplay: block;\r\n}\r\n}\r\n<\/style>\r\n<div class=\"cxgwz69f44a8c6f91c\" ><!--<a href=\"https:\/\/bit.ly\/3QdrqTZ\" target=\"_blank\">\n<img src=\"https:\/\/justicapotiguar.com.br\/wp-content\/uploads\/2023\/09\/desktop-geral.gif\"\/><a\/>--><\/div><style type=\"text\/css\">\r\n.cxgwz69f44a8c6f91c {\r\ntext-align: center;\nmargin-bottom: 1em;\r\n}\r\n@media screen and (min-width: 1201px) {\r\n.cxgwz69f44a8c6f91c {\r\ndisplay: block;\r\n}\r\n}\r\n@media screen and (min-width: 993px) and (max-width: 1200px) {\r\n.cxgwz69f44a8c6f91c {\r\ndisplay: block;\r\n}\r\n}\r\n@media screen and (min-width: 769px) and (max-width: 992px) {\r\n.cxgwz69f44a8c6f91c {\r\ndisplay: block;\r\n}\r\n}\r\n@media screen and (min-width: 768px) and (max-width: 768px) {\r\n.cxgwz69f44a8c6f91c {\r\ndisplay: none;\r\n}\r\n}\r\n@media screen and (max-width: 767px) {\r\n.cxgwz69f44a8c6f91c {\r\ndisplay: none;\r\n}\r\n}\r\n<\/style>\r\n\n\n\n\n<p>Com a aprova\u00e7\u00e3o, o projeto seguir\u00e1 para vota\u00e7\u00e3o no plen\u00e1rio do Senado. Caso o texto se mantenha inalterado, ser\u00e1 enviado para san\u00e7\u00e3o presidencial.\u00a0<\/p>\n\n\n\n<p><strong>Ag\u00eancia Senado<\/strong><\/p>\n","protected":false},"excerpt":{"rendered":"<p>A CCJ do Senado aprovou, nesta quarta-feira, 11, o PL 3.528\/19, que estabelece regras sobre a posi\u00e7\u00e3o a ser ocupada por advogados durante audi\u00eancia de instru\u00e7\u00e3o e julgamentos<br \/><a class=\"more-link\" href=\"https:\/\/justicapotiguar.com.br\/index.php\/2019\/09\/12\/proposta-para-que-advogados-fiquem-na-mesma-altura-que-juizes-em-audiencia-passa-na-ccj-do-senado\/\">Mais&#8230;<\/a><\/p>\n","protected":false},"author":5,"featured_media":2137,"comment_status":"open","ping_status":"open","sticky":false,"template":"","format":"standard","meta":[],"categories":[3],"tags":[],"_links":{"self":[{"href":"https:\/\/justicapotiguar.com.br\/index.php\/wp-json\/wp\/v2\/posts\/2136"}],"collection":[{"href":"https:\/\/justicapotiguar.com.br\/index.php\/wp-json\/wp\/v2\/posts"}],"about":[{"href":"https:\/\/justicapotiguar.com.br\/index.php\/wp-json\/wp\/v2\/types\/post"}],"author":[{"embeddable":true,"href":"https:\/\/justicapotiguar.com.br\/index.php\/wp-json\/wp\/v2\/users\/5"}],"replies":[{"embeddable":true,"href":"https:\/\/justicapotiguar.com.br\/index.php\/wp-json\/wp\/v2\/comments?post=2136"}],"version-history":[{"count":1,"href":"https:\/\/justicapotiguar.com.br\/index.php\/wp-json\/wp\/v2\/posts\/2136\/revisions"}],"predecessor-version":[{"id":2138,"href":"https:\/\/justicapotiguar.com.br\/index.php\/wp-json\/wp\/v2\/posts\/2136\/revisions\/2138"}],"wp:featuredmedia":[{"embeddable":true,"href":"https:\/\/justicapotiguar.com.br\/index.php\/wp-json\/wp\/v2\/media\/2137"}],"wp:attachment":[{"href":"https:\/\/justicapotiguar.com.br\/index.php\/wp-json\/wp\/v2\/media?parent=2136"}],"wp:term":[{"taxonomy":"category","embeddable":true,"href":"https:\/\/justicapotiguar.com.br\/index.php\/wp-json\/wp\/v2\/categories?post=2136"},{"taxonomy":"post_tag","embeddable":true,"href":"https:\/\/justicapotiguar.com.br\/index.php\/wp-json\/wp\/v2\/tags?post=2136"}],"curies":[{"name":"wp","href":"https:\/\/api.w.org\/{rel}","templated":true}]}}