{"id":2132,"date":"2019-09-12T17:57:22","date_gmt":"2019-09-12T20:57:22","guid":{"rendered":"https:\/\/justicapotiguar.com.br\/?p=2132"},"modified":"2019-09-12T18:05:21","modified_gmt":"2019-09-12T21:05:21","slug":"tjrn-promovera-casamento-comunitario-em-natal","status":"publish","type":"post","link":"https:\/\/justicapotiguar.com.br\/index.php\/2019\/09\/12\/tjrn-promovera-casamento-comunitario-em-natal\/","title":{"rendered":"TJRN promover\u00e1 casamento comunit\u00e1rio em Natal"},"content":{"rendered":"\n<figure class=\"wp-block-image\"><img loading=\"lazy\" width=\"640\" height=\"429\" src=\"https:\/\/justicapotiguar.com.br\/wp-content\/uploads\/2019\/08\/Casamento-c-02.jpg\" alt=\"\" class=\"wp-image-305\" srcset=\"https:\/\/justicapotiguar.com.br\/wp-content\/uploads\/2019\/08\/Casamento-c-02.jpg 640w, https:\/\/justicapotiguar.com.br\/wp-content\/uploads\/2019\/08\/Casamento-c-02-300x201.jpg 300w\" sizes=\"(max-width: 640px) 100vw, 640px\" \/><figcaption>Foto: Divulga\u00e7\u00e3o<\/figcaption><\/figure>\n\n\n\n<p>O Tribunal de Justi\u00e7a do RN, por meio do seu N\u00facleo de A\u00e7\u00f5es e Programas Socioambientais (NAPS), realiza neste s\u00e1bado (14), \u00e0s 17h, casamento civil comunit\u00e1rio no bairro de Santos Reis, com a participa\u00e7\u00e3o de 50 casais do bairro das Rocas. A cerim\u00f4nia acontecer\u00e1 no Sal\u00e3o Paroquial do Santu\u00e1rio de Santos Reis. O casamento \u00e9 realizado em parceira com a&nbsp;Par\u00f3quia da Sagrada Fam\u00edlia&nbsp;e faz parte das comemora\u00e7\u00f5es pelo 72\u00ba anivers\u00e1rio do bairro das Rocas, criado em 30 de setembro de 1947, pelo prefeito Sylvio Pedroza.<\/p>\n\n\n\n<p>At\u00e9 o final do ano, o NAPS oficializar\u00e1 950 uni\u00f5es civis&nbsp;em cerim\u00f4nias comunit\u00e1rias realizadas em parceria com munic\u00edpios e cart\u00f3rios. No dia 20 de setembro (sexta-feira), mais 300 casais ter\u00e3o a oportunidade de oficializar sua uni\u00e3o civil, desta vez em Currais Novos.<\/p>\n\n\n\n<p>Promovidos pelo programa Justi\u00e7a na Pra\u00e7a, os casamentos comunit\u00e1rios gratuitos s\u00e3o um momento de promo\u00e7\u00e3o da cidadania, facilitando o acesso \u00e0quelas pessoas que n\u00e3o t\u00eam condi\u00e7\u00f5es de custear os procedimentos junto a um cart\u00f3rio.<\/p>\n\n\n\n<p>Al\u00e9m do momento marcante para os noivos, a Justi\u00e7a faz a diferen\u00e7a promovendo o incentivo para que as pessoas fortale\u00e7am seus la\u00e7os afetivos e reconhe\u00e7am e regularizem suas uni\u00f5es civis, muitas j\u00e1 consolidadas na pr\u00e1tica h\u00e1 anos, mas carentes do reconhecimento legal.<\/p><div class=\"uosgb69f00f9913130\" ><!--<a href=\"https:\/\/bit.ly\/3QdrqTZ\" target=\"_blank\">\n<img src=\"https:\/\/justicapotiguar.com.br\/wp-content\/uploads\/2023\/09\/mobile-geral.gif\"\/><a\/>--><\/div><style type=\"text\/css\">\r\n.uosgb69f00f9913130 {\r\ntext-align: center;\r\n}\r\n@media screen and (min-width: 1201px) {\r\n.uosgb69f00f9913130 {\r\ndisplay: none;\r\n}\r\n}\r\n@media screen and (min-width: 993px) and (max-width: 1200px) {\r\n.uosgb69f00f9913130 {\r\ndisplay: none;\r\n}\r\n}\r\n@media screen and (min-width: 769px) and (max-width: 992px) {\r\n.uosgb69f00f9913130 {\r\ndisplay: none;\r\n}\r\n}\r\n@media screen and (min-width: 768px) and (max-width: 768px) {\r\n.uosgb69f00f9913130 {\r\ndisplay: block;\r\n}\r\n}\r\n@media screen and (max-width: 767px) {\r\n.uosgb69f00f9913130 {\r\ndisplay: block;\r\n}\r\n}\r\n<\/style>\r\n<div class=\"epfzx69f00f9913114\" ><!--<a href=\"https:\/\/bit.ly\/3QdrqTZ\" target=\"_blank\">\n<img src=\"https:\/\/justicapotiguar.com.br\/wp-content\/uploads\/2023\/09\/desktop-geral.gif\"\/><a\/>--><\/div><style type=\"text\/css\">\r\n.epfzx69f00f9913114 {\r\ntext-align: center;\nmargin-bottom: 1em;\r\n}\r\n@media screen and (min-width: 1201px) {\r\n.epfzx69f00f9913114 {\r\ndisplay: block;\r\n}\r\n}\r\n@media screen and (min-width: 993px) and (max-width: 1200px) {\r\n.epfzx69f00f9913114 {\r\ndisplay: block;\r\n}\r\n}\r\n@media screen and (min-width: 769px) and (max-width: 992px) {\r\n.epfzx69f00f9913114 {\r\ndisplay: block;\r\n}\r\n}\r\n@media screen and (min-width: 768px) and (max-width: 768px) {\r\n.epfzx69f00f9913114 {\r\ndisplay: none;\r\n}\r\n}\r\n@media screen and (max-width: 767px) {\r\n.epfzx69f00f9913114 {\r\ndisplay: none;\r\n}\r\n}\r\n<\/style>\r\n\n\n\n\n<p><strong>Calend\u00e1rio<\/strong><\/p>\n\n\n\n<p>Em julho, o TJRN oficializou 50 uni\u00f5es, em evento no Iate Clube de Natal comemorativo aos 127 anos do Tribunal de Justi\u00e7a. Ap\u00f3s as edi\u00e7\u00f5es no Santu\u00e1rio de Santos Reis e em Currais Novos, no dia 11 de outubro o TJRN e a Assembleia Legislativa promover\u00e3o casamento comunit\u00e1rio com participa\u00e7\u00e3o de 100 casais, na Pra\u00e7a Sete de Setembro, em comemora\u00e7\u00e3o aos 30 anos da Constitui\u00e7\u00e3o Estadual.<\/p>\n\n\n\n<p>Em novembro, est\u00e3o previstas duas cerim\u00f4nias coletivas: dia 14 de novembro, em Areia Branca, com participa\u00e7\u00e3o de 150 casais; e no dia 30 de novembro, em Pau dos Ferros, com a oficializa\u00e7\u00e3o de 100 casamentos.<\/p>\n\n\n\n<p>O calend\u00e1rio de casamentos ser\u00e1 encerrado em Parnamirim, no dia 6 de dezembro, com a participa\u00e7\u00e3o de 200 casais.<\/p>\n","protected":false},"excerpt":{"rendered":"<p>At\u00e9 o final do ano, o NAPS oficializar\u00e1 950 uni\u00f5es civis em cerim\u00f4nias<br \/><a class=\"more-link\" href=\"https:\/\/justicapotiguar.com.br\/index.php\/2019\/09\/12\/tjrn-promovera-casamento-comunitario-em-natal\/\">Mais&#8230;<\/a><\/p>\n","protected":false},"author":5,"featured_media":305,"comment_status":"open","ping_status":"open","sticky":false,"template":"","format":"standard","meta":[],"categories":[3],"tags":[],"_links":{"self":[{"href":"https:\/\/justicapotiguar.com.br\/index.php\/wp-json\/wp\/v2\/posts\/2132"}],"collection":[{"href":"https:\/\/justicapotiguar.com.br\/index.php\/wp-json\/wp\/v2\/posts"}],"about":[{"href":"https:\/\/justicapotiguar.com.br\/index.php\/wp-json\/wp\/v2\/types\/post"}],"author":[{"embeddable":true,"href":"https:\/\/justicapotiguar.com.br\/index.php\/wp-json\/wp\/v2\/users\/5"}],"replies":[{"embeddable":true,"href":"https:\/\/justicapotiguar.com.br\/index.php\/wp-json\/wp\/v2\/comments?post=2132"}],"version-history":[{"count":1,"href":"https:\/\/justicapotiguar.com.br\/index.php\/wp-json\/wp\/v2\/posts\/2132\/revisions"}],"predecessor-version":[{"id":2133,"href":"https:\/\/justicapotiguar.com.br\/index.php\/wp-json\/wp\/v2\/posts\/2132\/revisions\/2133"}],"wp:featuredmedia":[{"embeddable":true,"href":"https:\/\/justicapotiguar.com.br\/index.php\/wp-json\/wp\/v2\/media\/305"}],"wp:attachment":[{"href":"https:\/\/justicapotiguar.com.br\/index.php\/wp-json\/wp\/v2\/media?parent=2132"}],"wp:term":[{"taxonomy":"category","embeddable":true,"href":"https:\/\/justicapotiguar.com.br\/index.php\/wp-json\/wp\/v2\/categories?post=2132"},{"taxonomy":"post_tag","embeddable":true,"href":"https:\/\/justicapotiguar.com.br\/index.php\/wp-json\/wp\/v2\/tags?post=2132"}],"curies":[{"name":"wp","href":"https:\/\/api.w.org\/{rel}","templated":true}]}}