{"id":2127,"date":"2019-09-12T17:00:28","date_gmt":"2019-09-12T20:00:28","guid":{"rendered":"https:\/\/justicapotiguar.com.br\/?p=2127"},"modified":"2019-09-12T12:57:03","modified_gmt":"2019-09-12T15:57:03","slug":"tj-declara-inconstitucional-lei-sobre-descontos-em-multas-do-tce-rn","status":"publish","type":"post","link":"https:\/\/justicapotiguar.com.br\/index.php\/2019\/09\/12\/tj-declara-inconstitucional-lei-sobre-descontos-em-multas-do-tce-rn\/","title":{"rendered":"TJ declara inconstitucional lei sobre descontos em multas do TCE\/RN"},"content":{"rendered":"\n<figure class=\"wp-block-image\"><img loading=\"lazy\" width=\"660\" height=\"372\" src=\"https:\/\/justicapotiguar.com.br\/wp-content\/uploads\/2019\/08\/justica.jpg\" alt=\"\" class=\"wp-image-912\" srcset=\"https:\/\/justicapotiguar.com.br\/wp-content\/uploads\/2019\/08\/justica.jpg 660w, https:\/\/justicapotiguar.com.br\/wp-content\/uploads\/2019\/08\/justica-300x169.jpg 300w\" sizes=\"(max-width: 660px) 100vw, 660px\" \/><\/figure>\n\n\n\n<p>Os desembargadores do Tribunal de Justi\u00e7a do RN declararam a nulidade por inconstitucionalidade dos artigos 10 e 11 da Lei Estadual n\u00ba 10.306\/2018 e, por vincula\u00e7\u00e3o, do Decreto n\u00ba 27.676, de 5 de janeiro de 2018, apenas no que diz respeito \u00e0 ades\u00e3o ao programa de recupera\u00e7\u00e3o de cr\u00e9ditos lan\u00e7ados pelo Tribunal de Contas do Estado, por afronta ao princ\u00edpio da separa\u00e7\u00e3o dos Poderes.<\/p>\n\n\n\n<p>A lei foi promulgada e publicada em janeiro de 2018 e instituiu o programa de recupera\u00e7\u00e3o dos cr\u00e9ditos lan\u00e7ados pelo Instituto de Desenvolvimento Sustent\u00e1vel e Meio Ambiente (Idema); pela Secretaria Estadual de Justi\u00e7a e Cidadania (Sejuc), por interm\u00e9dio do Procon\/RN; e pelo Tribunal de Contas do Estado (TCE\/RN), inscritos ou n\u00e3o em d\u00edvida ativa.<\/p>\n\n\n\n<p>Contudo, para o TCE\/RN, a lei autorizou a redu\u00e7\u00e3o dos cr\u00e9ditos n\u00e3o tribut\u00e1rios inscritos ou n\u00e3o em d\u00edvida ativa, em at\u00e9, 60% e 70%, respectivamente, a incidir sobre o principal, corre\u00e7\u00e3o monet\u00e1ria e demais acr\u00e9scimos legais, o que resultou na inconstitucionalidade, tanto formal como material da norma, por dizer respeito \u00e0 inger\u00eancia indevida do ent\u00e3o chefe do Poder Executivo na autonomia do Tribunal de Contas estadual.<\/p><div class=\"ggxjd69f00fadf3c7e\" ><!--<a href=\"https:\/\/bit.ly\/3QdrqTZ\" target=\"_blank\">\n<img src=\"https:\/\/justicapotiguar.com.br\/wp-content\/uploads\/2023\/09\/mobile-geral.gif\"\/><a\/>--><\/div><style type=\"text\/css\">\r\n.ggxjd69f00fadf3c7e {\r\ntext-align: center;\r\n}\r\n@media screen and (min-width: 1201px) {\r\n.ggxjd69f00fadf3c7e {\r\ndisplay: none;\r\n}\r\n}\r\n@media screen and (min-width: 993px) and (max-width: 1200px) {\r\n.ggxjd69f00fadf3c7e {\r\ndisplay: none;\r\n}\r\n}\r\n@media screen and (min-width: 769px) and (max-width: 992px) {\r\n.ggxjd69f00fadf3c7e {\r\ndisplay: none;\r\n}\r\n}\r\n@media screen and (min-width: 768px) and (max-width: 768px) {\r\n.ggxjd69f00fadf3c7e {\r\ndisplay: block;\r\n}\r\n}\r\n@media screen and (max-width: 767px) {\r\n.ggxjd69f00fadf3c7e {\r\ndisplay: block;\r\n}\r\n}\r\n<\/style>\r\n<div class=\"ymlpu69f00fadf3c62\" ><!--<a href=\"https:\/\/bit.ly\/3QdrqTZ\" target=\"_blank\">\n<img src=\"https:\/\/justicapotiguar.com.br\/wp-content\/uploads\/2023\/09\/desktop-geral.gif\"\/><a\/>--><\/div><style type=\"text\/css\">\r\n.ymlpu69f00fadf3c62 {\r\ntext-align: center;\nmargin-bottom: 1em;\r\n}\r\n@media screen and (min-width: 1201px) {\r\n.ymlpu69f00fadf3c62 {\r\ndisplay: block;\r\n}\r\n}\r\n@media screen and (min-width: 993px) and (max-width: 1200px) {\r\n.ymlpu69f00fadf3c62 {\r\ndisplay: block;\r\n}\r\n}\r\n@media screen and (min-width: 769px) and (max-width: 992px) {\r\n.ymlpu69f00fadf3c62 {\r\ndisplay: block;\r\n}\r\n}\r\n@media screen and (min-width: 768px) and (max-width: 768px) {\r\n.ymlpu69f00fadf3c62 {\r\ndisplay: none;\r\n}\r\n}\r\n@media screen and (max-width: 767px) {\r\n.ymlpu69f00fadf3c62 {\r\ndisplay: none;\r\n}\r\n}\r\n<\/style>\r\n\n\n\n\n<p>\u201cA lei revela-se contr\u00e1ria \u00e0 ordem constitucional tanto porque instituiu programa concessivo de descontos sobre as multas aplicadas nos procedimentos fiscalizat\u00f3rios realizados pelo Tribunal de Contas, inclusive dispondo sobre os procedimentos a serem adotados pelo Tribunal para fins de ades\u00e3o ao programa, como porque, ao assim proceder, reduziu sensivelmente a efetividade da pr\u00f3pria atua\u00e7\u00e3o fiscalizat\u00f3ria do Tribunal de Contas Estadual, que tem suas san\u00e7\u00f5es pecuni\u00e1rias reduzidas do percentual de 60 e 70 %, quando se trate de cr\u00e9dito tribut\u00e1rio inscrito ou n\u00e3o-inscrito na d\u00edvida ativa, respectivamente\u201d, explica o relator, o desembargador Virg\u00edlio Mac\u00eado Jr.<\/p>\n\n\n\n<p>A compreens\u00e3o, segundo o julgamento, a respeito da inconstitucionalidade da norma estadual \u00e9 corroborada pelas raz\u00f5es invocadas pelo Supremo Tribunal Federal, no julgamento da ADI n\u00ba 4418\/TO, proposta Associa\u00e7\u00e3o dos Membros dos Tribunais de Contas do Brasil, contra inger\u00eancia do governador do Estado do Tocantins e da Assembleia Legislativa do mesmo Estado.<\/p>\n\n\n\n<p>Desta forma, o Pleno reconheceu a inconstitucionalidade dos artigos impugnados da Lei Estadual, por entender tamb\u00e9m como ausentes as raz\u00f5es de suposta seguran\u00e7a jur\u00eddica ou de excepcional interesse social que sugiram a modula\u00e7\u00e3o de efeitos prevista no artigo 27 da Lei n\u00ba 9.868\/99, devendo os efeitos da declara\u00e7\u00e3o operarem, como de regra, \u201cex tunc\u201d, alcan\u00e7ando as ades\u00f5es realizadas ao REFIS antes mesmo da suspens\u00e3o operada por for\u00e7a da concess\u00e3o da medida cautelar nesta a\u00e7\u00e3o.<\/p>\n","protected":false},"excerpt":{"rendered":"<p>Os desembargadores do Tribunal de Justi\u00e7a do RN declararam a nulidade por inconstitucionalidade dos artigos 10 e 11 da Lei Estadual n\u00ba 10.306\/2018<br \/><a class=\"more-link\" href=\"https:\/\/justicapotiguar.com.br\/index.php\/2019\/09\/12\/tj-declara-inconstitucional-lei-sobre-descontos-em-multas-do-tce-rn\/\">Mais&#8230;<\/a><\/p>\n","protected":false},"author":5,"featured_media":912,"comment_status":"open","ping_status":"open","sticky":false,"template":"","format":"standard","meta":[],"categories":[3],"tags":[],"_links":{"self":[{"href":"https:\/\/justicapotiguar.com.br\/index.php\/wp-json\/wp\/v2\/posts\/2127"}],"collection":[{"href":"https:\/\/justicapotiguar.com.br\/index.php\/wp-json\/wp\/v2\/posts"}],"about":[{"href":"https:\/\/justicapotiguar.com.br\/index.php\/wp-json\/wp\/v2\/types\/post"}],"author":[{"embeddable":true,"href":"https:\/\/justicapotiguar.com.br\/index.php\/wp-json\/wp\/v2\/users\/5"}],"replies":[{"embeddable":true,"href":"https:\/\/justicapotiguar.com.br\/index.php\/wp-json\/wp\/v2\/comments?post=2127"}],"version-history":[{"count":1,"href":"https:\/\/justicapotiguar.com.br\/index.php\/wp-json\/wp\/v2\/posts\/2127\/revisions"}],"predecessor-version":[{"id":2128,"href":"https:\/\/justicapotiguar.com.br\/index.php\/wp-json\/wp\/v2\/posts\/2127\/revisions\/2128"}],"wp:featuredmedia":[{"embeddable":true,"href":"https:\/\/justicapotiguar.com.br\/index.php\/wp-json\/wp\/v2\/media\/912"}],"wp:attachment":[{"href":"https:\/\/justicapotiguar.com.br\/index.php\/wp-json\/wp\/v2\/media?parent=2127"}],"wp:term":[{"taxonomy":"category","embeddable":true,"href":"https:\/\/justicapotiguar.com.br\/index.php\/wp-json\/wp\/v2\/categories?post=2127"},{"taxonomy":"post_tag","embeddable":true,"href":"https:\/\/justicapotiguar.com.br\/index.php\/wp-json\/wp\/v2\/tags?post=2127"}],"curies":[{"name":"wp","href":"https:\/\/api.w.org\/{rel}","templated":true}]}}