{"id":21218,"date":"2021-08-28T09:56:39","date_gmt":"2021-08-28T12:56:39","guid":{"rendered":"https:\/\/justicapotiguar.com.br\/?p=21218"},"modified":"2021-08-28T09:56:39","modified_gmt":"2021-08-28T12:56:39","slug":"defensoria-publica-do-rn-amplia-plantao-para-16-cidades","status":"publish","type":"post","link":"https:\/\/justicapotiguar.com.br\/index.php\/2021\/08\/28\/defensoria-publica-do-rn-amplia-plantao-para-16-cidades\/","title":{"rendered":"Defensoria P\u00fablica do RN amplia plant\u00e3o para 16 cidades"},"content":{"rendered":"\n<figure class=\"wp-block-image size-large\"><img loading=\"lazy\" width=\"680\" height=\"453\" src=\"https:\/\/justicapotiguar.com.br\/wp-content\/uploads\/2019\/08\/advogado-dia.jpg\" alt=\"\" class=\"wp-image-652\" srcset=\"https:\/\/justicapotiguar.com.br\/wp-content\/uploads\/2019\/08\/advogado-dia.jpg 680w, https:\/\/justicapotiguar.com.br\/wp-content\/uploads\/2019\/08\/advogado-dia-300x200.jpg 300w\" sizes=\"(max-width: 680px) 100vw, 680px\" \/><figcaption>Reprodu\u00e7\u00e3o<\/figcaption><\/figure>\n\n\n\n<p><\/p><div class=\"mpsfa69f446cd42571\" ><!--<a href=\"https:\/\/bit.ly\/3QdrqTZ\" target=\"_blank\">\n<img src=\"https:\/\/justicapotiguar.com.br\/wp-content\/uploads\/2023\/09\/mobile-geral.gif\"\/><a\/>--><\/div><style type=\"text\/css\">\r\n.mpsfa69f446cd42571 {\r\ntext-align: center;\r\n}\r\n@media screen and (min-width: 1201px) {\r\n.mpsfa69f446cd42571 {\r\ndisplay: none;\r\n}\r\n}\r\n@media screen and (min-width: 993px) and (max-width: 1200px) {\r\n.mpsfa69f446cd42571 {\r\ndisplay: none;\r\n}\r\n}\r\n@media screen and (min-width: 769px) and (max-width: 992px) {\r\n.mpsfa69f446cd42571 {\r\ndisplay: none;\r\n}\r\n}\r\n@media screen and (min-width: 768px) and (max-width: 768px) {\r\n.mpsfa69f446cd42571 {\r\ndisplay: block;\r\n}\r\n}\r\n@media screen and (max-width: 767px) {\r\n.mpsfa69f446cd42571 {\r\ndisplay: block;\r\n}\r\n}\r\n<\/style>\r\n<div class=\"ixdhu69f446cd4254a\" ><!--<a href=\"https:\/\/bit.ly\/3QdrqTZ\" target=\"_blank\">\n<img src=\"https:\/\/justicapotiguar.com.br\/wp-content\/uploads\/2023\/09\/desktop-geral.gif\"\/><a\/>--><\/div><style type=\"text\/css\">\r\n.ixdhu69f446cd4254a {\r\ntext-align: center;\nmargin-bottom: 1em;\r\n}\r\n@media screen and (min-width: 1201px) {\r\n.ixdhu69f446cd4254a {\r\ndisplay: block;\r\n}\r\n}\r\n@media screen and (min-width: 993px) and (max-width: 1200px) {\r\n.ixdhu69f446cd4254a {\r\ndisplay: block;\r\n}\r\n}\r\n@media screen and (min-width: 769px) and (max-width: 992px) {\r\n.ixdhu69f446cd4254a {\r\ndisplay: block;\r\n}\r\n}\r\n@media screen and (min-width: 768px) and (max-width: 768px) {\r\n.ixdhu69f446cd4254a {\r\ndisplay: none;\r\n}\r\n}\r\n@media screen and (max-width: 767px) {\r\n.ixdhu69f446cd4254a {\r\ndisplay: none;\r\n}\r\n}\r\n<\/style>\r\n\n\n\n\n<p>A Defensoria P\u00fablica do Estado do Rio Grande do Norte (DPE\/RN) est\u00e1 ampliando, a partir deste s\u00e1bado (28), sua atua\u00e7\u00e3o durante os plant\u00f5es do final de semana e feriados. Com a mudan\u00e7a, o plant\u00e3o que antes atendia apenas cidades da Regi\u00e3o Metropolitana ter\u00e1 cobertura tamb\u00e9m para outras dez cidades nas regi\u00f5es Serid\u00f3 e Oeste do estado. O plant\u00e3o funciona aos s\u00e1bados, domingos e feriados das 8h \u00e0s 14h atrav\u00e9s de atendimento virtual pelo telefone (84) 99695.8936.<br><br>O plant\u00e3o da DPE\/RN atende atualmente as \u00e1reas c\u00edveis e criminais, sendo essa \u00faltima atrav\u00e9s da atua\u00e7\u00e3o nas audi\u00eancias de cust\u00f3dia. Durante o plant\u00e3o, ser\u00e3o atendidas demandas urgentes, tais como: audi\u00eancias de cust\u00f3dia, habeas corpus, liberdade provis\u00f3ria, relaxamento de pris\u00e3o e outras medidas acautelat\u00f3rias cab\u00edveis; tutela do direito \u00e0 sa\u00fade; defesa da mulher em situa\u00e7\u00e3o de viol\u00eancia dom\u00e9stica e familiar; relaxamento de pris\u00e3o civil; medidas de garantia da liberdade do adolescente infrator; tutelas provis\u00f3rias antecedentes de urg\u00eancia; tutela do direito da defesa das crian\u00e7as e adolescentes em situa\u00e7\u00e3o de risco; mandado de seguran\u00e7a com pedido de liminar e outras medidas acautelat\u00f3rias cab\u00edveis.<br><br>Apesar do contato centralizado, a atua\u00e7\u00e3o dos defensores p\u00fablicos durante o plant\u00e3o ser\u00e1 dividida em regi\u00f5es \u2013 1\u00aa a 4\u00aa e 7\u00aa regi\u00e3o. As cidades de Natal, Cear\u00e1-Mirim, Parnamirim, Extremoz, Maca\u00edba e S\u00e3o Gon\u00e7alo do Amarante est\u00e3o contempladas na 1\u00aa, 2\u00aa e 3\u00aa regi\u00e3o. Outro defensor ficar\u00e1 respons\u00e1vel pelo plant\u00e3o da 4\u00aa regi\u00e3o que contempla os munic\u00edpios de Canguaretama, Goianinha, Monte Alegre, N\u00edsia Floresta, Nova Cruz, Santo Ant\u00f4nio e S\u00e3o Jos\u00e9 de Mipibu. Um terceiro atender\u00e1 as demandas da 7\u00aa regi\u00e3o que completa as cidades de Apodi, Areia Branca e Mossor\u00f3.<br><br>\u201cA amplia\u00e7\u00e3o do atendimento da Defensoria P\u00fablica do RN durante os plant\u00f5es faz parte do plano de crescimento e interioriza\u00e7\u00e3o da institui\u00e7\u00e3o. Esse novo passo s\u00f3 foi poss\u00edvel diante da nomea\u00e7\u00e3o de novos defensores. Com esse novo plant\u00e3o, iremos promover acesso \u00e0 justi\u00e7a a um n\u00famero ainda maior de potiguares garantindo direitos mesmo em dias como finais de semana e feriados em demandas de urg\u00eancia\u201d, registra o defensor p\u00fablico-geral do Estado, Marcus Vinicius Soares Alves.<\/p>\n","protected":false},"excerpt":{"rendered":"<p>A Defensoria P\u00fablica do Estado do Rio Grande do Norte (DPE\/RN) est\u00e1 ampliando, a partir deste s\u00e1bado (28), sua atua\u00e7\u00e3o durante os plant\u00f5es do final de semana e feriados. Com a mudan\u00e7a, o plant\u00e3o que antes atendia apenas cidades da Regi\u00e3o Metropolitana ter\u00e1 cobertura tamb\u00e9m para outras dez cidades nas regi\u00f5es Serid\u00f3 e Oeste do<br \/><a class=\"more-link\" href=\"https:\/\/justicapotiguar.com.br\/index.php\/2021\/08\/28\/defensoria-publica-do-rn-amplia-plantao-para-16-cidades\/\">Mais&#8230;<\/a><\/p>\n","protected":false},"author":5,"featured_media":652,"comment_status":"open","ping_status":"open","sticky":false,"template":"","format":"standard","meta":[],"categories":[3],"tags":[],"_links":{"self":[{"href":"https:\/\/justicapotiguar.com.br\/index.php\/wp-json\/wp\/v2\/posts\/21218"}],"collection":[{"href":"https:\/\/justicapotiguar.com.br\/index.php\/wp-json\/wp\/v2\/posts"}],"about":[{"href":"https:\/\/justicapotiguar.com.br\/index.php\/wp-json\/wp\/v2\/types\/post"}],"author":[{"embeddable":true,"href":"https:\/\/justicapotiguar.com.br\/index.php\/wp-json\/wp\/v2\/users\/5"}],"replies":[{"embeddable":true,"href":"https:\/\/justicapotiguar.com.br\/index.php\/wp-json\/wp\/v2\/comments?post=21218"}],"version-history":[{"count":1,"href":"https:\/\/justicapotiguar.com.br\/index.php\/wp-json\/wp\/v2\/posts\/21218\/revisions"}],"predecessor-version":[{"id":21219,"href":"https:\/\/justicapotiguar.com.br\/index.php\/wp-json\/wp\/v2\/posts\/21218\/revisions\/21219"}],"wp:featuredmedia":[{"embeddable":true,"href":"https:\/\/justicapotiguar.com.br\/index.php\/wp-json\/wp\/v2\/media\/652"}],"wp:attachment":[{"href":"https:\/\/justicapotiguar.com.br\/index.php\/wp-json\/wp\/v2\/media?parent=21218"}],"wp:term":[{"taxonomy":"category","embeddable":true,"href":"https:\/\/justicapotiguar.com.br\/index.php\/wp-json\/wp\/v2\/categories?post=21218"},{"taxonomy":"post_tag","embeddable":true,"href":"https:\/\/justicapotiguar.com.br\/index.php\/wp-json\/wp\/v2\/tags?post=21218"}],"curies":[{"name":"wp","href":"https:\/\/api.w.org\/{rel}","templated":true}]}}