{"id":2121,"date":"2019-09-12T12:39:36","date_gmt":"2019-09-12T15:39:36","guid":{"rendered":"https:\/\/justicapotiguar.com.br\/?p=2121"},"modified":"2019-09-13T11:53:08","modified_gmt":"2019-09-13T14:53:08","slug":"polemica-projeto-que-autoriza-permuta-entre-promotores-de-estados-diferentes-suspensa-pelo-stf-pode-se-tornar-lei-no-rn","status":"publish","type":"post","link":"https:\/\/justicapotiguar.com.br\/index.php\/2019\/09\/12\/polemica-projeto-que-autoriza-permuta-entre-promotores-de-estados-diferentes-suspensa-pelo-stf-pode-se-tornar-lei-no-rn\/","title":{"rendered":"POL\u00caMICA: Projeto que autoriza permuta entre promotores de estados diferentes, suspensa pelo STF, pode se tornar lei no RN"},"content":{"rendered":"\n<figure class=\"wp-block-image\"><img loading=\"lazy\" width=\"730\" height=\"400\" src=\"https:\/\/justicapotiguar.com.br\/wp-content\/uploads\/2019\/09\/MPRN-730x400.jpg\" alt=\"\" class=\"wp-image-2122\" srcset=\"https:\/\/justicapotiguar.com.br\/wp-content\/uploads\/2019\/09\/MPRN-730x400.jpg 730w, https:\/\/justicapotiguar.com.br\/wp-content\/uploads\/2019\/09\/MPRN-730x400-300x164.jpg 300w\" sizes=\"(max-width: 730px) 100vw, 730px\" \/><figcaption>Foto: Reprodu\u00e7\u00e3o<\/figcaption><\/figure>\n\n\n\n<p>Um pol\u00eamico projeto de lei complementar que permite a remo\u00e7\u00e3o\npor permuta entre outros cargos, de promotores de Justi\u00e7a do Minist\u00e9rio P\u00fablico\nde estados diferentes, vem gerando discuss\u00e3o e contradi\u00e7\u00f5es no meio Judici\u00e1rio.\nIsso porque, o projeto que j\u00e1 passou pela Assembleia Legislativa e pode ser sancionado\na qualquer momento pela governadora F\u00e1tima Bezerra, j\u00e1 foi levada ao Supremo\nTribunal Federal que deferiu medida cautelar suspendendo a mudan\u00e7a na legisla\u00e7\u00e3o,\nvisto que as carreiras n\u00e3o s\u00e3o unificadas, mas de ordem aut\u00f4noma de cada estado.<\/p>\n\n\n\n<p>Segundo informa\u00e7\u00f5es apuradas pelo Justi\u00e7a Potiguar, o projeto de lei que foi encaminhado pelo procurador Geral de Justi\u00e7a, Eudo Leite, n\u00e3o havia sido aprovado nem mesmo no Conselho Superior do Minist\u00e9rio P\u00fablico do RN, visto que apresenta distor\u00e7\u00f5es constitucionais.<\/p>\n\n\n\n<p>Um dos principais problemas no projeto de Lei \u00e9 que a\ncarreira n\u00e3o \u00e9 unificada nacionalmente e, por essa raz\u00e3o, a Procuradoria Geral\nda Rep\u00fablica (PGR) ingressou ainda em 2017 com A\u00e7\u00e3o no Supremo Tribunal Federal\ncontra tal possibilidade que estava sendo regulada por resolu\u00e7\u00e3o do Conselho\nNacional do Minist\u00e9rio P\u00fablico (CNMP) editada no mesmo ano de 2017 (ADPF 482).<\/p><div class=\"rqkph69f00d7f2271e\" ><!--<a href=\"https:\/\/bit.ly\/3QdrqTZ\" target=\"_blank\">\n<img src=\"https:\/\/justicapotiguar.com.br\/wp-content\/uploads\/2023\/09\/mobile-geral.gif\"\/><a\/>--><\/div><style type=\"text\/css\">\r\n.rqkph69f00d7f2271e {\r\ntext-align: center;\r\n}\r\n@media screen and (min-width: 1201px) {\r\n.rqkph69f00d7f2271e {\r\ndisplay: none;\r\n}\r\n}\r\n@media screen and (min-width: 993px) and (max-width: 1200px) {\r\n.rqkph69f00d7f2271e {\r\ndisplay: none;\r\n}\r\n}\r\n@media screen and (min-width: 769px) and (max-width: 992px) {\r\n.rqkph69f00d7f2271e {\r\ndisplay: none;\r\n}\r\n}\r\n@media screen and (min-width: 768px) and (max-width: 768px) {\r\n.rqkph69f00d7f2271e {\r\ndisplay: block;\r\n}\r\n}\r\n@media screen and (max-width: 767px) {\r\n.rqkph69f00d7f2271e {\r\ndisplay: block;\r\n}\r\n}\r\n<\/style>\r\n<div class=\"hzzud69f00d7f2270a\" ><!--<a href=\"https:\/\/bit.ly\/3QdrqTZ\" target=\"_blank\">\n<img src=\"https:\/\/justicapotiguar.com.br\/wp-content\/uploads\/2023\/09\/desktop-geral.gif\"\/><a\/>--><\/div><style type=\"text\/css\">\r\n.hzzud69f00d7f2270a {\r\ntext-align: center;\nmargin-bottom: 1em;\r\n}\r\n@media screen and (min-width: 1201px) {\r\n.hzzud69f00d7f2270a {\r\ndisplay: block;\r\n}\r\n}\r\n@media screen and (min-width: 993px) and (max-width: 1200px) {\r\n.hzzud69f00d7f2270a {\r\ndisplay: block;\r\n}\r\n}\r\n@media screen and (min-width: 769px) and (max-width: 992px) {\r\n.hzzud69f00d7f2270a {\r\ndisplay: block;\r\n}\r\n}\r\n@media screen and (min-width: 768px) and (max-width: 768px) {\r\n.hzzud69f00d7f2270a {\r\ndisplay: none;\r\n}\r\n}\r\n@media screen and (max-width: 767px) {\r\n.hzzud69f00d7f2270a {\r\ndisplay: none;\r\n}\r\n}\r\n<\/style>\r\n\n\n\n\n<p>O Ministro Alexandre de Morais, ao julgar, deferiu medida\ncautelar requerida pela PGR onde destacou o risco da pr\u00e1tica regulada pela\nresolu\u00e7\u00e3o do CNMP se alastrar em previs\u00f5es legislativas em v\u00e1rios estados,\nobservem:<\/p>\n\n\n\n<p>(&#8230;)Vislumbro, por outro lado, periculum in mora decorrente\ndo fato de que a decis\u00e3o questionada estimula os Estados da Federa\u00e7\u00e3o e o\nDistrito Federal a promulgar leis, de constitucionalidade duvidosa, para tratar\nda permuta entre membros do Minist\u00e9rio P\u00fablico com base na autoriza\u00e7\u00e3o e\nnas balizas estabelecidas pelo CNMP. Ademais, com fundamento nas referidas\nleis, poder\u00e3o efetivamente ocorrer essas permutas entre quadros funcionais de\nMinist\u00e9rios P\u00fablicos diversos, o que deve ser evitado at\u00e9 decis\u00e3o definitiva\ndeste SUPREMO TRIBUNAL FEDERAL sobre o tema(&#8230;). <\/p>\n\n\n\n<p>Enquanto isso, o projeto que esta na mesa da governadora F\u00e1tima\nBezerra, espera sua decis\u00e3o, o que ainda tende a gerar muita discuss\u00e3o no meio\njur\u00eddico potiguar.<\/p>\n","protected":false},"excerpt":{"rendered":"<p>Projeto de lei que foi encaminhado pelo procurador Geral de Justi\u00e7a, Eudo Leite, n\u00e3o havia sido aprovado nem mesmo no Conselho Superior do Minist\u00e9rio P\u00fablico<br \/><a class=\"more-link\" href=\"https:\/\/justicapotiguar.com.br\/index.php\/2019\/09\/12\/polemica-projeto-que-autoriza-permuta-entre-promotores-de-estados-diferentes-suspensa-pelo-stf-pode-se-tornar-lei-no-rn\/\">Mais&#8230;<\/a><\/p>\n","protected":false},"author":5,"featured_media":2122,"comment_status":"open","ping_status":"open","sticky":false,"template":"","format":"standard","meta":[],"categories":[3],"tags":[],"_links":{"self":[{"href":"https:\/\/justicapotiguar.com.br\/index.php\/wp-json\/wp\/v2\/posts\/2121"}],"collection":[{"href":"https:\/\/justicapotiguar.com.br\/index.php\/wp-json\/wp\/v2\/posts"}],"about":[{"href":"https:\/\/justicapotiguar.com.br\/index.php\/wp-json\/wp\/v2\/types\/post"}],"author":[{"embeddable":true,"href":"https:\/\/justicapotiguar.com.br\/index.php\/wp-json\/wp\/v2\/users\/5"}],"replies":[{"embeddable":true,"href":"https:\/\/justicapotiguar.com.br\/index.php\/wp-json\/wp\/v2\/comments?post=2121"}],"version-history":[{"count":2,"href":"https:\/\/justicapotiguar.com.br\/index.php\/wp-json\/wp\/v2\/posts\/2121\/revisions"}],"predecessor-version":[{"id":2124,"href":"https:\/\/justicapotiguar.com.br\/index.php\/wp-json\/wp\/v2\/posts\/2121\/revisions\/2124"}],"wp:featuredmedia":[{"embeddable":true,"href":"https:\/\/justicapotiguar.com.br\/index.php\/wp-json\/wp\/v2\/media\/2122"}],"wp:attachment":[{"href":"https:\/\/justicapotiguar.com.br\/index.php\/wp-json\/wp\/v2\/media?parent=2121"}],"wp:term":[{"taxonomy":"category","embeddable":true,"href":"https:\/\/justicapotiguar.com.br\/index.php\/wp-json\/wp\/v2\/categories?post=2121"},{"taxonomy":"post_tag","embeddable":true,"href":"https:\/\/justicapotiguar.com.br\/index.php\/wp-json\/wp\/v2\/tags?post=2121"}],"curies":[{"name":"wp","href":"https:\/\/api.w.org\/{rel}","templated":true}]}}