{"id":2119,"date":"2019-09-12T12:10:33","date_gmt":"2019-09-12T15:10:33","guid":{"rendered":"https:\/\/justicapotiguar.com.br\/?p=2119"},"modified":"2019-09-12T12:10:33","modified_gmt":"2019-09-12T15:10:33","slug":"stj-aprova-criacao-de-novo-trf-em-minas-e-de-mais-54-cargos-de-desembargador-em-todo-pais","status":"publish","type":"post","link":"https:\/\/justicapotiguar.com.br\/index.php\/2019\/09\/12\/stj-aprova-criacao-de-novo-trf-em-minas-e-de-mais-54-cargos-de-desembargador-em-todo-pais\/","title":{"rendered":"STJ aprova cria\u00e7\u00e3o de novo TRF em Minas e de mais 54 cargos de desembargador em todo pa\u00eds"},"content":{"rendered":"\n<figure class=\"wp-block-image is-resized\"><img loading=\"lazy\" src=\"https:\/\/justicapotiguar.com.br\/wp-content\/uploads\/2019\/08\/STJ-02-2.jpg\" alt=\"\" class=\"wp-image-415\" width=\"484\" height=\"344\"\/><figcaption>Foto: Divulga\u00e7\u00e3o<\/figcaption><\/figure>\n\n\n\n<p>O pleno do&nbsp;<a href=\"https:\/\/g1.globo.com\/tudo-sobre\/superior-tribunal-de-justica\/\">Superior Tribunal de Justi\u00e7a (STJ)<\/a>, formado por 33 integrantes da Corte, aprovou nesta quarta-feira (11) a cria\u00e7\u00e3o do sexto Tribunal Regional Federal (TRF) do pa\u00eds, em Belo Horizonte (MG).<\/p>\n\n\n\n<p>O STJ, ao qual compete fazer propostas sobre a administra\u00e7\u00e3o da Justi\u00e7a de primeiro e segundo graus, enviar\u00e1 ao Congresso Nacional nos pr\u00f3ximos dias um anteprojeto de lei com detalhes sobre o novo TRF.<\/p>\n\n\n\n<p>Para que a cria\u00e7\u00e3o seja efetivada, deputados e senadores ainda precisam discutir e aprovar a proposta. Depois, \u00e9 necess\u00e1ria a san\u00e7\u00e3o do presidente da Rep\u00fablica,<a href=\"https:\/\/g1.globo.com\/politica\/politico\/jair-bolsonaro\/\">&nbsp;Jair Bolsonaro<\/a>.<\/p>\n\n\n\n<p>Atualmente, o pa\u00eds tem cinco TRFs, que representam a segunda inst\u00e2ncia da Justi\u00e7a Federal e s\u00e3o divididos por regi\u00f5es:<br><\/p>\n\n\n\n<ul><li><strong>TRF da Primeira Regi\u00e3o:<\/strong>&nbsp;AC, AM, AP, BA, DF, GO, MA, MG, MT, PA, PI, RO, RR e TO;<\/li><li><strong>TRF da Segunda Regi\u00e3o<\/strong>: ES, RJ;<\/li><li><strong>TRF da Terceira Regi\u00e3o:<\/strong>&nbsp;MS, SP;<\/li><li><strong>TRF da Quarta Regi\u00e3o:<\/strong>&nbsp;PR, RS, SC;<\/li><li><strong>TRF da Quinta Regi\u00e3o:<\/strong>&nbsp;AL, CE, PB, PE, RN, SE.<\/li><\/ul>\n\n\n\n<p>Pela proposta aprovada nesta quarta, Minas Gerais, que representa cerca de 40% dos processos da Primeira Regi\u00e3o, ter\u00e1 um tribunal pr\u00f3prio de segunda inst\u00e2ncia, o TRF-6.<\/p>\n\n\n\n<h2>Custos<\/h2>\n\n\n\n<p>Na sess\u00e3o, o presidente do STJ, Jo\u00e3o Ot\u00e1vio de Noronha, afirmou que n\u00e3o haver\u00e1 custo extra com o novo TRF-6.<\/p>\n\n\n\n<p>De acordo com Noronha, o novo tribunal vai aproveitar a atual estrutura e os servidores da Justi\u00e7a Federal de Minas. Ele afirmou ainda que cargos vagos de ju\u00edzes, cujos sal\u00e1rios j\u00e1 est\u00e3o previstos no Or\u00e7amento, ser\u00e3o transformados em 18 cargos de desembargadores.<\/p>\n\n\n\n<p>O or\u00e7amento anual de R$ 12 bilh\u00f5es para a Justi\u00e7a Federal de Minas, segundo os ministros, ser\u00e1 mantido, mas passar\u00e1 a ser da Justi\u00e7a Federal e do TRF-6.<\/p>\n\n\n\n<p>Ao final da sess\u00e3o, Noronha destacou que o tribunal tem a preocupa\u00e7\u00e3o de n\u00e3o ampliar gastos em momento de crise fiscal no pa\u00eds e que acredita na aprova\u00e7\u00e3o da proposta no Congresso.<\/p>\n\n\n\n<h2>Justificativa<\/h2>\n\n\n\n<p>O presidente do STJ ainda afirmou que a cria\u00e7\u00e3o de um novo TRF \u00e9 necess\u00e1ria porque o volume de processos aumentou al\u00e9m da capacidade dos tribunais.<\/p><div class=\"epxvu69f0265629f88\" ><!--<a href=\"https:\/\/bit.ly\/3QdrqTZ\" target=\"_blank\">\n<img src=\"https:\/\/justicapotiguar.com.br\/wp-content\/uploads\/2023\/09\/mobile-geral.gif\"\/><a\/>--><\/div><style type=\"text\/css\">\r\n.epxvu69f0265629f88 {\r\ntext-align: center;\r\n}\r\n@media screen and (min-width: 1201px) {\r\n.epxvu69f0265629f88 {\r\ndisplay: none;\r\n}\r\n}\r\n@media screen and (min-width: 993px) and (max-width: 1200px) {\r\n.epxvu69f0265629f88 {\r\ndisplay: none;\r\n}\r\n}\r\n@media screen and (min-width: 769px) and (max-width: 992px) {\r\n.epxvu69f0265629f88 {\r\ndisplay: none;\r\n}\r\n}\r\n@media screen and (min-width: 768px) and (max-width: 768px) {\r\n.epxvu69f0265629f88 {\r\ndisplay: block;\r\n}\r\n}\r\n@media screen and (max-width: 767px) {\r\n.epxvu69f0265629f88 {\r\ndisplay: block;\r\n}\r\n}\r\n<\/style>\r\n<div class=\"ysumx69f0265629f6d\" ><!--<a href=\"https:\/\/bit.ly\/3QdrqTZ\" target=\"_blank\">\n<img src=\"https:\/\/justicapotiguar.com.br\/wp-content\/uploads\/2023\/09\/desktop-geral.gif\"\/><a\/>--><\/div><style type=\"text\/css\">\r\n.ysumx69f0265629f6d {\r\ntext-align: center;\nmargin-bottom: 1em;\r\n}\r\n@media screen and (min-width: 1201px) {\r\n.ysumx69f0265629f6d {\r\ndisplay: block;\r\n}\r\n}\r\n@media screen and (min-width: 993px) and (max-width: 1200px) {\r\n.ysumx69f0265629f6d {\r\ndisplay: block;\r\n}\r\n}\r\n@media screen and (min-width: 769px) and (max-width: 992px) {\r\n.ysumx69f0265629f6d {\r\ndisplay: block;\r\n}\r\n}\r\n@media screen and (min-width: 768px) and (max-width: 768px) {\r\n.ysumx69f0265629f6d {\r\ndisplay: none;\r\n}\r\n}\r\n@media screen and (max-width: 767px) {\r\n.ysumx69f0265629f6d {\r\ndisplay: none;\r\n}\r\n}\r\n<\/style>\r\n\n\n\n\n<p>\u201cQuando a Constitui\u00e7\u00e3o de 1988 recriou a justi\u00e7a federal, ela criou 5 TRFs. A demanda n\u00e3o era t\u00e3o grande quanto hoje. O n\u00famero de processos nos tribunais se avolumou. A situa\u00e7\u00e3o chegou a ficar cr\u00edtica em algumas regi\u00f5es&#8221;, destacou Noronha.<\/p>\n\n\n\n<p>De acordo com o ministro, \u201ca solu\u00e7\u00e3o que se mostra vi\u00e1vel \u00e9 o desmembramento do TRF-1 e criar o TRF de Minas\u201d.<\/p>\n\n\n\n<h2>54 cargos de desembargador<\/h2>\n\n\n\n<p>Al\u00e9m da cria\u00e7\u00e3o do novo tribunal, que ter\u00e1 18 cargos de desembargador, o STJ tamb\u00e9m aprovou novas vagas de desembargadores para todos os outros TRFs: 3 na Primeira Regi\u00e3o, 8 na Segunda, 4 na Terceira, 12 na Quarta e 9 na Quinta.<\/p>\n\n\n\n<p>Em todos os casos ser\u00e3o convertidos cargos de ju\u00edzes que est\u00e3o vagos em fun\u00e7\u00f5es de desembargador \u2013 o sal\u00e1rio \u00e9 um pouco maior.<\/p>\n\n\n\n<p>Se aprovadas as vagas, o presidente Jair Bolsonaro poder\u00e1 indicar 54 desembargadores. A escolha \u00e9 feita por meio de uma lista tr\u00edplice aprovada no pr\u00f3prio tribunal. No caso do TRF-6, que n\u00e3o tem composi\u00e7\u00e3o, a lista seria aprovada pelo STJ.<\/p>\n\n\n\n<p>Noronha minimizou o fato de Bolsonaro poder realizar tantas indica\u00e7\u00f5es. \u201cO presidente s\u00f3 nomeia quem o tribunal seleciona numa lista tr\u00edplice. Ele n\u00e3o p\u00f5e quem ele quer, ele p\u00f5e quem o tribunal quer. Isso mitiga toda essa quest\u00e3o pol\u00edtica. O presidente est\u00e1 vinculado a uma escolha de uma lista tr\u00edplice. Se o candidato j\u00e1 entrou tr\u00eas vezes por merecimento, a nomea\u00e7\u00e3o \u00e9 obrigat\u00f3ria. Ser\u00e1 que n\u00f3s temos uma justi\u00e7a politizada? N\u00e3o temos.\u201d<\/p>\n\n\n\n<p>Em 2013, cria\u00e7\u00e3o de quatro TRFs causou pol\u00eamica. Em julho daquele ano, o ent\u00e3o presidente do Supremo Tribunal Federal (STF), Joaquim Barbosa,&nbsp;<a href=\"http:\/\/g1.globo.com\/politica\/noticia\/2013\/07\/presidente-do-stf-suspende-criacao-de-quatro-novos-trfs.html\">suspendeu a cria\u00e7\u00e3o<\/a>&nbsp;de quatro novos tribunais regionais federais no pa\u00eds. O Congresso havia aprovado a cria\u00e7\u00e3o dos tribunais federais nos estados de Minas Gerais, Amazonas, Paran\u00e1 e Bahia.<\/p>\n\n\n\n<p>Na \u00e9poca, Barbosa&nbsp;<a href=\"http:\/\/g1.globo.com\/politica\/noticia\/2013\/04\/barbosa-critica-associacoes-de-juizes-por-apoiar-criacao-de-novos-tribunais.html\">acusou os presidentes de associa\u00e7\u00f5es<\/a>&nbsp;de agirem de forma \u201csorrateira\u201d para apoiar a cria\u00e7\u00e3o dos tribunais.<\/p>\n\n\n\n<p>Ele afirmou que a suspens\u00e3o era necess\u00e1ria porque caberia ao Conselho Nacional de Justi\u00e7a (CNJ) decidir antes sobre melhoria da efici\u00eancia dos tribunais.<\/p>\n\n\n\n<p>G1<\/p>\n","protected":false},"excerpt":{"rendered":"<p>Atualmente, o pa\u00eds tem cinco TRFs, que representam a segunda inst\u00e2ncia da Justi\u00e7a Federal<br \/><a class=\"more-link\" href=\"https:\/\/justicapotiguar.com.br\/index.php\/2019\/09\/12\/stj-aprova-criacao-de-novo-trf-em-minas-e-de-mais-54-cargos-de-desembargador-em-todo-pais\/\">Mais&#8230;<\/a><\/p>\n","protected":false},"author":5,"featured_media":332,"comment_status":"open","ping_status":"open","sticky":false,"template":"","format":"standard","meta":[],"categories":[3],"tags":[],"_links":{"self":[{"href":"https:\/\/justicapotiguar.com.br\/index.php\/wp-json\/wp\/v2\/posts\/2119"}],"collection":[{"href":"https:\/\/justicapotiguar.com.br\/index.php\/wp-json\/wp\/v2\/posts"}],"about":[{"href":"https:\/\/justicapotiguar.com.br\/index.php\/wp-json\/wp\/v2\/types\/post"}],"author":[{"embeddable":true,"href":"https:\/\/justicapotiguar.com.br\/index.php\/wp-json\/wp\/v2\/users\/5"}],"replies":[{"embeddable":true,"href":"https:\/\/justicapotiguar.com.br\/index.php\/wp-json\/wp\/v2\/comments?post=2119"}],"version-history":[{"count":1,"href":"https:\/\/justicapotiguar.com.br\/index.php\/wp-json\/wp\/v2\/posts\/2119\/revisions"}],"predecessor-version":[{"id":2120,"href":"https:\/\/justicapotiguar.com.br\/index.php\/wp-json\/wp\/v2\/posts\/2119\/revisions\/2120"}],"wp:featuredmedia":[{"embeddable":true,"href":"https:\/\/justicapotiguar.com.br\/index.php\/wp-json\/wp\/v2\/media\/332"}],"wp:attachment":[{"href":"https:\/\/justicapotiguar.com.br\/index.php\/wp-json\/wp\/v2\/media?parent=2119"}],"wp:term":[{"taxonomy":"category","embeddable":true,"href":"https:\/\/justicapotiguar.com.br\/index.php\/wp-json\/wp\/v2\/categories?post=2119"},{"taxonomy":"post_tag","embeddable":true,"href":"https:\/\/justicapotiguar.com.br\/index.php\/wp-json\/wp\/v2\/tags?post=2119"}],"curies":[{"name":"wp","href":"https:\/\/api.w.org\/{rel}","templated":true}]}}