{"id":21149,"date":"2021-08-27T12:59:48","date_gmt":"2021-08-27T15:59:48","guid":{"rendered":"https:\/\/justicapotiguar.com.br\/?p=21149"},"modified":"2021-08-27T12:59:48","modified_gmt":"2021-08-27T15:59:48","slug":"stj-volta-a-autorizar-tramites-para-construcao-do-museu-da-biblia-em-brasilia","status":"publish","type":"post","link":"https:\/\/justicapotiguar.com.br\/index.php\/2021\/08\/27\/stj-volta-a-autorizar-tramites-para-construcao-do-museu-da-biblia-em-brasilia\/","title":{"rendered":"STJ volta a autorizar tr\u00e2mites para constru\u00e7\u00e3o do Museu da B\u00edblia, em Bras\u00edlia"},"content":{"rendered":"\n<figure class=\"wp-block-image size-large\"><img loading=\"lazy\" width=\"900\" height=\"507\" src=\"https:\/\/justicapotiguar.com.br\/wp-content\/uploads\/2021\/08\/projeto-do-Museu-daq-Biblia.jpg\" alt=\"\" class=\"wp-image-21150\" srcset=\"https:\/\/justicapotiguar.com.br\/wp-content\/uploads\/2021\/08\/projeto-do-Museu-daq-Biblia.jpg 900w, https:\/\/justicapotiguar.com.br\/wp-content\/uploads\/2021\/08\/projeto-do-Museu-daq-Biblia-300x169.jpg 300w, https:\/\/justicapotiguar.com.br\/wp-content\/uploads\/2021\/08\/projeto-do-Museu-daq-Biblia-768x433.jpg 768w\" sizes=\"(max-width: 900px) 100vw, 900px\" \/><figcaption><strong>Foto: Reprodu\u00e7\u00e3o\/Di\u00e1rio do Poder<\/strong><\/figcaption><\/figure>\n\n\n\n<p>O presidente do Superior Tribunal de Justi\u00e7a, ministro Humberto Martins, estendeu nesta quinta-feira (26) os efeitos de uma decis\u00e3o de abril para permitir a retomada do processo para a constru\u00e7\u00e3o do Museu da B\u00edblia, em Bras\u00edlia.<\/p>\n\n\n\n<p>Inicialmente, o procedimento administrativo para a constru\u00e7\u00e3o foi paralisado por ordem da 7\u00aa Vara da Fazenda P\u00fablica do DF. Ao analisar o caso em abril, o presidente do STJ afirmou que essa decis\u00e3o desconsiderou a presun\u00e7\u00e3o de legalidade dos atos administrativos do Governo do Distrito Federal (GDF), e suspendeu a decis\u00e3o judicial de primeira inst\u00e2ncia, liberando o prosseguimento dos tr\u00e2mites administrativos.<\/p>\n\n\n\n<p>Quatro meses ap\u00f3s essa decis\u00e3o do STJ, a Vara de Meio Ambiente, Desenvolvimento Urbano e Fundi\u00e1rio do DF, em liminar, paralisou novamente o processo, atendendo a pedido da deputada distrital J\u00falia Lucy (Novo) em uma a\u00e7\u00e3o popular.<\/p>\n\n\n\n<p>Na sequ\u00eancia, o GDF entrou no STJ com um pedido de extens\u00e3o dos efeitos da decis\u00e3o de abril para permitir a retomada do processo para a constru\u00e7\u00e3o do museu.<\/p>\n\n\n\n<p>Segundo o governo distrital, a decis\u00e3o da 7\u00aa Vara da Fazenda P\u00fablica e a da Vara de Meio Ambiente t\u00eam id\u00eantico objeto \u2014 suspendem os &#8220;atos tendentes ao planejamento e execu\u00e7\u00e3o de um museu na \u00e1rea do Eixo Monumental&#8221; \u2014, raz\u00e3o pela qual o tribunal deveria estender os efeitos da decis\u00e3o proferida em abril para permitir a continuidade do procedimento, com a escolha do projeto arquitet\u00f4nico por meio de concurso p\u00fablico.<\/p><div class=\"jzijx69f2e8fdddad8\" ><!--<a href=\"https:\/\/bit.ly\/3QdrqTZ\" target=\"_blank\">\n<img src=\"https:\/\/justicapotiguar.com.br\/wp-content\/uploads\/2023\/09\/mobile-geral.gif\"\/><a\/>--><\/div><style type=\"text\/css\">\r\n.jzijx69f2e8fdddad8 {\r\ntext-align: center;\r\n}\r\n@media screen and (min-width: 1201px) {\r\n.jzijx69f2e8fdddad8 {\r\ndisplay: none;\r\n}\r\n}\r\n@media screen and (min-width: 993px) and (max-width: 1200px) {\r\n.jzijx69f2e8fdddad8 {\r\ndisplay: none;\r\n}\r\n}\r\n@media screen and (min-width: 769px) and (max-width: 992px) {\r\n.jzijx69f2e8fdddad8 {\r\ndisplay: none;\r\n}\r\n}\r\n@media screen and (min-width: 768px) and (max-width: 768px) {\r\n.jzijx69f2e8fdddad8 {\r\ndisplay: block;\r\n}\r\n}\r\n@media screen and (max-width: 767px) {\r\n.jzijx69f2e8fdddad8 {\r\ndisplay: block;\r\n}\r\n}\r\n<\/style>\r\n<div class=\"pjzqv69f2e8fdddaba\" ><!--<a href=\"https:\/\/bit.ly\/3QdrqTZ\" target=\"_blank\">\n<img src=\"https:\/\/justicapotiguar.com.br\/wp-content\/uploads\/2023\/09\/desktop-geral.gif\"\/><a\/>--><\/div><style type=\"text\/css\">\r\n.pjzqv69f2e8fdddaba {\r\ntext-align: center;\nmargin-bottom: 1em;\r\n}\r\n@media screen and (min-width: 1201px) {\r\n.pjzqv69f2e8fdddaba {\r\ndisplay: block;\r\n}\r\n}\r\n@media screen and (min-width: 993px) and (max-width: 1200px) {\r\n.pjzqv69f2e8fdddaba {\r\ndisplay: block;\r\n}\r\n}\r\n@media screen and (min-width: 769px) and (max-width: 992px) {\r\n.pjzqv69f2e8fdddaba {\r\ndisplay: block;\r\n}\r\n}\r\n@media screen and (min-width: 768px) and (max-width: 768px) {\r\n.pjzqv69f2e8fdddaba {\r\ndisplay: none;\r\n}\r\n}\r\n@media screen and (max-width: 767px) {\r\n.pjzqv69f2e8fdddaba {\r\ndisplay: none;\r\n}\r\n}\r\n<\/style>\r\n\n\n\n\n<p><strong>Identidade comprovada<\/strong><br><strong><br><\/strong>Para o ministro Humberto Martins, o GDF tem raz\u00e3o ao argumentar que h\u00e1 identidade entre as duas situa\u00e7\u00f5es, o que justifica a extens\u00e3o dos efeitos da decis\u00e3o de abril. Em ambos os casos, o GDF sustentou que a discuss\u00e3o \u00e9 centrada no procedimento de realiza\u00e7\u00e3o de audi\u00eancia p\u00fablica para debater aspectos da obra, e as decis\u00f5es que paralisaram o andamento do processo foram proferidas em virtude desse questionamento.<\/p>\n\n\n\n<p>&#8220;H\u00e1, na decis\u00e3o em rela\u00e7\u00e3o \u00e0 qual se pretende a extens\u00e3o do pedido suspensivo, determina\u00e7\u00e3o judicial que paralisa o planejamento e a execu\u00e7\u00e3o do Museu da B\u00edblia, suspendendo o tr\u00e2mite regular do processo administrativo do concurso p\u00fablico, tal como ocorreu com a demanda paradigma que deu origem \u00e0 presente suspens\u00e3o&#8221;, explicou Martins.<\/p>\n\n\n\n<p>O presidente do STJ frisou que o requisito legal de identidade de objeto \u2014 necess\u00e1rio para justificar a extens\u00e3o dos efeitos da decis\u00e3o, segundo a regra do par\u00e1grafo 8\u00ba do artigo 4\u00ba da Lei 8.437\/1992 \u2014 foi devidamente comprovado pelo governo distrital. Com informa\u00e7\u00f5es da assessoria de imprensa do Superior Tribunal de Justi\u00e7a.<\/p>\n\n\n\n<p><strong>Clique\u00a0<a rel=\"noreferrer noopener\" href=\"https:\/\/www.conjur.com.br\/dl\/stj-volta-autorizar-construcao-museu.pdf\" target=\"_blank\">aqui<\/a>\u00a0para ler a decis\u00e3o<\/strong><br>SLS 2.924<\/p>\n\n\n\n<p><strong>Conjur<\/strong><\/p>\n","protected":false},"excerpt":{"rendered":"<p>O presidente do Superior Tribunal de Justi\u00e7a, ministro Humberto Martins, estendeu nesta quinta-feira (26) os efeitos de uma decis\u00e3o de abril para permitir a retomada do processo para a constru\u00e7\u00e3o do Museu da B\u00edblia, em Bras\u00edlia. Inicialmente, o procedimento administrativo para a constru\u00e7\u00e3o foi paralisado por ordem da 7\u00aa Vara da Fazenda P\u00fablica do DF.<br \/><a class=\"more-link\" href=\"https:\/\/justicapotiguar.com.br\/index.php\/2021\/08\/27\/stj-volta-a-autorizar-tramites-para-construcao-do-museu-da-biblia-em-brasilia\/\">Mais&#8230;<\/a><\/p>\n","protected":false},"author":5,"featured_media":21150,"comment_status":"open","ping_status":"open","sticky":false,"template":"","format":"standard","meta":[],"categories":[3],"tags":[],"_links":{"self":[{"href":"https:\/\/justicapotiguar.com.br\/index.php\/wp-json\/wp\/v2\/posts\/21149"}],"collection":[{"href":"https:\/\/justicapotiguar.com.br\/index.php\/wp-json\/wp\/v2\/posts"}],"about":[{"href":"https:\/\/justicapotiguar.com.br\/index.php\/wp-json\/wp\/v2\/types\/post"}],"author":[{"embeddable":true,"href":"https:\/\/justicapotiguar.com.br\/index.php\/wp-json\/wp\/v2\/users\/5"}],"replies":[{"embeddable":true,"href":"https:\/\/justicapotiguar.com.br\/index.php\/wp-json\/wp\/v2\/comments?post=21149"}],"version-history":[{"count":1,"href":"https:\/\/justicapotiguar.com.br\/index.php\/wp-json\/wp\/v2\/posts\/21149\/revisions"}],"predecessor-version":[{"id":21151,"href":"https:\/\/justicapotiguar.com.br\/index.php\/wp-json\/wp\/v2\/posts\/21149\/revisions\/21151"}],"wp:featuredmedia":[{"embeddable":true,"href":"https:\/\/justicapotiguar.com.br\/index.php\/wp-json\/wp\/v2\/media\/21150"}],"wp:attachment":[{"href":"https:\/\/justicapotiguar.com.br\/index.php\/wp-json\/wp\/v2\/media?parent=21149"}],"wp:term":[{"taxonomy":"category","embeddable":true,"href":"https:\/\/justicapotiguar.com.br\/index.php\/wp-json\/wp\/v2\/categories?post=21149"},{"taxonomy":"post_tag","embeddable":true,"href":"https:\/\/justicapotiguar.com.br\/index.php\/wp-json\/wp\/v2\/tags?post=21149"}],"curies":[{"name":"wp","href":"https:\/\/api.w.org\/{rel}","templated":true}]}}