{"id":2111,"date":"2019-09-12T08:33:15","date_gmt":"2019-09-12T11:33:15","guid":{"rendered":"https:\/\/justicapotiguar.com.br\/?p=2111"},"modified":"2019-09-12T08:33:32","modified_gmt":"2019-09-12T11:33:32","slug":"agressor-devera-pagar-indenizacao-de-r-20-mil-apos-ameacar-e-divulgar-fotos-intimas-de-ex","status":"publish","type":"post","link":"https:\/\/justicapotiguar.com.br\/index.php\/2019\/09\/12\/agressor-devera-pagar-indenizacao-de-r-20-mil-apos-ameacar-e-divulgar-fotos-intimas-de-ex\/","title":{"rendered":"Agressor dever\u00e1 pagar indeniza\u00e7\u00e3o de R$ 20 mil ap\u00f3s amea\u00e7ar e divulgar fotos \u00edntimas de ex"},"content":{"rendered":"\n<figure class=\"wp-block-image\"><img loading=\"lazy\" width=\"494\" height=\"354\" src=\"https:\/\/justicapotiguar.com.br\/wp-content\/uploads\/2019\/08\/violencia-mulher.jpg\" alt=\"\" class=\"wp-image-1035\" srcset=\"https:\/\/justicapotiguar.com.br\/wp-content\/uploads\/2019\/08\/violencia-mulher.jpg 494w, https:\/\/justicapotiguar.com.br\/wp-content\/uploads\/2019\/08\/violencia-mulher-300x215.jpg 300w\" sizes=\"(max-width: 494px) 100vw, 494px\" \/><figcaption>Foto: Reprodu\u00e7\u00e3o<\/figcaption><\/figure>\n\n\n\n<p>Ap\u00f3s agredir, amea\u00e7ar e divulgar fotos \u00edntimas da v\u00edtima com a qual mantinha um relacionamento, um homem foi condenado pela 1\u00aa Vara de Currais Novos a tr\u00eas anos e um m\u00eas de reclus\u00e3o em regime aberto e dever\u00e1 pagar a quantia de R$ 20 mil em raz\u00e3o dos danos morais a ela causados. A senten\u00e7a \u00e9 do juiz Marcus Vin\u00edcius Pereira J\u00fanior. O processo corre em segredo de Justi\u00e7a.<\/p>\n\n\n\n<p>\u201cNo depoimento prestado pela v\u00edtima do presente processo, a mesma fez pedido expresso no sentido de ter indenizada pelos danos \u00e0 mesma causados, raz\u00e3o pela qual considerando a dor, o sofrimento e a humilha\u00e7\u00e3o da v\u00edtima a qual a v\u00edtima foi submetida, n\u00e3o apenas com os danos f\u00edsicos em raz\u00e3o das agress\u00f5es f\u00edsicas e verbais, bem como diante das amea\u00e7as e exposi\u00e7\u00e3o de fotos \u00edntimas da v\u00edtima em redes sociais, FIXO como valor m\u00ednimo de indeniza\u00e7\u00e3o a import\u00e2ncia de R$ 20 mil, pelos danos morais causados\u201d, diz trecho da senten\u00e7a.<\/p>\n\n\n\n<p><strong>O caso<\/strong><\/p>\n\n\n\n<p>Em seu depoimento, a v\u00edtima relatou que manteve um relacionamento afetivo com o acusado e que a \u00faltima agress\u00e3o por ela sofrida ocorreu em sua pr\u00f3pria resid\u00eancia, ocasi\u00e3o em que ele teria lhe desferido um soco na nuca, fazendo a ofendida chegar a convulsionar.<\/p>\n\n\n\n<p>A v\u00edtima relatou ainda que momentos ap\u00f3s a agress\u00e3o, o acusado deixou o local com a promessa de que ela seria submetida a algo deveras vergonhoso e que inclusive a amea\u00e7ou de morte. Logo depois do epis\u00f3dio houve a divulga\u00e7\u00e3o de fotos \u00edntimas da v\u00edtima no Facebook, a qual teria sido amea\u00e7ada mais uma vez pelo agressor.<\/p>\n\n\n\n<p>Uma ex-namorada do acusado tamb\u00e9m dep\u00f4s no processo, afirmando que foi uma das pessoas que primeiro recebeu e tomou ci\u00eancia sobre a divulga\u00e7\u00e3o das fotos \u00edntimas da ofendida. Ela relatou que tamb\u00e9m foi v\u00edtima de agress\u00e3o e amea\u00e7a de exposi\u00e7\u00e3o de imagem \u00edntima, afirmando ter o r\u00e9u hist\u00f3rico de comportamento semelhante ao registrado no processo.<\/p>\n\n\n\n<p>Em seu depoimento, o r\u00e9u negou os fatos que lhe foram atribu\u00eddos, afirmando que se resumiu a empurrar a ofendida durante uma discuss\u00e3o, n\u00e3o tendo a amea\u00e7ado ou divulgado fotos da v\u00edtima em estado de nudez expl\u00edcita, confirmando, contudo, que chegou a enviar mensagens e imagens \u00e0 ofendida sob o pretexto de que iria se suicidar caso ela n\u00e3o reatasse o relacionamento.<\/p><div class=\"advyf69f469dc5518c\" ><!--<a href=\"https:\/\/bit.ly\/3QdrqTZ\" target=\"_blank\">\n<img src=\"https:\/\/justicapotiguar.com.br\/wp-content\/uploads\/2023\/09\/mobile-geral.gif\"\/><a\/>--><\/div><style type=\"text\/css\">\r\n.advyf69f469dc5518c {\r\ntext-align: center;\r\n}\r\n@media screen and (min-width: 1201px) {\r\n.advyf69f469dc5518c {\r\ndisplay: none;\r\n}\r\n}\r\n@media screen and (min-width: 993px) and (max-width: 1200px) {\r\n.advyf69f469dc5518c {\r\ndisplay: none;\r\n}\r\n}\r\n@media screen and (min-width: 769px) and (max-width: 992px) {\r\n.advyf69f469dc5518c {\r\ndisplay: none;\r\n}\r\n}\r\n@media screen and (min-width: 768px) and (max-width: 768px) {\r\n.advyf69f469dc5518c {\r\ndisplay: block;\r\n}\r\n}\r\n@media screen and (max-width: 767px) {\r\n.advyf69f469dc5518c {\r\ndisplay: block;\r\n}\r\n}\r\n<\/style>\r\n<div class=\"dzkvf69f469dc5516d\" ><!--<a href=\"https:\/\/bit.ly\/3QdrqTZ\" target=\"_blank\">\n<img src=\"https:\/\/justicapotiguar.com.br\/wp-content\/uploads\/2023\/09\/desktop-geral.gif\"\/><a\/>--><\/div><style type=\"text\/css\">\r\n.dzkvf69f469dc5516d {\r\ntext-align: center;\nmargin-bottom: 1em;\r\n}\r\n@media screen and (min-width: 1201px) {\r\n.dzkvf69f469dc5516d {\r\ndisplay: block;\r\n}\r\n}\r\n@media screen and (min-width: 993px) and (max-width: 1200px) {\r\n.dzkvf69f469dc5516d {\r\ndisplay: block;\r\n}\r\n}\r\n@media screen and (min-width: 769px) and (max-width: 992px) {\r\n.dzkvf69f469dc5516d {\r\ndisplay: block;\r\n}\r\n}\r\n@media screen and (min-width: 768px) and (max-width: 768px) {\r\n.dzkvf69f469dc5516d {\r\ndisplay: none;\r\n}\r\n}\r\n@media screen and (max-width: 767px) {\r\n.dzkvf69f469dc5516d {\r\ndisplay: none;\r\n}\r\n}\r\n<\/style>\r\n\n\n\n\n<p><strong>Decis\u00e3o<\/strong><\/p>\n\n\n\n<p>Ao analisar o caso, o juiz Marcus Vin\u00edcius Pereira J\u00fanior aponta que \u201ca negativa do r\u00e9u, por\u00e9m, encontra-se isolada nos autos, uma vez que o acusado n\u00e3o arrolou qualquer testemunha apta a apresentar vers\u00e3o que corrobore com o que foi arguido em seu depoimento ou sustentado pela defesa\u201d.<\/p>\n\n\n\n<p>O magistrado explica que o delito de amea\u00e7a consiste em intimidar, incutir medo na v\u00edtima, o que se constata nas provas e elementos informativos obtidos na fase processual e investigativa. O juiz afirma que o r\u00e9u confessou a amea\u00e7a de suic\u00eddio e envio de fotos com a \u201ccorda no pesco\u00e7o\u201d como forma de for\u00e7ar a volta do relacionamento, destacando, inclusive, que o pr\u00f3prio r\u00e9u afirmou, via WhatsApp, ap\u00f3s enviar a foto da v\u00edtima nua que a v\u00edtima \u201cdeixou um rapaz trabalhador\u201d e que suas fotos \u201cJ\u00e1 t\u00e1 nas redes sociais\u201d.<\/p>\n\n\n\n<p>Marcus Vin\u00edcius Pereira J\u00fanior registra ainda que para a aferi\u00e7\u00e3o da contraven\u00e7\u00e3o penal de vias de fato \u00e9 desnecess\u00e1ria a realiza\u00e7\u00e3o de exame de corpo de delito para a sua aferi\u00e7\u00e3o, pois se trata de infra\u00e7\u00e3o penal subsidi\u00e1ria, em que o autor emprega viol\u00eancia contra determinada pessoa sem causar les\u00f5es corporais ou morte, distinguindo-se do crime do art. 129 do C\u00f3digo Penal apenas porque n\u00e3o provoca ofensa \u00e0 integridade f\u00edsica ou \u00e0 sa\u00fade da v\u00edtima.<\/p>\n\n\n\n<p>Em rela\u00e7\u00e3o ao crime de divulga\u00e7\u00e3o de cena de sexo ou de pornografia, o juiz Marcus Vin\u00edcius afirma que o entendimento nos tribunais superiores \u00e9 de que, nos crimes contra a dignidade sexual &#8211; tendo em vista a caracter\u00edstica de quase sempre ocorrerem sob os v\u00e9us da obscuridade \u2013 a palavra da v\u00edtima se reveste de relevante valor no que se refere ao lastro probat\u00f3rio que forma o entendimento a respeito do fato.<\/p>\n\n\n\n<p>\u201cNo caso em tela, al\u00e9m da palavra da v\u00edtima \u2013 apoiada nas afirma\u00e7\u00f5es un\u00edssonas e sem qualquer contradi\u00e7\u00e3o \u2013 h\u00e1 tamb\u00e9m, expostas aos autos do inqu\u00e9rito policial anexo, capturas de tela de conversas que ela teve com o r\u00e9u por meio do aplicativo Whatsapp que, ao entendimento deste magistrado, s\u00e3o contundentes ind\u00edcios da pr\u00e1tica delitiva descrita ao dispositivo legal em tela, destacando, tamb\u00e9m, que a testemunha foi clara no sentido de que recebeu via WhatsApp fotos \u00edntimas da v\u00edtima\u201d, destaca o julgador.<\/p>\n\n\n\n<p>Assim, o juiz Marcus Vin\u00edcius Pereira J\u00fanior entendeu haver prova nos autos suficiente para comprovar a autoria e a materialidade delitivas, sendo a condena\u00e7\u00e3o do r\u00e9u medida que se imp\u00f5e.<\/p>\n","protected":false},"excerpt":{"rendered":"<p>Homem foi condenado pela 1\u00aa Vara de Currais Novos a tr\u00eas anos e um m\u00eas de reclus\u00e3o em regime aberto e dever\u00e1 pagar a quantia de R$ 20 mil em raz\u00e3o dos danos morais a ela causados<br \/><a class=\"more-link\" href=\"https:\/\/justicapotiguar.com.br\/index.php\/2019\/09\/12\/agressor-devera-pagar-indenizacao-de-r-20-mil-apos-ameacar-e-divulgar-fotos-intimas-de-ex\/\">Mais&#8230;<\/a><\/p>\n","protected":false},"author":5,"featured_media":1035,"comment_status":"open","ping_status":"open","sticky":false,"template":"","format":"standard","meta":[],"categories":[3],"tags":[],"_links":{"self":[{"href":"https:\/\/justicapotiguar.com.br\/index.php\/wp-json\/wp\/v2\/posts\/2111"}],"collection":[{"href":"https:\/\/justicapotiguar.com.br\/index.php\/wp-json\/wp\/v2\/posts"}],"about":[{"href":"https:\/\/justicapotiguar.com.br\/index.php\/wp-json\/wp\/v2\/types\/post"}],"author":[{"embeddable":true,"href":"https:\/\/justicapotiguar.com.br\/index.php\/wp-json\/wp\/v2\/users\/5"}],"replies":[{"embeddable":true,"href":"https:\/\/justicapotiguar.com.br\/index.php\/wp-json\/wp\/v2\/comments?post=2111"}],"version-history":[{"count":1,"href":"https:\/\/justicapotiguar.com.br\/index.php\/wp-json\/wp\/v2\/posts\/2111\/revisions"}],"predecessor-version":[{"id":2112,"href":"https:\/\/justicapotiguar.com.br\/index.php\/wp-json\/wp\/v2\/posts\/2111\/revisions\/2112"}],"wp:featuredmedia":[{"embeddable":true,"href":"https:\/\/justicapotiguar.com.br\/index.php\/wp-json\/wp\/v2\/media\/1035"}],"wp:attachment":[{"href":"https:\/\/justicapotiguar.com.br\/index.php\/wp-json\/wp\/v2\/media?parent=2111"}],"wp:term":[{"taxonomy":"category","embeddable":true,"href":"https:\/\/justicapotiguar.com.br\/index.php\/wp-json\/wp\/v2\/categories?post=2111"},{"taxonomy":"post_tag","embeddable":true,"href":"https:\/\/justicapotiguar.com.br\/index.php\/wp-json\/wp\/v2\/tags?post=2111"}],"curies":[{"name":"wp","href":"https:\/\/api.w.org\/{rel}","templated":true}]}}