{"id":2107,"date":"2019-09-12T08:08:39","date_gmt":"2019-09-12T11:08:39","guid":{"rendered":"https:\/\/justicapotiguar.com.br\/?p=2107"},"modified":"2019-09-12T12:12:46","modified_gmt":"2019-09-12T15:12:46","slug":"operacao-do-mp-contra-corrupcao-e-desvio-de-r-339-mil-na-prefeitura-de-santana-do-matos-tem-como-alvos-ex-prefeita-secretarios-e-empresarios","status":"publish","type":"post","link":"https:\/\/justicapotiguar.com.br\/index.php\/2019\/09\/12\/operacao-do-mp-contra-corrupcao-e-desvio-de-r-339-mil-na-prefeitura-de-santana-do-matos-tem-como-alvos-ex-prefeita-secretarios-e-empresarios\/","title":{"rendered":"Opera\u00e7\u00e3o do MP contra corrup\u00e7\u00e3o e desvio de R$ 339 mil na Prefeitura de Santana do Matos tem como alvos ex-prefeita, secret\u00e1rios e empres\u00e1rios"},"content":{"rendered":"\n<figure class=\"wp-block-image\"><img loading=\"lazy\" width=\"984\" height=\"579\" src=\"https:\/\/justicapotiguar.com.br\/wp-content\/uploads\/2019\/09\/santana_qdjTvcg.jpg\" alt=\"\" class=\"wp-image-2108\" srcset=\"https:\/\/justicapotiguar.com.br\/wp-content\/uploads\/2019\/09\/santana_qdjTvcg.jpg 984w, https:\/\/justicapotiguar.com.br\/wp-content\/uploads\/2019\/09\/santana_qdjTvcg-300x177.jpg 300w, https:\/\/justicapotiguar.com.br\/wp-content\/uploads\/2019\/09\/santana_qdjTvcg-768x452.jpg 768w\" sizes=\"(max-width: 984px) 100vw, 984px\" \/><figcaption>Foto: Reprodu\u00e7\u00e3o<\/figcaption><\/figure>\n\n\n\n<p>O\nMinist\u00e9rio P\u00fablico do RN deflagrou a \u201cOpera\u00e7\u00e3o Carcar\u00e1\u201d no munic\u00edpio de Santana\ndo Matos nesta quinta-feira, 12, o objetivo foi de apurar desvios de pelo menos\nR$ 339.902,90 da Prefeitura do munic\u00edpio.<\/p>\n\n\n\n<p>Uma\nex-prefeita, dois auxiliares dela e 13 empresas e empres\u00e1rios tiveram os bens e\ncontas banc\u00e1rias bloqueados e sequestrados. A ex-gestora municipal e os\nauxiliares est\u00e3o proibidos de manter contato entre si e passam a ser\nmonitorados por meio do uso de tornozeleiras eletr\u00f4nicas.&nbsp;<\/p><div class=\"rvvwe69f477759df05\" ><!--<a href=\"https:\/\/bit.ly\/3QdrqTZ\" target=\"_blank\">\n<img src=\"https:\/\/justicapotiguar.com.br\/wp-content\/uploads\/2023\/09\/mobile-geral.gif\"\/><a\/>--><\/div><style type=\"text\/css\">\r\n.rvvwe69f477759df05 {\r\ntext-align: center;\r\n}\r\n@media screen and (min-width: 1201px) {\r\n.rvvwe69f477759df05 {\r\ndisplay: none;\r\n}\r\n}\r\n@media screen and (min-width: 993px) and (max-width: 1200px) {\r\n.rvvwe69f477759df05 {\r\ndisplay: none;\r\n}\r\n}\r\n@media screen and (min-width: 769px) and (max-width: 992px) {\r\n.rvvwe69f477759df05 {\r\ndisplay: none;\r\n}\r\n}\r\n@media screen and (min-width: 768px) and (max-width: 768px) {\r\n.rvvwe69f477759df05 {\r\ndisplay: block;\r\n}\r\n}\r\n@media screen and (max-width: 767px) {\r\n.rvvwe69f477759df05 {\r\ndisplay: block;\r\n}\r\n}\r\n<\/style>\r\n<div class=\"dzorp69f477759def0\" ><!--<a href=\"https:\/\/bit.ly\/3QdrqTZ\" target=\"_blank\">\n<img src=\"https:\/\/justicapotiguar.com.br\/wp-content\/uploads\/2023\/09\/desktop-geral.gif\"\/><a\/>--><\/div><style type=\"text\/css\">\r\n.dzorp69f477759def0 {\r\ntext-align: center;\nmargin-bottom: 1em;\r\n}\r\n@media screen and (min-width: 1201px) {\r\n.dzorp69f477759def0 {\r\ndisplay: block;\r\n}\r\n}\r\n@media screen and (min-width: 993px) and (max-width: 1200px) {\r\n.dzorp69f477759def0 {\r\ndisplay: block;\r\n}\r\n}\r\n@media screen and (min-width: 769px) and (max-width: 992px) {\r\n.dzorp69f477759def0 {\r\ndisplay: block;\r\n}\r\n}\r\n@media screen and (min-width: 768px) and (max-width: 768px) {\r\n.dzorp69f477759def0 {\r\ndisplay: none;\r\n}\r\n}\r\n@media screen and (max-width: 767px) {\r\n.dzorp69f477759def0 {\r\ndisplay: none;\r\n}\r\n}\r\n<\/style>\r\n\n\n\n\n<p>A\nOpera\u00e7\u00e3o Carcar\u00e1 cumpre mandados de busca e apreens\u00e3o em 15 locais em sete\ncidades. Ao todo, 19 promotores de Justi\u00e7a, 17 servidores do MPRN e ainda 69\npoliciais militares participaram da a\u00e7\u00e3o.\n\n\n\nUma opera\u00e7\u00e3o nacional de\nenfrentamento \u00e0 corrup\u00e7\u00e3o e \u00e0 lavagem de dinheiro em nove estados foi\ndeflagrada na manh\u00e3 desta quinta-feira (12) pelos Minist\u00e9rios P\u00fablicos\nestaduais. As a\u00e7\u00f5es acontecem no Amazonas, Bahia, Goi\u00e1s, Minas Gerais, Paran\u00e1,\nRio de Janeiro, Rio Grande do Norte, S\u00e3o Paulo e Sergipe.<br><br><\/p>\n","protected":false},"excerpt":{"rendered":"<p>Uma ex-prefeita, dois auxiliares dela e 13 empresas e empres\u00e1rios tiveram os bens e contas banc\u00e1rias bloqueados e sequestrados<br \/><a class=\"more-link\" href=\"https:\/\/justicapotiguar.com.br\/index.php\/2019\/09\/12\/operacao-do-mp-contra-corrupcao-e-desvio-de-r-339-mil-na-prefeitura-de-santana-do-matos-tem-como-alvos-ex-prefeita-secretarios-e-empresarios\/\">Mais&#8230;<\/a><\/p>\n","protected":false},"author":5,"featured_media":2108,"comment_status":"open","ping_status":"open","sticky":false,"template":"","format":"standard","meta":[],"categories":[3],"tags":[],"_links":{"self":[{"href":"https:\/\/justicapotiguar.com.br\/index.php\/wp-json\/wp\/v2\/posts\/2107"}],"collection":[{"href":"https:\/\/justicapotiguar.com.br\/index.php\/wp-json\/wp\/v2\/posts"}],"about":[{"href":"https:\/\/justicapotiguar.com.br\/index.php\/wp-json\/wp\/v2\/types\/post"}],"author":[{"embeddable":true,"href":"https:\/\/justicapotiguar.com.br\/index.php\/wp-json\/wp\/v2\/users\/5"}],"replies":[{"embeddable":true,"href":"https:\/\/justicapotiguar.com.br\/index.php\/wp-json\/wp\/v2\/comments?post=2107"}],"version-history":[{"count":2,"href":"https:\/\/justicapotiguar.com.br\/index.php\/wp-json\/wp\/v2\/posts\/2107\/revisions"}],"predecessor-version":[{"id":2110,"href":"https:\/\/justicapotiguar.com.br\/index.php\/wp-json\/wp\/v2\/posts\/2107\/revisions\/2110"}],"wp:featuredmedia":[{"embeddable":true,"href":"https:\/\/justicapotiguar.com.br\/index.php\/wp-json\/wp\/v2\/media\/2108"}],"wp:attachment":[{"href":"https:\/\/justicapotiguar.com.br\/index.php\/wp-json\/wp\/v2\/media?parent=2107"}],"wp:term":[{"taxonomy":"category","embeddable":true,"href":"https:\/\/justicapotiguar.com.br\/index.php\/wp-json\/wp\/v2\/categories?post=2107"},{"taxonomy":"post_tag","embeddable":true,"href":"https:\/\/justicapotiguar.com.br\/index.php\/wp-json\/wp\/v2\/tags?post=2107"}],"curies":[{"name":"wp","href":"https:\/\/api.w.org\/{rel}","templated":true}]}}