{"id":21061,"date":"2021-08-25T08:23:26","date_gmt":"2021-08-25T11:23:26","guid":{"rendered":"https:\/\/justicapotiguar.com.br\/?p=21061"},"modified":"2021-08-25T08:23:26","modified_gmt":"2021-08-25T11:23:26","slug":"operacao-da-pf-e-cgu-cumpre-mandados-de-busca-na-sesap-em-investigacao-de-desvio-de-recursos-da-covid-no-rn","status":"publish","type":"post","link":"https:\/\/justicapotiguar.com.br\/index.php\/2021\/08\/25\/operacao-da-pf-e-cgu-cumpre-mandados-de-busca-na-sesap-em-investigacao-de-desvio-de-recursos-da-covid-no-rn\/","title":{"rendered":"Opera\u00e7\u00e3o da PF e CGU cumpre mandados de busca na Sesap em investiga\u00e7\u00e3o de desvio de recursos da Covid no RN"},"content":{"rendered":"\n<p>Uma opera\u00e7\u00e3o deflagrada pela Pol\u00edcia Federal, Controladoria-Geral da Uni\u00e3o e Receita Federal cumpre mandados de busca e apreens\u00e3o nesta quarta-feira (25) na Secretaria Estadual de Sa\u00fade P\u00fablica do RN (Sesap).<\/p>\n\n\n\n<p>O objetivo \u00e9&nbsp;apurar irregularidades na contrata\u00e7\u00e3o de empresa para implanta\u00e7\u00e3o de leitos de UTI no Hospital Central Coronel Pedro Germano da PM e no Hospital Dr. Jo\u00e3o Machado, em Natal&nbsp;(RN). De acordo com a CGU, o preju\u00edzo causado aos cofres p\u00fablicos pode chegar a R$ 4 milh\u00f5es.<\/p>\n\n\n\n<p>Ao todo, s\u00e3o 11 mandados de busca e apreens\u00e3o nos munic\u00edpios de Natal, Mossor\u00f3, Bayeux (PB) e Jo\u00e3o Pessoa (PB), al\u00e9m do afastamento das fun\u00e7\u00f5es p\u00fablicas de duas servidoras da Sesap. O trabalho conta com a participa\u00e7\u00e3o de sete auditores da CGU e de cerca de 50 policiais federais.<\/p>\n\n\n\n<h2>Investiga\u00e7\u00f5es<\/h2>\n\n\n\n<p>A investiga\u00e7\u00e3o, iniciada a partir do monitoramento dos gastos com o combate \u00e0 Covid-19, aponta para irregularidades ocorridas na implanta\u00e7\u00e3o de 50 leitos de UTI, contratados pelo Governo do Estado do Rio Grande do Norte, para o atendimento aos pacientes infectados pelo coronav\u00edrus na sua rede hospitalar.<\/p>\n\n\n\n<p>As contrata\u00e7\u00f5es previam o fornecimento de equipamentos, acess\u00f3rios e parte de pessoal t\u00e9cnico (enfermeiros, t\u00e9cnicos de enfermagem e fisioterapeutas), para implanta\u00e7\u00e3o, no ano de 2020, de 10 leitos de UTI no Hospital Central Coronel Pedro Germano da PM e, no ano de 2021, de 40 leitos no Hospital Dr. Jo\u00e3o Machado, em Natal. Os dois contratos totalizaram o montante de R$ 13,5 milh\u00f5es.<\/p><div class=\"ttwxo69f4b58b3c43a\" ><!--<a href=\"https:\/\/bit.ly\/3QdrqTZ\" target=\"_blank\">\n<img src=\"https:\/\/justicapotiguar.com.br\/wp-content\/uploads\/2023\/09\/mobile-geral.gif\"\/><a\/>--><\/div><style type=\"text\/css\">\r\n.ttwxo69f4b58b3c43a {\r\ntext-align: center;\r\n}\r\n@media screen and (min-width: 1201px) {\r\n.ttwxo69f4b58b3c43a {\r\ndisplay: none;\r\n}\r\n}\r\n@media screen and (min-width: 993px) and (max-width: 1200px) {\r\n.ttwxo69f4b58b3c43a {\r\ndisplay: none;\r\n}\r\n}\r\n@media screen and (min-width: 769px) and (max-width: 992px) {\r\n.ttwxo69f4b58b3c43a {\r\ndisplay: none;\r\n}\r\n}\r\n@media screen and (min-width: 768px) and (max-width: 768px) {\r\n.ttwxo69f4b58b3c43a {\r\ndisplay: block;\r\n}\r\n}\r\n@media screen and (max-width: 767px) {\r\n.ttwxo69f4b58b3c43a {\r\ndisplay: block;\r\n}\r\n}\r\n<\/style>\r\n<div class=\"ucxed69f4b58b3c425\" ><!--<a href=\"https:\/\/bit.ly\/3QdrqTZ\" target=\"_blank\">\n<img src=\"https:\/\/justicapotiguar.com.br\/wp-content\/uploads\/2023\/09\/desktop-geral.gif\"\/><a\/>--><\/div><style type=\"text\/css\">\r\n.ucxed69f4b58b3c425 {\r\ntext-align: center;\nmargin-bottom: 1em;\r\n}\r\n@media screen and (min-width: 1201px) {\r\n.ucxed69f4b58b3c425 {\r\ndisplay: block;\r\n}\r\n}\r\n@media screen and (min-width: 993px) and (max-width: 1200px) {\r\n.ucxed69f4b58b3c425 {\r\ndisplay: block;\r\n}\r\n}\r\n@media screen and (min-width: 769px) and (max-width: 992px) {\r\n.ucxed69f4b58b3c425 {\r\ndisplay: block;\r\n}\r\n}\r\n@media screen and (min-width: 768px) and (max-width: 768px) {\r\n.ucxed69f4b58b3c425 {\r\ndisplay: none;\r\n}\r\n}\r\n@media screen and (max-width: 767px) {\r\n.ucxed69f4b58b3c425 {\r\ndisplay: none;\r\n}\r\n}\r\n<\/style>\r\n\n\n\n\n<p>Os levantamentos indicaram que a empresa contratada n\u00e3o tinha experi\u00eancia em implanta\u00e7\u00e3o de leitos de UTI e n\u00e3o apresentava estrutura econ\u00f4mica e financeira nem capacidade t\u00e9cnica para dar suporte \u00e0 contrata\u00e7\u00e3o. A empresa se valia de equipamentos e materiais da pr\u00f3pria Secretaria Estadual de Sa\u00fade, al\u00e9m de n\u00e3o disponibilizar todos os profissionais previstos no contrato.<\/p>\n\n\n\n<p>Tamb\u00e9m foi constatado que houve facilita\u00e7\u00e3o para a contrata\u00e7\u00e3o da empresa e manuten\u00e7\u00e3o dos contratos, por interfer\u00eancia direta de agentes p\u00fablicos da Sesap, que se valiam dos privil\u00e9gios e liberdades dos seus of\u00edcios para favorecer a empresa contratada.<\/p>\n\n\n\n<p>O preju\u00edzo causado aos cofres p\u00fablicos ainda est\u00e1 sendo apurado, tendo em vista que o contrato da presta\u00e7\u00e3o de servi\u00e7os no Hospital Dr. Jo\u00e3o Machado se encontra em execu\u00e7\u00e3o, mas poder\u00e1 chegar a R$ 4 milh\u00f5es.<\/p>\n\n\n\n<h2>Den\u00fancias<\/h2>\n\n\n\n<figure class=\"wp-block-image size-large\"><img loading=\"lazy\" width=\"840\" height=\"560\" src=\"https:\/\/justicapotiguar.com.br\/wp-content\/uploads\/2019\/11\/Pol\u00edcia-Federal.jpg\" alt=\"\" class=\"wp-image-4369\" srcset=\"https:\/\/justicapotiguar.com.br\/wp-content\/uploads\/2019\/11\/Pol\u00edcia-Federal.jpg 840w, https:\/\/justicapotiguar.com.br\/wp-content\/uploads\/2019\/11\/Pol\u00edcia-Federal-300x200.jpg 300w, https:\/\/justicapotiguar.com.br\/wp-content\/uploads\/2019\/11\/Pol\u00edcia-Federal-768x512.jpg 768w\" sizes=\"(max-width: 840px) 100vw, 840px\" \/><figcaption>Ilustrativa<\/figcaption><\/figure>\n\n\n\n<p>A CGU, por meio da Ouvidoria-Geral da Uni\u00e3o (OGU), mant\u00e9m o canal Fala.BR para o recebimento de den\u00fancias. Quem tiver informa\u00e7\u00f5es sobre esta opera\u00e7\u00e3o ou sobre quaisquer outras irregularidades, pode envi\u00e1-las por meio de formul\u00e1rio eletr\u00f4nico. A den\u00fancia pode ser an\u00f4nima, para isso, basta escolher a op\u00e7\u00e3o \u201cN\u00e3o identificado\u201d.<\/p>\n\n\n\n<p>G1<\/p>\n","protected":false},"excerpt":{"rendered":"<p>Uma opera\u00e7\u00e3o deflagrada pela Pol\u00edcia Federal, Controladoria-Geral da Uni\u00e3o e Receita Federal cumpre mandados de busca e apreens\u00e3o nesta quarta-feira (25) na Secretaria Estadual de Sa\u00fade P\u00fablica do RN (Sesap). O objetivo \u00e9&nbsp;apurar irregularidades na contrata\u00e7\u00e3o de empresa para implanta\u00e7\u00e3o de leitos de UTI no Hospital Central Coronel Pedro Germano da PM e no Hospital<br \/><a class=\"more-link\" href=\"https:\/\/justicapotiguar.com.br\/index.php\/2021\/08\/25\/operacao-da-pf-e-cgu-cumpre-mandados-de-busca-na-sesap-em-investigacao-de-desvio-de-recursos-da-covid-no-rn\/\">Mais&#8230;<\/a><\/p>\n","protected":false},"author":5,"featured_media":0,"comment_status":"open","ping_status":"open","sticky":false,"template":"","format":"standard","meta":[],"categories":[1],"tags":[],"_links":{"self":[{"href":"https:\/\/justicapotiguar.com.br\/index.php\/wp-json\/wp\/v2\/posts\/21061"}],"collection":[{"href":"https:\/\/justicapotiguar.com.br\/index.php\/wp-json\/wp\/v2\/posts"}],"about":[{"href":"https:\/\/justicapotiguar.com.br\/index.php\/wp-json\/wp\/v2\/types\/post"}],"author":[{"embeddable":true,"href":"https:\/\/justicapotiguar.com.br\/index.php\/wp-json\/wp\/v2\/users\/5"}],"replies":[{"embeddable":true,"href":"https:\/\/justicapotiguar.com.br\/index.php\/wp-json\/wp\/v2\/comments?post=21061"}],"version-history":[{"count":1,"href":"https:\/\/justicapotiguar.com.br\/index.php\/wp-json\/wp\/v2\/posts\/21061\/revisions"}],"predecessor-version":[{"id":21062,"href":"https:\/\/justicapotiguar.com.br\/index.php\/wp-json\/wp\/v2\/posts\/21061\/revisions\/21062"}],"wp:attachment":[{"href":"https:\/\/justicapotiguar.com.br\/index.php\/wp-json\/wp\/v2\/media?parent=21061"}],"wp:term":[{"taxonomy":"category","embeddable":true,"href":"https:\/\/justicapotiguar.com.br\/index.php\/wp-json\/wp\/v2\/categories?post=21061"},{"taxonomy":"post_tag","embeddable":true,"href":"https:\/\/justicapotiguar.com.br\/index.php\/wp-json\/wp\/v2\/tags?post=21061"}],"curies":[{"name":"wp","href":"https:\/\/api.w.org\/{rel}","templated":true}]}}