{"id":2100,"date":"2019-09-12T07:35:30","date_gmt":"2019-09-12T10:35:30","guid":{"rendered":"https:\/\/justicapotiguar.com.br\/?p=2100"},"modified":"2019-09-12T07:18:40","modified_gmt":"2019-09-12T10:18:40","slug":"justica-pode-cassar-mandato-de-ney-lopes-junior-na-cmn-que-se-desfiliou-sem-justificativa","status":"publish","type":"post","link":"https:\/\/justicapotiguar.com.br\/index.php\/2019\/09\/12\/justica-pode-cassar-mandato-de-ney-lopes-junior-na-cmn-que-se-desfiliou-sem-justificativa\/","title":{"rendered":"Justi\u00e7a pode cassar mandato de Ney Lopes J\u00fanior na CMN, que se desfiliou sem justificativa"},"content":{"rendered":"\n<figure class=\"wp-block-image\"><img loading=\"lazy\" width=\"799\" height=\"1024\" src=\"https:\/\/justicapotiguar.com.br\/wp-content\/uploads\/2019\/09\/WhatsApp-Image-2019-09-11-at-22.27.55-799x1024.jpeg\" alt=\"\" class=\"wp-image-2101\" srcset=\"https:\/\/justicapotiguar.com.br\/wp-content\/uploads\/2019\/09\/WhatsApp-Image-2019-09-11-at-22.27.55.jpeg 799w, https:\/\/justicapotiguar.com.br\/wp-content\/uploads\/2019\/09\/WhatsApp-Image-2019-09-11-at-22.27.55-234x300.jpeg 234w, https:\/\/justicapotiguar.com.br\/wp-content\/uploads\/2019\/09\/WhatsApp-Image-2019-09-11-at-22.27.55-768x984.jpeg 768w\" sizes=\"(max-width: 799px) 100vw, 799px\" \/><figcaption>Foto: Reprodu\u00e7\u00e3o<\/figcaption><\/figure>\n\n\n\n<p>O Tribunal Regional Eleitoral (TRE-RN) dever\u00e1 julgar em\nbreve a situa\u00e7\u00e3o do mandato de vereador de Natal, Ney Lopes J\u00fanior, eleito pelo\nPSD em 2016 e atualmente sem partido. O vereador se desfiliou sem autoriza\u00e7\u00e3o\ndo partido e enfrentar\u00e1 disputa judicial para se manter no direito de ocupar a\nvaga na C\u00e2mara, j\u00e1 que pode ser entendido que o mandato perten\u00e7a ao partido e n\u00e3o\nao eleito e seja convocado o suplente para ocupar a vaga.<\/p><div class=\"piefx69f44e4892194\" ><!--<a href=\"https:\/\/bit.ly\/3QdrqTZ\" target=\"_blank\">\n<img src=\"https:\/\/justicapotiguar.com.br\/wp-content\/uploads\/2023\/09\/mobile-geral.gif\"\/><a\/>--><\/div><style type=\"text\/css\">\r\n.piefx69f44e4892194 {\r\ntext-align: center;\r\n}\r\n@media screen and (min-width: 1201px) {\r\n.piefx69f44e4892194 {\r\ndisplay: none;\r\n}\r\n}\r\n@media screen and (min-width: 993px) and (max-width: 1200px) {\r\n.piefx69f44e4892194 {\r\ndisplay: none;\r\n}\r\n}\r\n@media screen and (min-width: 769px) and (max-width: 992px) {\r\n.piefx69f44e4892194 {\r\ndisplay: none;\r\n}\r\n}\r\n@media screen and (min-width: 768px) and (max-width: 768px) {\r\n.piefx69f44e4892194 {\r\ndisplay: block;\r\n}\r\n}\r\n@media screen and (max-width: 767px) {\r\n.piefx69f44e4892194 {\r\ndisplay: block;\r\n}\r\n}\r\n<\/style>\r\n<div class=\"mcaep69f44e489217b\" ><!--<a href=\"https:\/\/bit.ly\/3QdrqTZ\" target=\"_blank\">\n<img src=\"https:\/\/justicapotiguar.com.br\/wp-content\/uploads\/2023\/09\/desktop-geral.gif\"\/><a\/>--><\/div><style type=\"text\/css\">\r\n.mcaep69f44e489217b {\r\ntext-align: center;\nmargin-bottom: 1em;\r\n}\r\n@media screen and (min-width: 1201px) {\r\n.mcaep69f44e489217b {\r\ndisplay: block;\r\n}\r\n}\r\n@media screen and (min-width: 993px) and (max-width: 1200px) {\r\n.mcaep69f44e489217b {\r\ndisplay: block;\r\n}\r\n}\r\n@media screen and (min-width: 769px) and (max-width: 992px) {\r\n.mcaep69f44e489217b {\r\ndisplay: block;\r\n}\r\n}\r\n@media screen and (min-width: 768px) and (max-width: 768px) {\r\n.mcaep69f44e489217b {\r\ndisplay: none;\r\n}\r\n}\r\n@media screen and (max-width: 767px) {\r\n.mcaep69f44e489217b {\r\ndisplay: none;\r\n}\r\n}\r\n<\/style>\r\n\n\n\n\n<p>Segundo informa\u00e7\u00f5es apuradas pelo Justi\u00e7a Potiguar, Ney J\u00fanior\nenviou carta ao presidente do PSD-RN, Robinson Faria, em 29 de julho deste ano.\nSem autoriza\u00e7\u00e3o para deixar a sigla, 12 dias depois acionou a Justi\u00e7a Eleitoral\npara alegar justa causa para permanecer no mandato mesmo fora do partido.\n\n\n\nO caso dever\u00e1 ser analisado no Pleno do TRE-RN\nque ir\u00e1 definir a quem pertence o mandato.\n\n\n\n<\/p>\n","protected":false},"excerpt":{"rendered":"<p>Sem autoriza\u00e7\u00e3o para deixar a sigla, 12 dias depois acionou a Justi\u00e7a Eleitoral para alegar justa causa<br \/><a class=\"more-link\" href=\"https:\/\/justicapotiguar.com.br\/index.php\/2019\/09\/12\/justica-pode-cassar-mandato-de-ney-lopes-junior-na-cmn-que-se-desfiliou-sem-justificativa\/\">Mais&#8230;<\/a><\/p>\n","protected":false},"author":5,"featured_media":2101,"comment_status":"open","ping_status":"open","sticky":false,"template":"","format":"standard","meta":[],"categories":[3],"tags":[],"_links":{"self":[{"href":"https:\/\/justicapotiguar.com.br\/index.php\/wp-json\/wp\/v2\/posts\/2100"}],"collection":[{"href":"https:\/\/justicapotiguar.com.br\/index.php\/wp-json\/wp\/v2\/posts"}],"about":[{"href":"https:\/\/justicapotiguar.com.br\/index.php\/wp-json\/wp\/v2\/types\/post"}],"author":[{"embeddable":true,"href":"https:\/\/justicapotiguar.com.br\/index.php\/wp-json\/wp\/v2\/users\/5"}],"replies":[{"embeddable":true,"href":"https:\/\/justicapotiguar.com.br\/index.php\/wp-json\/wp\/v2\/comments?post=2100"}],"version-history":[{"count":2,"href":"https:\/\/justicapotiguar.com.br\/index.php\/wp-json\/wp\/v2\/posts\/2100\/revisions"}],"predecessor-version":[{"id":2106,"href":"https:\/\/justicapotiguar.com.br\/index.php\/wp-json\/wp\/v2\/posts\/2100\/revisions\/2106"}],"wp:featuredmedia":[{"embeddable":true,"href":"https:\/\/justicapotiguar.com.br\/index.php\/wp-json\/wp\/v2\/media\/2101"}],"wp:attachment":[{"href":"https:\/\/justicapotiguar.com.br\/index.php\/wp-json\/wp\/v2\/media?parent=2100"}],"wp:term":[{"taxonomy":"category","embeddable":true,"href":"https:\/\/justicapotiguar.com.br\/index.php\/wp-json\/wp\/v2\/categories?post=2100"},{"taxonomy":"post_tag","embeddable":true,"href":"https:\/\/justicapotiguar.com.br\/index.php\/wp-json\/wp\/v2\/tags?post=2100"}],"curies":[{"name":"wp","href":"https:\/\/api.w.org\/{rel}","templated":true}]}}