{"id":2097,"date":"2019-09-11T20:44:53","date_gmt":"2019-09-11T23:44:53","guid":{"rendered":"https:\/\/justicapotiguar.com.br\/?p=2097"},"modified":"2019-09-11T20:44:53","modified_gmt":"2019-09-11T23:44:53","slug":"senado-aprova-nome-de-rinaldo-reis-para-conselheiro-do-cnmp","status":"publish","type":"post","link":"https:\/\/justicapotiguar.com.br\/index.php\/2019\/09\/11\/senado-aprova-nome-de-rinaldo-reis-para-conselheiro-do-cnmp\/","title":{"rendered":"Senado aprova nome de Rinaldo Reis para conselheiro do CNMP"},"content":{"rendered":"\n<figure class=\"wp-block-image\"><img loading=\"lazy\" width=\"860\" height=\"570\" src=\"https:\/\/justicapotiguar.com.br\/wp-content\/uploads\/2019\/09\/rinaldo-reis.jpg\" alt=\"\" class=\"wp-image-2098\" srcset=\"https:\/\/justicapotiguar.com.br\/wp-content\/uploads\/2019\/09\/rinaldo-reis.jpg 860w, https:\/\/justicapotiguar.com.br\/wp-content\/uploads\/2019\/09\/rinaldo-reis-300x199.jpg 300w, https:\/\/justicapotiguar.com.br\/wp-content\/uploads\/2019\/09\/rinaldo-reis-768x509.jpg 768w\" sizes=\"(max-width: 860px) 100vw, 860px\" \/><figcaption> Foto: Marcos Oliveira\/Ag\u00eancia Senado<\/figcaption><\/figure>\n\n\n\n<p>Por 56 votos favor\u00e1veis e um contr\u00e1rio, o Plen\u00e1rio aprovou nesta quarta-feira (11) a indica\u00e7\u00e3o do ex-procurador-geral de Justi\u00e7a (PGJ) do Rio Grande do Norte, Rinaldo Reis, para compor o Conselho Nacional do Minist\u00e9rio P\u00fablico (CNMP), no bi\u00eanio 2019\/2021. A decis\u00e3o ser\u00e1 encaminhada \u00e0 san\u00e7\u00e3o presidencial.<\/p>\n\n\n\n<p>Rinaldo Reis \u00e9 bacharel em direito pela Universidade Federal da Para\u00edba, onde se formou em 1991. Ingressou no Minist\u00e9rio P\u00fablico do Rio Grande do Norte (MPRN) como promotor, em 1997. Foi procurador-geral de Justi\u00e7a do estado de 2013 a 2017.<\/p>\n\n\n\n<p>Em julho de 2016, Rinaldo Reis assumiu a presid\u00eancia do Conselho Nacional de Procuradores-Gerais do Minist\u00e9rio P\u00fablico dos Estados e da Uni\u00e3o (CNPG), fun\u00e7\u00e3o que ocupou at\u00e9 junho de 2017. No mesmo ano, foi nomeado coordenador-geral da Corregedoria Nacional do Minist\u00e9rio P\u00fablico, \u00f3rg\u00e3o integrante do CNMP. Desde outubro de 2018, \u00e9 chefe de gabinete da Corregedoria.<\/p><div class=\"gvumk69f43a59eadf6\" ><!--<a href=\"https:\/\/bit.ly\/3QdrqTZ\" target=\"_blank\">\n<img src=\"https:\/\/justicapotiguar.com.br\/wp-content\/uploads\/2023\/09\/mobile-geral.gif\"\/><a\/>--><\/div><style type=\"text\/css\">\r\n.gvumk69f43a59eadf6 {\r\ntext-align: center;\r\n}\r\n@media screen and (min-width: 1201px) {\r\n.gvumk69f43a59eadf6 {\r\ndisplay: none;\r\n}\r\n}\r\n@media screen and (min-width: 993px) and (max-width: 1200px) {\r\n.gvumk69f43a59eadf6 {\r\ndisplay: none;\r\n}\r\n}\r\n@media screen and (min-width: 769px) and (max-width: 992px) {\r\n.gvumk69f43a59eadf6 {\r\ndisplay: none;\r\n}\r\n}\r\n@media screen and (min-width: 768px) and (max-width: 768px) {\r\n.gvumk69f43a59eadf6 {\r\ndisplay: block;\r\n}\r\n}\r\n@media screen and (max-width: 767px) {\r\n.gvumk69f43a59eadf6 {\r\ndisplay: block;\r\n}\r\n}\r\n<\/style>\r\n<div class=\"zhvyx69f43a59eadde\" ><!--<a href=\"https:\/\/bit.ly\/3QdrqTZ\" target=\"_blank\">\n<img src=\"https:\/\/justicapotiguar.com.br\/wp-content\/uploads\/2023\/09\/desktop-geral.gif\"\/><a\/>--><\/div><style type=\"text\/css\">\r\n.zhvyx69f43a59eadde {\r\ntext-align: center;\nmargin-bottom: 1em;\r\n}\r\n@media screen and (min-width: 1201px) {\r\n.zhvyx69f43a59eadde {\r\ndisplay: block;\r\n}\r\n}\r\n@media screen and (min-width: 993px) and (max-width: 1200px) {\r\n.zhvyx69f43a59eadde {\r\ndisplay: block;\r\n}\r\n}\r\n@media screen and (min-width: 769px) and (max-width: 992px) {\r\n.zhvyx69f43a59eadde {\r\ndisplay: block;\r\n}\r\n}\r\n@media screen and (min-width: 768px) and (max-width: 768px) {\r\n.zhvyx69f43a59eadde {\r\ndisplay: none;\r\n}\r\n}\r\n@media screen and (max-width: 767px) {\r\n.zhvyx69f43a59eadde {\r\ndisplay: none;\r\n}\r\n}\r\n<\/style>\r\n\n\n\n\n<p>O CNMP \u00e9 composto de 14 integrantes nomeados pelo presidente da Rep\u00fablica, depois de aprovada a escolha pela maioria absoluta do Senado, para um mandato de dois anos. O \u00f3rg\u00e3o atua na fiscaliza\u00e7\u00e3o administrativa, financeira e disciplinar do Minist\u00e9rio P\u00fablico.<\/p>\n\n\n\n<p>A indica\u00e7\u00e3o de Rinaldo Reis\u00a0j\u00e1 havia sido aprovada pela Comiss\u00e3o de Constitui\u00e7\u00e3o e Justi\u00e7a (CCJ) ap\u00f3s a sabatina realizada em 29 de maio com os integrantes da lista tr\u00edplice do Conselho Nacional de Procuradores-Gerais encaminhada ao Senado. Na comiss\u00e3o, ele recebeu 25 votos favor\u00e1veis e nenhum contr\u00e1rio.<\/p>\n\n\n\n<p>Fonte: Ag\u00eancia Senado<\/p>\n","protected":false},"excerpt":{"rendered":"<p>Por 56 votos favor\u00e1veis e um contr\u00e1rio, o Plen\u00e1rio aprovou nesta quarta-feira (11) a indica\u00e7\u00e3o do ex-procurador-geral de Justi\u00e7a (PGJ) do Rio Grande do Norte, Rinaldo Reis, para compor o Conselho Nacional do Minist\u00e9rio P\u00fablico (CNMP), no bi\u00eanio 2019\/2021. A decis\u00e3o ser\u00e1 encaminhada \u00e0 san\u00e7\u00e3o presidencial. Rinaldo Reis \u00e9 bacharel em direito pela Universidade Federal<br \/><a class=\"more-link\" href=\"https:\/\/justicapotiguar.com.br\/index.php\/2019\/09\/11\/senado-aprova-nome-de-rinaldo-reis-para-conselheiro-do-cnmp\/\">Mais&#8230;<\/a><\/p>\n","protected":false},"author":4,"featured_media":2098,"comment_status":"open","ping_status":"open","sticky":false,"template":"","format":"standard","meta":[],"categories":[3],"tags":[],"_links":{"self":[{"href":"https:\/\/justicapotiguar.com.br\/index.php\/wp-json\/wp\/v2\/posts\/2097"}],"collection":[{"href":"https:\/\/justicapotiguar.com.br\/index.php\/wp-json\/wp\/v2\/posts"}],"about":[{"href":"https:\/\/justicapotiguar.com.br\/index.php\/wp-json\/wp\/v2\/types\/post"}],"author":[{"embeddable":true,"href":"https:\/\/justicapotiguar.com.br\/index.php\/wp-json\/wp\/v2\/users\/4"}],"replies":[{"embeddable":true,"href":"https:\/\/justicapotiguar.com.br\/index.php\/wp-json\/wp\/v2\/comments?post=2097"}],"version-history":[{"count":1,"href":"https:\/\/justicapotiguar.com.br\/index.php\/wp-json\/wp\/v2\/posts\/2097\/revisions"}],"predecessor-version":[{"id":2099,"href":"https:\/\/justicapotiguar.com.br\/index.php\/wp-json\/wp\/v2\/posts\/2097\/revisions\/2099"}],"wp:featuredmedia":[{"embeddable":true,"href":"https:\/\/justicapotiguar.com.br\/index.php\/wp-json\/wp\/v2\/media\/2098"}],"wp:attachment":[{"href":"https:\/\/justicapotiguar.com.br\/index.php\/wp-json\/wp\/v2\/media?parent=2097"}],"wp:term":[{"taxonomy":"category","embeddable":true,"href":"https:\/\/justicapotiguar.com.br\/index.php\/wp-json\/wp\/v2\/categories?post=2097"},{"taxonomy":"post_tag","embeddable":true,"href":"https:\/\/justicapotiguar.com.br\/index.php\/wp-json\/wp\/v2\/tags?post=2097"}],"curies":[{"name":"wp","href":"https:\/\/api.w.org\/{rel}","templated":true}]}}