{"id":2093,"date":"2019-09-11T19:05:38","date_gmt":"2019-09-11T22:05:38","guid":{"rendered":"https:\/\/justicapotiguar.com.br\/?p=2093"},"modified":"2019-09-11T19:05:38","modified_gmt":"2019-09-11T22:05:38","slug":"corte-eleitoral-desaprova-as-contas-de-carlos-alberto-candidato-a-governador-nas-eleicoes-2018","status":"publish","type":"post","link":"https:\/\/justicapotiguar.com.br\/index.php\/2019\/09\/11\/corte-eleitoral-desaprova-as-contas-de-carlos-alberto-candidato-a-governador-nas-eleicoes-2018\/","title":{"rendered":"Corte Eleitoral desaprova as contas de Carlos Alberto, candidato a Governador nas Elei\u00e7\u00f5es 2018"},"content":{"rendered":"\n<figure class=\"wp-block-image\"><img loading=\"lazy\" width=\"1024\" height=\"763\" src=\"https:\/\/justicapotiguar.com.br\/wp-content\/uploads\/2019\/09\/arton22692-1024x763.jpg\" alt=\"\" class=\"wp-image-2094\" srcset=\"https:\/\/justicapotiguar.com.br\/wp-content\/uploads\/2019\/09\/arton22692-1024x763.jpg 1024w, https:\/\/justicapotiguar.com.br\/wp-content\/uploads\/2019\/09\/arton22692-300x224.jpg 300w, https:\/\/justicapotiguar.com.br\/wp-content\/uploads\/2019\/09\/arton22692-768x572.jpg 768w, https:\/\/justicapotiguar.com.br\/wp-content\/uploads\/2019\/09\/arton22692.jpg 1130w\" sizes=\"(max-width: 1024px) 100vw, 1024px\" \/><\/figure>\n\n\n\n<p>As contas de campanha de Carlos Alberto Freire Medeiros e Maria Aparecida Dantas de Ara\u00fajo, candidatos, respectivamente, a governador e vice nas Elei\u00e7\u00f5es de 2018 pelo Partido Socialismo e Liberdade &#8211; PSOL do RN, foram desaprovadas pelo TRE-RN, em sess\u00e3o plen\u00e1ria desta quarta-feira (11). <\/p><div class=\"myrpy69f5e58dcd05d\" ><!--<a href=\"https:\/\/bit.ly\/3QdrqTZ\" target=\"_blank\">\n<img src=\"https:\/\/justicapotiguar.com.br\/wp-content\/uploads\/2023\/09\/mobile-geral.gif\"\/><a\/>--><\/div><style type=\"text\/css\">\r\n.myrpy69f5e58dcd05d {\r\ntext-align: center;\r\n}\r\n@media screen and (min-width: 1201px) {\r\n.myrpy69f5e58dcd05d {\r\ndisplay: none;\r\n}\r\n}\r\n@media screen and (min-width: 993px) and (max-width: 1200px) {\r\n.myrpy69f5e58dcd05d {\r\ndisplay: none;\r\n}\r\n}\r\n@media screen and (min-width: 769px) and (max-width: 992px) {\r\n.myrpy69f5e58dcd05d {\r\ndisplay: none;\r\n}\r\n}\r\n@media screen and (min-width: 768px) and (max-width: 768px) {\r\n.myrpy69f5e58dcd05d {\r\ndisplay: block;\r\n}\r\n}\r\n@media screen and (max-width: 767px) {\r\n.myrpy69f5e58dcd05d {\r\ndisplay: block;\r\n}\r\n}\r\n<\/style>\r\n<div class=\"kaqbz69f5e58dcd042\" ><!--<a href=\"https:\/\/bit.ly\/3QdrqTZ\" target=\"_blank\">\n<img src=\"https:\/\/justicapotiguar.com.br\/wp-content\/uploads\/2023\/09\/desktop-geral.gif\"\/><a\/>--><\/div><style type=\"text\/css\">\r\n.kaqbz69f5e58dcd042 {\r\ntext-align: center;\nmargin-bottom: 1em;\r\n}\r\n@media screen and (min-width: 1201px) {\r\n.kaqbz69f5e58dcd042 {\r\ndisplay: block;\r\n}\r\n}\r\n@media screen and (min-width: 993px) and (max-width: 1200px) {\r\n.kaqbz69f5e58dcd042 {\r\ndisplay: block;\r\n}\r\n}\r\n@media screen and (min-width: 769px) and (max-width: 992px) {\r\n.kaqbz69f5e58dcd042 {\r\ndisplay: block;\r\n}\r\n}\r\n@media screen and (min-width: 768px) and (max-width: 768px) {\r\n.kaqbz69f5e58dcd042 {\r\ndisplay: none;\r\n}\r\n}\r\n@media screen and (max-width: 767px) {\r\n.kaqbz69f5e58dcd042 {\r\ndisplay: none;\r\n}\r\n}\r\n<\/style>\r\n\n\n\n\n<p>O relator, juiz Wlademir Capistrano, opinou pela desaprova\u00e7\u00e3o em virtude de irregularidade caracterizada pela n\u00e3o quita\u00e7\u00e3o dentro do prazo legal (at\u00e9 o trig\u00e9simo dia do pleito) dos empr\u00e9stimos pessoais tomados pelo candidato para aplica\u00e7\u00e3o na candidatura. A decis\u00e3o esteve em conson\u00e2ncia com o parecer da Procuradoria Regional Eleitoral.\u00a0\u00a0<\/p>\n","protected":false},"excerpt":{"rendered":"<p>A decis\u00e3o esteve em conson\u00e2ncia com o parecer da Procuradoria Regional Eleitoral.  <br \/><a class=\"more-link\" href=\"https:\/\/justicapotiguar.com.br\/index.php\/2019\/09\/11\/corte-eleitoral-desaprova-as-contas-de-carlos-alberto-candidato-a-governador-nas-eleicoes-2018\/\">Mais&#8230;<\/a><\/p>\n","protected":false},"author":5,"featured_media":2094,"comment_status":"open","ping_status":"open","sticky":false,"template":"","format":"standard","meta":[],"categories":[3],"tags":[],"_links":{"self":[{"href":"https:\/\/justicapotiguar.com.br\/index.php\/wp-json\/wp\/v2\/posts\/2093"}],"collection":[{"href":"https:\/\/justicapotiguar.com.br\/index.php\/wp-json\/wp\/v2\/posts"}],"about":[{"href":"https:\/\/justicapotiguar.com.br\/index.php\/wp-json\/wp\/v2\/types\/post"}],"author":[{"embeddable":true,"href":"https:\/\/justicapotiguar.com.br\/index.php\/wp-json\/wp\/v2\/users\/5"}],"replies":[{"embeddable":true,"href":"https:\/\/justicapotiguar.com.br\/index.php\/wp-json\/wp\/v2\/comments?post=2093"}],"version-history":[{"count":1,"href":"https:\/\/justicapotiguar.com.br\/index.php\/wp-json\/wp\/v2\/posts\/2093\/revisions"}],"predecessor-version":[{"id":2095,"href":"https:\/\/justicapotiguar.com.br\/index.php\/wp-json\/wp\/v2\/posts\/2093\/revisions\/2095"}],"wp:featuredmedia":[{"embeddable":true,"href":"https:\/\/justicapotiguar.com.br\/index.php\/wp-json\/wp\/v2\/media\/2094"}],"wp:attachment":[{"href":"https:\/\/justicapotiguar.com.br\/index.php\/wp-json\/wp\/v2\/media?parent=2093"}],"wp:term":[{"taxonomy":"category","embeddable":true,"href":"https:\/\/justicapotiguar.com.br\/index.php\/wp-json\/wp\/v2\/categories?post=2093"},{"taxonomy":"post_tag","embeddable":true,"href":"https:\/\/justicapotiguar.com.br\/index.php\/wp-json\/wp\/v2\/tags?post=2093"}],"curies":[{"name":"wp","href":"https:\/\/api.w.org\/{rel}","templated":true}]}}