{"id":20846,"date":"2021-08-17T09:15:00","date_gmt":"2021-08-17T12:15:00","guid":{"rendered":"https:\/\/justicapotiguar.com.br\/?p=20846"},"modified":"2021-08-16T22:08:38","modified_gmt":"2021-08-17T01:08:38","slug":"pgr-informa-ao-stf-que-abriu-apuracao-preliminar-sobre-ataques-de-bolsonaro-as-urnas","status":"publish","type":"post","link":"https:\/\/justicapotiguar.com.br\/index.php\/2021\/08\/17\/pgr-informa-ao-stf-que-abriu-apuracao-preliminar-sobre-ataques-de-bolsonaro-as-urnas\/","title":{"rendered":"PGR informa ao STF que abriu apura\u00e7\u00e3o preliminar sobre ataques de Bolsonaro \u00e0s urnas"},"content":{"rendered":"\n<figure class=\"wp-block-image size-large\"><img loading=\"lazy\" width=\"677\" height=\"369\" src=\"https:\/\/justicapotiguar.com.br\/wp-content\/uploads\/2021\/07\/images-37.jpeg\" alt=\"\" class=\"wp-image-20473\" srcset=\"https:\/\/justicapotiguar.com.br\/wp-content\/uploads\/2021\/07\/images-37.jpeg 677w, https:\/\/justicapotiguar.com.br\/wp-content\/uploads\/2021\/07\/images-37-300x164.jpeg 300w\" sizes=\"(max-width: 677px) 100vw, 677px\" \/><figcaption>Reprodu\u00e7\u00e3o<\/figcaption><\/figure>\n\n\n\n<p>O procurador-geral da Rep\u00fablica,&nbsp;<a href=\"https:\/\/g1.globo.com\/tudo-sobre\/augusto-aras\/\">Augusto Aras<\/a>, informou ao Supremo Tribunal Federal (<a href=\"https:\/\/g1.globo.com\/tudo-sobre\/supremo-tribunal-federal\/\">STF<\/a>) nesta segunda-feira (16) que determinou a abertura de uma apura\u00e7\u00e3o preliminar para avaliar se a conduta de Jair Bolsonaro nos ataques ao sistema eletr\u00f4nico de vota\u00e7\u00e3o configura crime.https:\/\/3c041adbe0d65789a4a270a82c2bfefa.safeframe.googlesyndication.com\/safeframe\/1-0-38\/html\/container.html?n=0<\/p>\n\n\n\n<p>A decis\u00e3o de Aras \u00e9 uma resposta ao STF ap\u00f3s a ministra<a href=\"https:\/\/g1.globo.com\/tudo-sobre\/carmen-lucia\/\">&nbsp;C\u00e1rmen L\u00facia<\/a>&nbsp;ter&nbsp;<a href=\"https:\/\/g1.globo.com\/politica\/noticia\/2021\/08\/04\/carmen-lucia-envia-a-pgr-pedido-de-investigacao-de-bolsonaro-por-live-sobre-seguranca-das-urnas.ghtml\">cobrado, por duas vezes<\/a>, uma manifesta\u00e7\u00e3o da PGR sobre o pedido de inqu\u00e9rito feito por parlamentares do PT.<\/p>\n\n\n\n<p>O pedido de investiga\u00e7\u00e3o leva em conta declara\u00e7\u00f5es do presidente em uma transmiss\u00e3o ao vivo no fim de julho \u2013 quando, sem apresentar qualquer prova, Bolsonaro usou v\u00e1rias not\u00edcias falsas e boatos j\u00e1 desmentidos pelos \u00f3rg\u00e3os oficiais para atacar as elei\u00e7\u00f5es brasileiras.<\/p>\n\n\n\n<p>Passados 13 dias sem uma resposta da PGR, C\u00e1rmen L\u00facia\u00a0<a href=\"https:\/\/g1.globo.com\/politica\/noticia\/2021\/08\/16\/carmen-lucia-considera-graves-ataques-de-bolsonaro-as-urnas-e-ordena-manifestacao-da-pgr-em-24h.ghtml\">abriu prazo de 24 horas nesta segunda-feira para que o procurador-geral se manifestasse<\/a>\u00a0\u2013 e classificou os fatos como &#8220;muito graves&#8221;. A ministra afirmou que o caso merece prioridade.\u00a0<\/p><div class=\"ytopm69f3c1975c1b1\" ><!--<a href=\"https:\/\/bit.ly\/3QdrqTZ\" target=\"_blank\">\n<img src=\"https:\/\/justicapotiguar.com.br\/wp-content\/uploads\/2023\/09\/mobile-geral.gif\"\/><a\/>--><\/div><style type=\"text\/css\">\r\n.ytopm69f3c1975c1b1 {\r\ntext-align: center;\r\n}\r\n@media screen and (min-width: 1201px) {\r\n.ytopm69f3c1975c1b1 {\r\ndisplay: none;\r\n}\r\n}\r\n@media screen and (min-width: 993px) and (max-width: 1200px) {\r\n.ytopm69f3c1975c1b1 {\r\ndisplay: none;\r\n}\r\n}\r\n@media screen and (min-width: 769px) and (max-width: 992px) {\r\n.ytopm69f3c1975c1b1 {\r\ndisplay: none;\r\n}\r\n}\r\n@media screen and (min-width: 768px) and (max-width: 768px) {\r\n.ytopm69f3c1975c1b1 {\r\ndisplay: block;\r\n}\r\n}\r\n@media screen and (max-width: 767px) {\r\n.ytopm69f3c1975c1b1 {\r\ndisplay: block;\r\n}\r\n}\r\n<\/style>\r\n<div class=\"lbctn69f3c1975c19e\" ><!--<a href=\"https:\/\/bit.ly\/3QdrqTZ\" target=\"_blank\">\n<img src=\"https:\/\/justicapotiguar.com.br\/wp-content\/uploads\/2023\/09\/desktop-geral.gif\"\/><a\/>--><\/div><style type=\"text\/css\">\r\n.lbctn69f3c1975c19e {\r\ntext-align: center;\nmargin-bottom: 1em;\r\n}\r\n@media screen and (min-width: 1201px) {\r\n.lbctn69f3c1975c19e {\r\ndisplay: block;\r\n}\r\n}\r\n@media screen and (min-width: 993px) and (max-width: 1200px) {\r\n.lbctn69f3c1975c19e {\r\ndisplay: block;\r\n}\r\n}\r\n@media screen and (min-width: 769px) and (max-width: 992px) {\r\n.lbctn69f3c1975c19e {\r\ndisplay: block;\r\n}\r\n}\r\n@media screen and (min-width: 768px) and (max-width: 768px) {\r\n.lbctn69f3c1975c19e {\r\ndisplay: none;\r\n}\r\n}\r\n@media screen and (max-width: 767px) {\r\n.lbctn69f3c1975c19e {\r\ndisplay: none;\r\n}\r\n}\r\n<\/style>\r\n\n\n\n\n<p>Nessa apura\u00e7\u00e3o preliminar, Aras vai avaliar se h\u00e1 elementos que indiquem poss\u00edveis crimes para justificar o pedido de abertura de inqu\u00e9rito.<\/p>\n\n\n\n<p>Bolsonaro j\u00e1 \u00e9 investigado no STF e no Tribunal Superior Eleitoral por ataques \u00e0s urnas. Al\u00e9m de cr\u00edticas infundadas e distor\u00e7\u00f5es, o presidente fez uma live e fracassou em apresentar provas de problemas no sistema eleitoral. Bolsonaro ainda amea\u00e7ou n\u00e3o realizar as elei\u00e7\u00f5es em 2022 caso n\u00e3o fosse aprovada uma proposta de emenda \u00e0 Constitui\u00e7\u00e3o com voto eletr\u00f4nico impresso.<\/p>\n\n\n\n<p>G1<\/p>\n","protected":false},"excerpt":{"rendered":"<p>O procurador-geral da Rep\u00fablica,&nbsp;Augusto Aras, informou ao Supremo Tribunal Federal (STF) nesta segunda-feira (16) que determinou a abertura de uma apura\u00e7\u00e3o preliminar para avaliar se a conduta de Jair Bolsonaro nos ataques ao sistema eletr\u00f4nico de vota\u00e7\u00e3o configura crime.https:\/\/3c041adbe0d65789a4a270a82c2bfefa.safeframe.googlesyndication.com\/safeframe\/1-0-38\/html\/container.html?n=0 A decis\u00e3o de Aras \u00e9 uma resposta ao STF ap\u00f3s a ministra&nbsp;C\u00e1rmen L\u00facia&nbsp;ter&nbsp;cobrado, por duas vezes,<br \/><a class=\"more-link\" href=\"https:\/\/justicapotiguar.com.br\/index.php\/2021\/08\/17\/pgr-informa-ao-stf-que-abriu-apuracao-preliminar-sobre-ataques-de-bolsonaro-as-urnas\/\">Mais&#8230;<\/a><\/p>\n","protected":false},"author":5,"featured_media":18991,"comment_status":"open","ping_status":"open","sticky":false,"template":"","format":"standard","meta":[],"categories":[3],"tags":[],"_links":{"self":[{"href":"https:\/\/justicapotiguar.com.br\/index.php\/wp-json\/wp\/v2\/posts\/20846"}],"collection":[{"href":"https:\/\/justicapotiguar.com.br\/index.php\/wp-json\/wp\/v2\/posts"}],"about":[{"href":"https:\/\/justicapotiguar.com.br\/index.php\/wp-json\/wp\/v2\/types\/post"}],"author":[{"embeddable":true,"href":"https:\/\/justicapotiguar.com.br\/index.php\/wp-json\/wp\/v2\/users\/5"}],"replies":[{"embeddable":true,"href":"https:\/\/justicapotiguar.com.br\/index.php\/wp-json\/wp\/v2\/comments?post=20846"}],"version-history":[{"count":1,"href":"https:\/\/justicapotiguar.com.br\/index.php\/wp-json\/wp\/v2\/posts\/20846\/revisions"}],"predecessor-version":[{"id":20847,"href":"https:\/\/justicapotiguar.com.br\/index.php\/wp-json\/wp\/v2\/posts\/20846\/revisions\/20847"}],"wp:featuredmedia":[{"embeddable":true,"href":"https:\/\/justicapotiguar.com.br\/index.php\/wp-json\/wp\/v2\/media\/18991"}],"wp:attachment":[{"href":"https:\/\/justicapotiguar.com.br\/index.php\/wp-json\/wp\/v2\/media?parent=20846"}],"wp:term":[{"taxonomy":"category","embeddable":true,"href":"https:\/\/justicapotiguar.com.br\/index.php\/wp-json\/wp\/v2\/categories?post=20846"},{"taxonomy":"post_tag","embeddable":true,"href":"https:\/\/justicapotiguar.com.br\/index.php\/wp-json\/wp\/v2\/tags?post=20846"}],"curies":[{"name":"wp","href":"https:\/\/api.w.org\/{rel}","templated":true}]}}