{"id":20763,"date":"2021-08-13T10:05:00","date_gmt":"2021-08-13T13:05:00","guid":{"rendered":"https:\/\/justicapotiguar.com.br\/?p=20763"},"modified":"2021-08-12T23:51:16","modified_gmt":"2021-08-13T02:51:16","slug":"bolsonaro-reage-a-inquerito-aberto-no-stf-querem-intimidar-quem","status":"publish","type":"post","link":"https:\/\/justicapotiguar.com.br\/index.php\/2021\/08\/13\/bolsonaro-reage-a-inquerito-aberto-no-stf-querem-intimidar-quem\/","title":{"rendered":"Bolsonaro reage a inqu\u00e9rito aberto no STF: \u201cQuerem intimidar quem?\u201d"},"content":{"rendered":"\n<figure class=\"wp-block-image\"><img src=\"https:\/\/uploads-metropoles-com.cdn.ampproject.org\/ii\/AW\/s\/uploads.metropoles.com\/wp-content\/uploads\/2021\/08\/05193548\/Bolsonaro-x-live.jpg\" alt=\"\"\/><figcaption>Reprodu\u00e7\u00e3o<\/figcaption><\/figure>\n\n\n\n<p>O presidente&nbsp;<a href=\"http:\/\/metropoles.com\/tag\/jair-bolsonaro\" target=\"_blank\" rel=\"noreferrer noopener\">Jair Bolsonaro<\/a>&nbsp;(sem partido) reagiu, nesta quinta-feira (12\/8), \u00e0 decis\u00e3o do ministro Alexandre de Moraes, do&nbsp;<a href=\"http:\/\/metropoles.com\/tag\/stf\" target=\"_blank\" rel=\"noreferrer noopener\">Supremo Tribunal Federal<\/a>&nbsp;(STF), que abriu inqu\u00e9rito&nbsp;<a href=\"https:\/\/www.metropoles.com\/brasil\/moraes-abre-investigacao-no-stf-contra-bolsonaro-por-quebra-de-sigilo?amp\" rel=\"noreferrer noopener\" target=\"_blank\">para apurar a participa\u00e7\u00e3o do chefe do Executivo federal no vazamento de uma investiga\u00e7\u00e3o sigilosa da Pol\u00edcia Federal<\/a>.<\/p>\n\n\n\n<p>\u201cQuerem intimidar quem? A justi\u00e7a \u00e9 para todos. Todo mundo do Brasil, ou grande parte dos brasileiros, quer a certeza de quem eles votarem. O voto vai para l\u00e1\u201d, disse o presidente, durante sua live semanal nas redes sociais.<\/p>\n\n\n\n<p>\u201cO pessoal j\u00e1 copiou [os arquivos]. Todo mundo j\u00e1 copiou. Eu tenho c\u00f3pias aqui. Segredo de Justi\u00e7a? O que estavam fazendo, n\u00e3o levando o inqu\u00e9rito para frente, \u00e9 um crime contra a democracia\u201d, prosseguiu.<\/p><div class=\"kznfx69ef3373ca3be\" ><!--<a href=\"https:\/\/bit.ly\/3QdrqTZ\" target=\"_blank\">\n<img src=\"https:\/\/justicapotiguar.com.br\/wp-content\/uploads\/2023\/09\/mobile-geral.gif\"\/><a\/>--><\/div><style type=\"text\/css\">\r\n.kznfx69ef3373ca3be {\r\ntext-align: center;\r\n}\r\n@media screen and (min-width: 1201px) {\r\n.kznfx69ef3373ca3be {\r\ndisplay: none;\r\n}\r\n}\r\n@media screen and (min-width: 993px) and (max-width: 1200px) {\r\n.kznfx69ef3373ca3be {\r\ndisplay: none;\r\n}\r\n}\r\n@media screen and (min-width: 769px) and (max-width: 992px) {\r\n.kznfx69ef3373ca3be {\r\ndisplay: none;\r\n}\r\n}\r\n@media screen and (min-width: 768px) and (max-width: 768px) {\r\n.kznfx69ef3373ca3be {\r\ndisplay: block;\r\n}\r\n}\r\n@media screen and (max-width: 767px) {\r\n.kznfx69ef3373ca3be {\r\ndisplay: block;\r\n}\r\n}\r\n<\/style>\r\n<div class=\"mitsb69ef3373ca3a9\" ><!--<a href=\"https:\/\/bit.ly\/3QdrqTZ\" target=\"_blank\">\n<img src=\"https:\/\/justicapotiguar.com.br\/wp-content\/uploads\/2023\/09\/desktop-geral.gif\"\/><a\/>--><\/div><style type=\"text\/css\">\r\n.mitsb69ef3373ca3a9 {\r\ntext-align: center;\nmargin-bottom: 1em;\r\n}\r\n@media screen and (min-width: 1201px) {\r\n.mitsb69ef3373ca3a9 {\r\ndisplay: block;\r\n}\r\n}\r\n@media screen and (min-width: 993px) and (max-width: 1200px) {\r\n.mitsb69ef3373ca3a9 {\r\ndisplay: block;\r\n}\r\n}\r\n@media screen and (min-width: 769px) and (max-width: 992px) {\r\n.mitsb69ef3373ca3a9 {\r\ndisplay: block;\r\n}\r\n}\r\n@media screen and (min-width: 768px) and (max-width: 768px) {\r\n.mitsb69ef3373ca3a9 {\r\ndisplay: none;\r\n}\r\n}\r\n@media screen and (max-width: 767px) {\r\n.mitsb69ef3373ca3a9 {\r\ndisplay: none;\r\n}\r\n}\r\n<\/style>\r\n\n\n\n\n<p>Na semana passada, o mandat\u00e1rio divulgou, nas redes sociais, a \u00edntegra de um inqu\u00e9rito sigiloso da Pol\u00edcia Federal que apura suposto ataque ao sistema interno do TSE em 2018.<\/p>\n\n\n\n<p>Defensor do voto impresso, o presidente usou o inqu\u00e9rito para embasar suas declara\u00e7\u00f5es contra o atual sistema eleitoral. Na investiga\u00e7\u00e3o, a Corte Eleitoral teria admitido invas\u00e3o \u00e0s urnas nas elei\u00e7\u00f5es de 2018, segundo Bolsonaro.<\/p>\n\n\n\n<p>Metropoles<\/p>\n","protected":false},"excerpt":{"rendered":"<p>O presidente&nbsp;Jair Bolsonaro&nbsp;(sem partido) reagiu, nesta quinta-feira (12\/8), \u00e0 decis\u00e3o do ministro Alexandre de Moraes, do&nbsp;Supremo Tribunal Federal&nbsp;(STF), que abriu inqu\u00e9rito&nbsp;para apurar a participa\u00e7\u00e3o do chefe do Executivo federal no vazamento de uma investiga\u00e7\u00e3o sigilosa da Pol\u00edcia Federal. \u201cQuerem intimidar quem? A justi\u00e7a \u00e9 para todos. Todo mundo do Brasil, ou grande parte dos brasileiros,<br \/><a class=\"more-link\" href=\"https:\/\/justicapotiguar.com.br\/index.php\/2021\/08\/13\/bolsonaro-reage-a-inquerito-aberto-no-stf-querem-intimidar-quem\/\">Mais&#8230;<\/a><\/p>\n","protected":false},"author":5,"featured_media":7226,"comment_status":"open","ping_status":"open","sticky":false,"template":"","format":"standard","meta":[],"categories":[3],"tags":[],"_links":{"self":[{"href":"https:\/\/justicapotiguar.com.br\/index.php\/wp-json\/wp\/v2\/posts\/20763"}],"collection":[{"href":"https:\/\/justicapotiguar.com.br\/index.php\/wp-json\/wp\/v2\/posts"}],"about":[{"href":"https:\/\/justicapotiguar.com.br\/index.php\/wp-json\/wp\/v2\/types\/post"}],"author":[{"embeddable":true,"href":"https:\/\/justicapotiguar.com.br\/index.php\/wp-json\/wp\/v2\/users\/5"}],"replies":[{"embeddable":true,"href":"https:\/\/justicapotiguar.com.br\/index.php\/wp-json\/wp\/v2\/comments?post=20763"}],"version-history":[{"count":1,"href":"https:\/\/justicapotiguar.com.br\/index.php\/wp-json\/wp\/v2\/posts\/20763\/revisions"}],"predecessor-version":[{"id":20764,"href":"https:\/\/justicapotiguar.com.br\/index.php\/wp-json\/wp\/v2\/posts\/20763\/revisions\/20764"}],"wp:featuredmedia":[{"embeddable":true,"href":"https:\/\/justicapotiguar.com.br\/index.php\/wp-json\/wp\/v2\/media\/7226"}],"wp:attachment":[{"href":"https:\/\/justicapotiguar.com.br\/index.php\/wp-json\/wp\/v2\/media?parent=20763"}],"wp:term":[{"taxonomy":"category","embeddable":true,"href":"https:\/\/justicapotiguar.com.br\/index.php\/wp-json\/wp\/v2\/categories?post=20763"},{"taxonomy":"post_tag","embeddable":true,"href":"https:\/\/justicapotiguar.com.br\/index.php\/wp-json\/wp\/v2\/tags?post=20763"}],"curies":[{"name":"wp","href":"https:\/\/api.w.org\/{rel}","templated":true}]}}