{"id":20727,"date":"2021-08-11T20:39:05","date_gmt":"2021-08-11T23:39:05","guid":{"rendered":"https:\/\/justicapotiguar.com.br\/?p=20727"},"modified":"2021-08-11T20:39:29","modified_gmt":"2021-08-11T23:39:29","slug":"advogada-vania-furtado-vai-disputar-presidencia-subseccuinal-da-oab-em-mossoro","status":"publish","type":"post","link":"https:\/\/justicapotiguar.com.br\/index.php\/2021\/08\/11\/advogada-vania-furtado-vai-disputar-presidencia-subseccuinal-da-oab-em-mossoro\/","title":{"rendered":"Advogada V\u00e2nia Furtado vai disputar Presid\u00eancia da Subseccional da OAB em Mossor\u00f3"},"content":{"rendered":"\n<figure class=\"wp-block-image size-large\"><img loading=\"lazy\" width=\"1024\" height=\"766\" src=\"https:\/\/justicapotiguar.com.br\/wp-content\/uploads\/2021\/08\/IMG-20210811-WA0054-1024x766.jpg\" alt=\"\" class=\"wp-image-20728\" srcset=\"https:\/\/justicapotiguar.com.br\/wp-content\/uploads\/2021\/08\/IMG-20210811-WA0054-1024x766.jpg 1024w, https:\/\/justicapotiguar.com.br\/wp-content\/uploads\/2021\/08\/IMG-20210811-WA0054-300x225.jpg 300w, https:\/\/justicapotiguar.com.br\/wp-content\/uploads\/2021\/08\/IMG-20210811-WA0054-768x575.jpg 768w, https:\/\/justicapotiguar.com.br\/wp-content\/uploads\/2021\/08\/IMG-20210811-WA0054.jpg 1280w\" sizes=\"(max-width: 1024px) 100vw, 1024px\" \/><figcaption>Reprodu\u00e7\u00e3o<\/figcaption><\/figure>\n\n\n\n<p>A advigada e professora V\u00e2nia Furtado anunciou nesta quarta-feira, 11, que \u00e9 pr\u00e9-candidata \u00e0 Presid\u00eancia da OAB-Subseccional Mossor\u00f3.<\/p>\n\n\n\n<p>V\u00e2nia comunicou a decis\u00e3o em reuni\u00e3o com um grupo de advogados mossoroenses. V\u00e2nia \u00e9 advogada h\u00e1 19 anos, professora e coordenadora na Universidade Potiguar (UnP), ex-procuradora do Munic\u00edpio de Mossor\u00f3, membro da Comiss\u00e3o de Educa\u00e7\u00e3o e da Comiss\u00e3o da Mulher Advogada na OAB-Mossor\u00f3.<\/p><div class=\"mdlcz69f43a874e665\" ><!--<a href=\"https:\/\/bit.ly\/3QdrqTZ\" target=\"_blank\">\n<img src=\"https:\/\/justicapotiguar.com.br\/wp-content\/uploads\/2023\/09\/mobile-geral.gif\"\/><a\/>--><\/div><style type=\"text\/css\">\r\n.mdlcz69f43a874e665 {\r\ntext-align: center;\r\n}\r\n@media screen and (min-width: 1201px) {\r\n.mdlcz69f43a874e665 {\r\ndisplay: none;\r\n}\r\n}\r\n@media screen and (min-width: 993px) and (max-width: 1200px) {\r\n.mdlcz69f43a874e665 {\r\ndisplay: none;\r\n}\r\n}\r\n@media screen and (min-width: 769px) and (max-width: 992px) {\r\n.mdlcz69f43a874e665 {\r\ndisplay: none;\r\n}\r\n}\r\n@media screen and (min-width: 768px) and (max-width: 768px) {\r\n.mdlcz69f43a874e665 {\r\ndisplay: block;\r\n}\r\n}\r\n@media screen and (max-width: 767px) {\r\n.mdlcz69f43a874e665 {\r\ndisplay: block;\r\n}\r\n}\r\n<\/style>\r\n<div class=\"ockqf69f43a874e647\" ><!--<a href=\"https:\/\/bit.ly\/3QdrqTZ\" target=\"_blank\">\n<img src=\"https:\/\/justicapotiguar.com.br\/wp-content\/uploads\/2023\/09\/desktop-geral.gif\"\/><a\/>--><\/div><style type=\"text\/css\">\r\n.ockqf69f43a874e647 {\r\ntext-align: center;\nmargin-bottom: 1em;\r\n}\r\n@media screen and (min-width: 1201px) {\r\n.ockqf69f43a874e647 {\r\ndisplay: block;\r\n}\r\n}\r\n@media screen and (min-width: 993px) and (max-width: 1200px) {\r\n.ockqf69f43a874e647 {\r\ndisplay: block;\r\n}\r\n}\r\n@media screen and (min-width: 769px) and (max-width: 992px) {\r\n.ockqf69f43a874e647 {\r\ndisplay: block;\r\n}\r\n}\r\n@media screen and (min-width: 768px) and (max-width: 768px) {\r\n.ockqf69f43a874e647 {\r\ndisplay: none;\r\n}\r\n}\r\n@media screen and (max-width: 767px) {\r\n.ockqf69f43a874e647 {\r\ndisplay: none;\r\n}\r\n}\r\n<\/style>\r\n\n\n\n\n<p>A pr\u00e9-candidata tem o apoio do ex-presidente da institui\u00e7\u00e3o, Canind\u00e9 Maia e do conselheiro federal Olavo Hamilton, entre outros advogados. &nbsp;&nbsp;&nbsp;&nbsp;&nbsp;&nbsp;&nbsp;&nbsp;&nbsp;<\/p>\n","protected":false},"excerpt":{"rendered":"<p>A advigada e professora V\u00e2nia Furtado anunciou nesta quarta-feira, 11, que \u00e9 pr\u00e9-candidata \u00e0 Presid\u00eancia da OAB-Subseccional Mossor\u00f3. V\u00e2nia comunicou a decis\u00e3o em reuni\u00e3o com um grupo de advogados mossoroenses. V\u00e2nia \u00e9 advogada h\u00e1 19 anos, professora e coordenadora na Universidade Potiguar (UnP), ex-procuradora do Munic\u00edpio de Mossor\u00f3, membro da Comiss\u00e3o de Educa\u00e7\u00e3o e da<br \/><a class=\"more-link\" href=\"https:\/\/justicapotiguar.com.br\/index.php\/2021\/08\/11\/advogada-vania-furtado-vai-disputar-presidencia-subseccuinal-da-oab-em-mossoro\/\">Mais&#8230;<\/a><\/p>\n","protected":false},"author":5,"featured_media":20728,"comment_status":"open","ping_status":"open","sticky":false,"template":"","format":"standard","meta":[],"categories":[3],"tags":[],"_links":{"self":[{"href":"https:\/\/justicapotiguar.com.br\/index.php\/wp-json\/wp\/v2\/posts\/20727"}],"collection":[{"href":"https:\/\/justicapotiguar.com.br\/index.php\/wp-json\/wp\/v2\/posts"}],"about":[{"href":"https:\/\/justicapotiguar.com.br\/index.php\/wp-json\/wp\/v2\/types\/post"}],"author":[{"embeddable":true,"href":"https:\/\/justicapotiguar.com.br\/index.php\/wp-json\/wp\/v2\/users\/5"}],"replies":[{"embeddable":true,"href":"https:\/\/justicapotiguar.com.br\/index.php\/wp-json\/wp\/v2\/comments?post=20727"}],"version-history":[{"count":4,"href":"https:\/\/justicapotiguar.com.br\/index.php\/wp-json\/wp\/v2\/posts\/20727\/revisions"}],"predecessor-version":[{"id":20732,"href":"https:\/\/justicapotiguar.com.br\/index.php\/wp-json\/wp\/v2\/posts\/20727\/revisions\/20732"}],"wp:featuredmedia":[{"embeddable":true,"href":"https:\/\/justicapotiguar.com.br\/index.php\/wp-json\/wp\/v2\/media\/20728"}],"wp:attachment":[{"href":"https:\/\/justicapotiguar.com.br\/index.php\/wp-json\/wp\/v2\/media?parent=20727"}],"wp:term":[{"taxonomy":"category","embeddable":true,"href":"https:\/\/justicapotiguar.com.br\/index.php\/wp-json\/wp\/v2\/categories?post=20727"},{"taxonomy":"post_tag","embeddable":true,"href":"https:\/\/justicapotiguar.com.br\/index.php\/wp-json\/wp\/v2\/tags?post=20727"}],"curies":[{"name":"wp","href":"https:\/\/api.w.org\/{rel}","templated":true}]}}