{"id":20466,"date":"2021-07-30T08:34:00","date_gmt":"2021-07-30T11:34:00","guid":{"rendered":"https:\/\/justicapotiguar.com.br\/?p=20466"},"modified":"2021-07-29T21:35:20","modified_gmt":"2021-07-30T00:35:20","slug":"tj-es-decreta-prisao-de-juizes-acusados-de-vender-sentencas","status":"publish","type":"post","link":"https:\/\/justicapotiguar.com.br\/index.php\/2021\/07\/30\/tj-es-decreta-prisao-de-juizes-acusados-de-vender-sentencas\/","title":{"rendered":"TJ\/ES decreta pris\u00e3o de ju\u00edzes acusados de vender senten\u00e7as"},"content":{"rendered":"\n<p>Na tarde desta quinta-feira, 29, o TJ\/ES decretou a pris\u00e3o preventiva dos ju\u00edzes Alexandre Farina Lopes e Carlos Alexandre Gutman, acusados de participar de esquema de venda de senten\u00e7as.<\/p>\n\n\n\n<p>Por unanimidade, o colegiado seguiu o voto da relatora Elisabeth Lordes, que afirmou que a pris\u00e3o se justifica diante da gravidade dos fatos e da necessidade de se proteger a imagem do Judici\u00e1rio.<\/p>\n\n\n\n<figure class=\"wp-block-image\"><img src=\"https:\/\/img2.migalhas.com.br\/_MEDPROC_\/https__img.migalhas.com.br__SL__gf_base__SL__empresas__SL__MIGA__SL__imagens__SL__2021__SL__07__SL__29__SL__e63ffd80-662a-45c4-bf32-27a879429575.jpg._PROC_CP75.jpg\" alt=\"(Imagem: Reprodu\u00e7\u00e3o\/YouTube)\" title=\"(Imagem: Reprodu\u00e7\u00e3o\/YouTube)\"\/><\/figure>\n\n\n\n<p>(Imagem: Reprodu\u00e7\u00e3o\/YouTube)<\/p>\n\n\n\n<p><strong>Acusa\u00e7\u00e3o: corrup\u00e7\u00e3o passiva e ativa<\/strong><\/p>\n\n\n\n<p>O caso envolve seis pessoas acusadas de corrup\u00e7\u00e3o passiva e ativa no \u00e2mbito do esquema de venda de senten\u00e7as.&nbsp;O caso teve in\u00edcio com o encontro fortuito de informa\u00e7\u00f5es contidas em mensagens de um aplicativo do celular do ex-policial civil Hil\u00e1rio Fiorot Antonio Frasson, acusado de ter assassinato sua esposa, e que foram compartilhadas com o Minist\u00e9rio P\u00fablico pelo magistrado do processo.<\/p>\n\n\n\n<p>Entenda quem \u00e9 quem no caso da suspeita da venda de senten\u00e7a:<\/p><div class=\"uaynm69f4789b293aa\" ><!--<a href=\"https:\/\/bit.ly\/3QdrqTZ\" target=\"_blank\">\n<img src=\"https:\/\/justicapotiguar.com.br\/wp-content\/uploads\/2023\/09\/mobile-geral.gif\"\/><a\/>--><\/div><style type=\"text\/css\">\r\n.uaynm69f4789b293aa {\r\ntext-align: center;\r\n}\r\n@media screen and (min-width: 1201px) {\r\n.uaynm69f4789b293aa {\r\ndisplay: none;\r\n}\r\n}\r\n@media screen and (min-width: 993px) and (max-width: 1200px) {\r\n.uaynm69f4789b293aa {\r\ndisplay: none;\r\n}\r\n}\r\n@media screen and (min-width: 769px) and (max-width: 992px) {\r\n.uaynm69f4789b293aa {\r\ndisplay: none;\r\n}\r\n}\r\n@media screen and (min-width: 768px) and (max-width: 768px) {\r\n.uaynm69f4789b293aa {\r\ndisplay: block;\r\n}\r\n}\r\n@media screen and (max-width: 767px) {\r\n.uaynm69f4789b293aa {\r\ndisplay: block;\r\n}\r\n}\r\n<\/style>\r\n<div class=\"ewjie69f4789b29395\" ><!--<a href=\"https:\/\/bit.ly\/3QdrqTZ\" target=\"_blank\">\n<img src=\"https:\/\/justicapotiguar.com.br\/wp-content\/uploads\/2023\/09\/desktop-geral.gif\"\/><a\/>--><\/div><style type=\"text\/css\">\r\n.ewjie69f4789b29395 {\r\ntext-align: center;\nmargin-bottom: 1em;\r\n}\r\n@media screen and (min-width: 1201px) {\r\n.ewjie69f4789b29395 {\r\ndisplay: block;\r\n}\r\n}\r\n@media screen and (min-width: 993px) and (max-width: 1200px) {\r\n.ewjie69f4789b29395 {\r\ndisplay: block;\r\n}\r\n}\r\n@media screen and (min-width: 769px) and (max-width: 992px) {\r\n.ewjie69f4789b29395 {\r\ndisplay: block;\r\n}\r\n}\r\n@media screen and (min-width: 768px) and (max-width: 768px) {\r\n.ewjie69f4789b29395 {\r\ndisplay: none;\r\n}\r\n}\r\n@media screen and (max-width: 767px) {\r\n.ewjie69f4789b29395 {\r\ndisplay: none;\r\n}\r\n}\r\n<\/style>\r\n\n\n\n\n<ul><li>Alexandre Farina Lopes: juiz de Direito que teria negociado a senten\u00e7a<\/li><li>Carlos Alexandre Gutman: juiz de Direito que teria negociado a senten\u00e7a<\/li><li>Hil\u00e1rio Ant\u00f4nio Fiorot Frasson: ex-Policial Civil acusado de ser o mandante do assassinato de sua esposa e que teria intermediado o pagamento e o esquema de venda da senten\u00e7a<\/li><li>Davi Ferreira da Gama: funcion\u00e1rio da Amages que teria intermediado o esquema de venda da senten\u00e7a<\/li><li>Eudes Cecato: empres\u00e1rio interessado na senten\u00e7a que teria pagado os valores.<\/li><li>Valmir Pandolfi: intermedi\u00e1rio que teria pegado o dinheiro com Eudes, a pedido de Hil\u00e1rio, levado para o ex-policial que, por sua vez, teria repassado os valores para o juiz Farina.<\/li><\/ul>\n\n\n\n<p><strong>Pris\u00e3o preventiva<\/strong><\/p>\n\n\n\n<p>Na tarde de hoje, a desembargadora Elisabeth Lordes, relatora, afirmou que h\u00e1, sim, prova da materialidade e ind\u00edcios suficientes de autoria que justificam a pris\u00e3o preventiva,&nbsp;<em>&#8220;em especial diante da necessidade de resguardar a ordem p\u00fablica, considerando a gravidade em concreto dos crimes, e a necessidade de prote\u00e7\u00e3o da imagem do Judici\u00e1rio perante toda sociedade&#8221;<\/em>.<\/p>\n\n\n\n<p>Ademais, a desembargadora considerou que os acusados atuaram de modo &#8220;evidente&#8221; para atrapalhar as investiga\u00e7\u00f5es, constranger testemunhas e destruir provas.<\/p>\n\n\n\n<p>Al\u00e9m de acatar o pedido de pris\u00e3o preventiva dos ju\u00edzes, Elisabeth Lordes tamb\u00e9m decretou a pris\u00e3o de Eudes Cecato e Valmir Pandolfi.<\/p>\n\n\n\n<p>Ato cont\u00ednuo, todos os outros desembargadores seguiram o entendimento da relatora pela pris\u00e3o preventiva.<\/p>\n\n\n\n<p>Migalhas<\/p>\n","protected":false},"excerpt":{"rendered":"<p>Na tarde desta quinta-feira, 29, o TJ\/ES decretou a pris\u00e3o preventiva dos ju\u00edzes Alexandre Farina Lopes e Carlos Alexandre Gutman, acusados de participar de esquema de venda de senten\u00e7as. Por unanimidade, o colegiado seguiu o voto da relatora Elisabeth Lordes, que afirmou que a pris\u00e3o se justifica diante da gravidade dos fatos e da necessidade<br \/><a class=\"more-link\" href=\"https:\/\/justicapotiguar.com.br\/index.php\/2021\/07\/30\/tj-es-decreta-prisao-de-juizes-acusados-de-vender-sentencas\/\">Mais&#8230;<\/a><\/p>\n","protected":false},"author":5,"featured_media":4125,"comment_status":"open","ping_status":"open","sticky":false,"template":"","format":"standard","meta":[],"categories":[3],"tags":[],"_links":{"self":[{"href":"https:\/\/justicapotiguar.com.br\/index.php\/wp-json\/wp\/v2\/posts\/20466"}],"collection":[{"href":"https:\/\/justicapotiguar.com.br\/index.php\/wp-json\/wp\/v2\/posts"}],"about":[{"href":"https:\/\/justicapotiguar.com.br\/index.php\/wp-json\/wp\/v2\/types\/post"}],"author":[{"embeddable":true,"href":"https:\/\/justicapotiguar.com.br\/index.php\/wp-json\/wp\/v2\/users\/5"}],"replies":[{"embeddable":true,"href":"https:\/\/justicapotiguar.com.br\/index.php\/wp-json\/wp\/v2\/comments?post=20466"}],"version-history":[{"count":1,"href":"https:\/\/justicapotiguar.com.br\/index.php\/wp-json\/wp\/v2\/posts\/20466\/revisions"}],"predecessor-version":[{"id":20467,"href":"https:\/\/justicapotiguar.com.br\/index.php\/wp-json\/wp\/v2\/posts\/20466\/revisions\/20467"}],"wp:featuredmedia":[{"embeddable":true,"href":"https:\/\/justicapotiguar.com.br\/index.php\/wp-json\/wp\/v2\/media\/4125"}],"wp:attachment":[{"href":"https:\/\/justicapotiguar.com.br\/index.php\/wp-json\/wp\/v2\/media?parent=20466"}],"wp:term":[{"taxonomy":"category","embeddable":true,"href":"https:\/\/justicapotiguar.com.br\/index.php\/wp-json\/wp\/v2\/categories?post=20466"},{"taxonomy":"post_tag","embeddable":true,"href":"https:\/\/justicapotiguar.com.br\/index.php\/wp-json\/wp\/v2\/tags?post=20466"}],"curies":[{"name":"wp","href":"https:\/\/api.w.org\/{rel}","templated":true}]}}