{"id":20437,"date":"2021-07-30T09:30:21","date_gmt":"2021-07-30T12:30:21","guid":{"rendered":"https:\/\/justicapotiguar.com.br\/?p=20437"},"modified":"2021-07-30T11:08:56","modified_gmt":"2021-07-30T14:08:56","slug":"pesquisa-perfil-espontanea-aldo-medeiros-tem-168-de-intencoes-marisa-almeida-e-magna-leticia-empatam-em-2o-lugar-para-presidencia-da-oab-rn","status":"publish","type":"post","link":"https:\/\/justicapotiguar.com.br\/index.php\/2021\/07\/30\/pesquisa-perfil-espontanea-aldo-medeiros-tem-168-de-intencoes-marisa-almeida-e-magna-leticia-empatam-em-2o-lugar-para-presidencia-da-oab-rn\/","title":{"rendered":"PESQUISA PERFIL ESPONT\u00c2NEA: Aldo Medeiros tem 16,8% de inten\u00e7\u00f5es; Marisa Almeida e Magna Let\u00edcia empatam em 2\u00ba lugar para Presid\u00eancia da OAB-RN"},"content":{"rendered":"\n<p>O Justi\u00e7a Potiguar publica a partir de agora os principais n\u00fameros da pesquisa de opini\u00e3o realizada pelo Instituto Perfil com advogados potiguares entre os dias 21 e 23 de julho sobre a corrida eleitoral da Ordem, como tamb\u00e9m da avalia\u00e7\u00e3o administrativa de Aldo Medeiros.<\/p>\n\n\n\n<p>Na pesquisa eleitoral espont\u00e2nea, na qual n\u00e3o \u00e9 apresentado nomes de candidatos aos entrevistados, o atual presidente Aldo Medeiros lidera com 16,8% das inten\u00e7\u00f5es de votos, seguido por um empate entre Marisa Almeida e Magna Let\u00edcia com 2,8% e Rossana Fonseca com 2,2%. Neste cen\u00e1rio, 72,6% ainda se disseram indecisos.<\/p><div class=\"orxna69f48bc9e6256\" ><!--<a href=\"https:\/\/bit.ly\/3QdrqTZ\" target=\"_blank\">\n<img src=\"https:\/\/justicapotiguar.com.br\/wp-content\/uploads\/2023\/09\/mobile-geral.gif\"\/><a\/>--><\/div><style type=\"text\/css\">\r\n.orxna69f48bc9e6256 {\r\ntext-align: center;\r\n}\r\n@media screen and (min-width: 1201px) {\r\n.orxna69f48bc9e6256 {\r\ndisplay: none;\r\n}\r\n}\r\n@media screen and (min-width: 993px) and (max-width: 1200px) {\r\n.orxna69f48bc9e6256 {\r\ndisplay: none;\r\n}\r\n}\r\n@media screen and (min-width: 769px) and (max-width: 992px) {\r\n.orxna69f48bc9e6256 {\r\ndisplay: none;\r\n}\r\n}\r\n@media screen and (min-width: 768px) and (max-width: 768px) {\r\n.orxna69f48bc9e6256 {\r\ndisplay: block;\r\n}\r\n}\r\n@media screen and (max-width: 767px) {\r\n.orxna69f48bc9e6256 {\r\ndisplay: block;\r\n}\r\n}\r\n<\/style>\r\n<div class=\"rctrz69f48bc9e623a\" ><!--<a href=\"https:\/\/bit.ly\/3QdrqTZ\" target=\"_blank\">\n<img src=\"https:\/\/justicapotiguar.com.br\/wp-content\/uploads\/2023\/09\/desktop-geral.gif\"\/><a\/>--><\/div><style type=\"text\/css\">\r\n.rctrz69f48bc9e623a {\r\ntext-align: center;\nmargin-bottom: 1em;\r\n}\r\n@media screen and (min-width: 1201px) {\r\n.rctrz69f48bc9e623a {\r\ndisplay: block;\r\n}\r\n}\r\n@media screen and (min-width: 993px) and (max-width: 1200px) {\r\n.rctrz69f48bc9e623a {\r\ndisplay: block;\r\n}\r\n}\r\n@media screen and (min-width: 769px) and (max-width: 992px) {\r\n.rctrz69f48bc9e623a {\r\ndisplay: block;\r\n}\r\n}\r\n@media screen and (min-width: 768px) and (max-width: 768px) {\r\n.rctrz69f48bc9e623a {\r\ndisplay: none;\r\n}\r\n}\r\n@media screen and (max-width: 767px) {\r\n.rctrz69f48bc9e623a {\r\ndisplay: none;\r\n}\r\n}\r\n<\/style>\r\n\n\n\n\n<p>A pesquisa tem margem de erro de 4% e entrevistou 500 advogados nas seccionais de  Natal, Mossor\u00f3, Pau dos Ferros, Assu, Goianinha, Caic\u00f3, Currais Novos e Macau.<\/p>\n\n\n\n<figure class=\"wp-block-image size-large\"><img loading=\"lazy\" width=\"687\" height=\"483\" src=\"https:\/\/justicapotiguar.com.br\/wp-content\/uploads\/2021\/07\/Captura-de-Tela-2021-07-29-a\u0300s-16.10.41.png\" alt=\"\" class=\"wp-image-20438\" srcset=\"https:\/\/justicapotiguar.com.br\/wp-content\/uploads\/2021\/07\/Captura-de-Tela-2021-07-29-a\u0300s-16.10.41.png 687w, https:\/\/justicapotiguar.com.br\/wp-content\/uploads\/2021\/07\/Captura-de-Tela-2021-07-29-a\u0300s-16.10.41-300x211.png 300w\" sizes=\"(max-width: 687px) 100vw, 687px\" \/><\/figure>\n","protected":false},"excerpt":{"rendered":"<p>O Justi\u00e7a Potiguar publica a partir de agora os principais n\u00fameros da pesquisa de opini\u00e3o realizada pelo Instituto Perfil com advogados potiguares entre os dias 21 e 23 de julho sobre a corrida eleitoral da Ordem, como tamb\u00e9m da avalia\u00e7\u00e3o administrativa de Aldo Medeiros. Na pesquisa eleitoral espont\u00e2nea, na qual n\u00e3o \u00e9 apresentado nomes de<br \/><a class=\"more-link\" href=\"https:\/\/justicapotiguar.com.br\/index.php\/2021\/07\/30\/pesquisa-perfil-espontanea-aldo-medeiros-tem-168-de-intencoes-marisa-almeida-e-magna-leticia-empatam-em-2o-lugar-para-presidencia-da-oab-rn\/\">Mais&#8230;<\/a><\/p>\n","protected":false},"author":5,"featured_media":20438,"comment_status":"open","ping_status":"open","sticky":false,"template":"","format":"standard","meta":[],"categories":[3],"tags":[],"_links":{"self":[{"href":"https:\/\/justicapotiguar.com.br\/index.php\/wp-json\/wp\/v2\/posts\/20437"}],"collection":[{"href":"https:\/\/justicapotiguar.com.br\/index.php\/wp-json\/wp\/v2\/posts"}],"about":[{"href":"https:\/\/justicapotiguar.com.br\/index.php\/wp-json\/wp\/v2\/types\/post"}],"author":[{"embeddable":true,"href":"https:\/\/justicapotiguar.com.br\/index.php\/wp-json\/wp\/v2\/users\/5"}],"replies":[{"embeddable":true,"href":"https:\/\/justicapotiguar.com.br\/index.php\/wp-json\/wp\/v2\/comments?post=20437"}],"version-history":[{"count":3,"href":"https:\/\/justicapotiguar.com.br\/index.php\/wp-json\/wp\/v2\/posts\/20437\/revisions"}],"predecessor-version":[{"id":20476,"href":"https:\/\/justicapotiguar.com.br\/index.php\/wp-json\/wp\/v2\/posts\/20437\/revisions\/20476"}],"wp:featuredmedia":[{"embeddable":true,"href":"https:\/\/justicapotiguar.com.br\/index.php\/wp-json\/wp\/v2\/media\/20438"}],"wp:attachment":[{"href":"https:\/\/justicapotiguar.com.br\/index.php\/wp-json\/wp\/v2\/media?parent=20437"}],"wp:term":[{"taxonomy":"category","embeddable":true,"href":"https:\/\/justicapotiguar.com.br\/index.php\/wp-json\/wp\/v2\/categories?post=20437"},{"taxonomy":"post_tag","embeddable":true,"href":"https:\/\/justicapotiguar.com.br\/index.php\/wp-json\/wp\/v2\/tags?post=20437"}],"curies":[{"name":"wp","href":"https:\/\/api.w.org\/{rel}","templated":true}]}}