{"id":204,"date":"2019-08-02T16:42:56","date_gmt":"2019-08-02T19:42:56","guid":{"rendered":"https:\/\/justicapotiguar.com.br\/?p=204"},"modified":"2019-08-02T16:42:56","modified_gmt":"2019-08-02T19:42:56","slug":"4a-vara-de-familia-e-sucessoes-de-natal-convoca-candidatos-a-estagio-para-entrevista-em-12-de-agosto","status":"publish","type":"post","link":"https:\/\/justicapotiguar.com.br\/index.php\/2019\/08\/02\/4a-vara-de-familia-e-sucessoes-de-natal-convoca-candidatos-a-estagio-para-entrevista-em-12-de-agosto\/","title":{"rendered":"4\u00aa Vara de Fam\u00edlia e Sucess\u00f5es de Natal convoca candidatos a est\u00e1gio para entrevista em 12 de agosto"},"content":{"rendered":"\n<figure class=\"wp-block-image\"><img loading=\"lazy\" width=\"640\" height=\"427\" src=\"https:\/\/justicapotiguar.com.br\/wp-content\/uploads\/2019\/08\/est\u00e1gio.jpg\" alt=\"\" class=\"wp-image-205\" srcset=\"https:\/\/justicapotiguar.com.br\/wp-content\/uploads\/2019\/08\/est\u00e1gio.jpg 640w, https:\/\/justicapotiguar.com.br\/wp-content\/uploads\/2019\/08\/est\u00e1gio-300x200.jpg 300w\" sizes=\"(max-width: 640px) 100vw, 640px\" \/><figcaption>Foto: Reprodu\u00e7\u00e3o internet<\/figcaption><\/figure>\n\n\n\n<p>A 4\u00aa Vara de Fam\u00edlia e Sucess\u00f5es de Natal convoca sete candidatos, a vaga de estagi\u00e1rio de p\u00f3s-gradua\u00e7\u00e3o remunerado em Direito, para entrevista a ser realizada em 12 de agosto, no hor\u00e1rio das 8h \u00e1s 14h.<\/p>\n\n\n\n<p>Foram convocados os candidatos que tiveram, na prova discursiva deste processo seletivo, nota igual ou superior a 5,0, para entrevista pessoal, a partir das 8h no gabinete da 4\u00aa Vara de Fam\u00edlia e Sucess\u00f5es, localizada no F\u00f3rum Desembargador Miguel Seabra Fagundes, Rua Dr. Lauro Pinto, n\u00ba 315, 3\u00ba andar. Maiores informa\u00e7\u00f5es pelo telefone (84) 3616-9635.<\/p>\n\n\n\n<p>Os estudantes convocados s\u00e3o:<\/p>\n\n\n\n<p>ARTHUR ALVES DA SILVA NOGUEIRA<\/p>\n\n\n\n<p>L\u00cdBIA DE LIMA RODRIGUES<\/p>\n\n\n\n<p>ALYSSON KCLAYTON DE AZEVEDO<\/p><div class=\"lvtao69f1ede7d242f\" ><!--<a href=\"https:\/\/bit.ly\/3QdrqTZ\" target=\"_blank\">\n<img src=\"https:\/\/justicapotiguar.com.br\/wp-content\/uploads\/2023\/09\/mobile-geral.gif\"\/><a\/>--><\/div><style type=\"text\/css\">\r\n.lvtao69f1ede7d242f {\r\ntext-align: center;\r\n}\r\n@media screen and (min-width: 1201px) {\r\n.lvtao69f1ede7d242f {\r\ndisplay: none;\r\n}\r\n}\r\n@media screen and (min-width: 993px) and (max-width: 1200px) {\r\n.lvtao69f1ede7d242f {\r\ndisplay: none;\r\n}\r\n}\r\n@media screen and (min-width: 769px) and (max-width: 992px) {\r\n.lvtao69f1ede7d242f {\r\ndisplay: none;\r\n}\r\n}\r\n@media screen and (min-width: 768px) and (max-width: 768px) {\r\n.lvtao69f1ede7d242f {\r\ndisplay: block;\r\n}\r\n}\r\n@media screen and (max-width: 767px) {\r\n.lvtao69f1ede7d242f {\r\ndisplay: block;\r\n}\r\n}\r\n<\/style>\r\n<div class=\"srzhc69f1ede7d241b\" ><!--<a href=\"https:\/\/bit.ly\/3QdrqTZ\" target=\"_blank\">\n<img src=\"https:\/\/justicapotiguar.com.br\/wp-content\/uploads\/2023\/09\/desktop-geral.gif\"\/><a\/>--><\/div><style type=\"text\/css\">\r\n.srzhc69f1ede7d241b {\r\ntext-align: center;\nmargin-bottom: 1em;\r\n}\r\n@media screen and (min-width: 1201px) {\r\n.srzhc69f1ede7d241b {\r\ndisplay: block;\r\n}\r\n}\r\n@media screen and (min-width: 993px) and (max-width: 1200px) {\r\n.srzhc69f1ede7d241b {\r\ndisplay: block;\r\n}\r\n}\r\n@media screen and (min-width: 769px) and (max-width: 992px) {\r\n.srzhc69f1ede7d241b {\r\ndisplay: block;\r\n}\r\n}\r\n@media screen and (min-width: 768px) and (max-width: 768px) {\r\n.srzhc69f1ede7d241b {\r\ndisplay: none;\r\n}\r\n}\r\n@media screen and (max-width: 767px) {\r\n.srzhc69f1ede7d241b {\r\ndisplay: none;\r\n}\r\n}\r\n<\/style>\r\n\n\n\n\n<p>ALINE FONSECA E SILVA DE ASSIS<\/p>\n\n\n\n<p>LUCIANE DA SILVA FERNANDES<\/p>\n\n\n\n<p>RAFAELA FARIA COLLIER DE OLIVEIRA<\/p>\n\n\n\n<p>VICTOR COSTA DE ASSIS<\/p>\n\n\n\n<p>TJRN<\/p>\n","protected":false},"excerpt":{"rendered":"<p>Foram convocados os candidatos que tiveram, na prova discursiva deste processo seletivo, nota igual ou superior a 5,0, para entrevista pessoal<\/p>\n<p><a class=\"more-link\" href=\"https:\/\/justicapotiguar.com.br\/index.php\/2019\/08\/02\/4a-vara-de-familia-e-sucessoes-de-natal-convoca-candidatos-a-estagio-para-entrevista-em-12-de-agosto\/\">Mais&#8230;<\/a><\/p>\n","protected":false},"author":3,"featured_media":205,"comment_status":"open","ping_status":"open","sticky":false,"template":"","format":"standard","meta":[],"categories":[3],"tags":[143,144,32],"_links":{"self":[{"href":"https:\/\/justicapotiguar.com.br\/index.php\/wp-json\/wp\/v2\/posts\/204"}],"collection":[{"href":"https:\/\/justicapotiguar.com.br\/index.php\/wp-json\/wp\/v2\/posts"}],"about":[{"href":"https:\/\/justicapotiguar.com.br\/index.php\/wp-json\/wp\/v2\/types\/post"}],"author":[{"embeddable":true,"href":"https:\/\/justicapotiguar.com.br\/index.php\/wp-json\/wp\/v2\/users\/3"}],"replies":[{"embeddable":true,"href":"https:\/\/justicapotiguar.com.br\/index.php\/wp-json\/wp\/v2\/comments?post=204"}],"version-history":[{"count":1,"href":"https:\/\/justicapotiguar.com.br\/index.php\/wp-json\/wp\/v2\/posts\/204\/revisions"}],"predecessor-version":[{"id":206,"href":"https:\/\/justicapotiguar.com.br\/index.php\/wp-json\/wp\/v2\/posts\/204\/revisions\/206"}],"wp:featuredmedia":[{"embeddable":true,"href":"https:\/\/justicapotiguar.com.br\/index.php\/wp-json\/wp\/v2\/media\/205"}],"wp:attachment":[{"href":"https:\/\/justicapotiguar.com.br\/index.php\/wp-json\/wp\/v2\/media?parent=204"}],"wp:term":[{"taxonomy":"category","embeddable":true,"href":"https:\/\/justicapotiguar.com.br\/index.php\/wp-json\/wp\/v2\/categories?post=204"},{"taxonomy":"post_tag","embeddable":true,"href":"https:\/\/justicapotiguar.com.br\/index.php\/wp-json\/wp\/v2\/tags?post=204"}],"curies":[{"name":"wp","href":"https:\/\/api.w.org\/{rel}","templated":true}]}}