{"id":20323,"date":"2021-07-23T16:41:36","date_gmt":"2021-07-23T19:41:36","guid":{"rendered":"https:\/\/justicapotiguar.com.br\/?p=20323"},"modified":"2021-07-23T16:41:36","modified_gmt":"2021-07-23T19:41:36","slug":"homem-nao-consegue-incluir-apelido-conhecido-nas-redes-sociais-ao-nome","status":"publish","type":"post","link":"https:\/\/justicapotiguar.com.br\/index.php\/2021\/07\/23\/homem-nao-consegue-incluir-apelido-conhecido-nas-redes-sociais-ao-nome\/","title":{"rendered":"Homem n\u00e3o consegue incluir apelido conhecido nas redes sociais ao nome"},"content":{"rendered":"\n<p>A altera\u00e7\u00e3o de prenomes&nbsp;deve ser motivada por situa\u00e7\u00f5es de excepcionalidade, n\u00e3o sendo poss\u00edvel aceitar que o registro p\u00fablico se submeta \u00e0s din\u00e2micas de redes sociais.<\/p>\n\n\n\n<figure class=\"wp-block-image\"><img src=\"https:\/\/www.conjur.com.br\/img\/b\/documentos-rg-cpf-identidade.jpeg\" alt=\"\"\/><figcaption>Justi\u00e7a nega pedido de homem que queria alterar o nome por apelido nas redes sociais<br><sup>Reprodu\u00e7\u00e3o<\/sup><\/figcaption><\/figure>\n\n\n\n<p>Com esse entendimento, a 3\u00aa C\u00e2mara de Direito Civil do Tribunal de Justi\u00e7a de Santa Catarina negou provimento ao pedido de um cidad\u00e3o para acrescentar seu apelido conhecido nas redes sociais ao seu nome.<\/p>\n\n\n\n<p>No caso, o homem que buscava acrescentar o apelido pelo qual \u00e9 conhecido nas redes sociais, salientou que tanto a lei quanto a doutrina esclarecem que \u00e9 poss\u00edvel a altera\u00e7\u00e3o no registro civil quando houver apelido p\u00fablico e not\u00f3rio, mantendo-se o prenome e o nome de fam\u00edlia.<\/p>\n\n\n\n<p>O ju\u00edzo da Vara de Sucess\u00f5es e Registros P\u00fablicos da comarca de Florian\u00f3polis, na a\u00e7\u00e3o de retifica\u00e7\u00e3o de registro civil, julgou improcedente o pedido formulado. O homem recorreu da decis\u00e3o.<\/p>\n\n\n\n<p>A desembargadora relatora, Maria do Rocio Luz Santa Ritta, destacou que o acr\u00e9scimo do apelido pretendido ao prenome, conforme postulado no recurso, contraria o pedido de retifica\u00e7\u00e3o de registro civil, que requer a inclus\u00e3o do apelido no sobrenome, e n\u00e3o pode ser admitido &#8220;sob pena de incorrer em julgamento&nbsp;<em>extra petita\u201d<\/em>.<\/p><div class=\"avwbx69ede685ddd66\" ><!--<a href=\"https:\/\/bit.ly\/3QdrqTZ\" target=\"_blank\">\n<img src=\"https:\/\/justicapotiguar.com.br\/wp-content\/uploads\/2023\/09\/mobile-geral.gif\"\/><a\/>--><\/div><style type=\"text\/css\">\r\n.avwbx69ede685ddd66 {\r\ntext-align: center;\r\n}\r\n@media screen and (min-width: 1201px) {\r\n.avwbx69ede685ddd66 {\r\ndisplay: none;\r\n}\r\n}\r\n@media screen and (min-width: 993px) and (max-width: 1200px) {\r\n.avwbx69ede685ddd66 {\r\ndisplay: none;\r\n}\r\n}\r\n@media screen and (min-width: 769px) and (max-width: 992px) {\r\n.avwbx69ede685ddd66 {\r\ndisplay: none;\r\n}\r\n}\r\n@media screen and (min-width: 768px) and (max-width: 768px) {\r\n.avwbx69ede685ddd66 {\r\ndisplay: block;\r\n}\r\n}\r\n@media screen and (max-width: 767px) {\r\n.avwbx69ede685ddd66 {\r\ndisplay: block;\r\n}\r\n}\r\n<\/style>\r\n<div class=\"drltp69ede685ddd49\" ><!--<a href=\"https:\/\/bit.ly\/3QdrqTZ\" target=\"_blank\">\n<img src=\"https:\/\/justicapotiguar.com.br\/wp-content\/uploads\/2023\/09\/desktop-geral.gif\"\/><a\/>--><\/div><style type=\"text\/css\">\r\n.drltp69ede685ddd49 {\r\ntext-align: center;\nmargin-bottom: 1em;\r\n}\r\n@media screen and (min-width: 1201px) {\r\n.drltp69ede685ddd49 {\r\ndisplay: block;\r\n}\r\n}\r\n@media screen and (min-width: 993px) and (max-width: 1200px) {\r\n.drltp69ede685ddd49 {\r\ndisplay: block;\r\n}\r\n}\r\n@media screen and (min-width: 769px) and (max-width: 992px) {\r\n.drltp69ede685ddd49 {\r\ndisplay: block;\r\n}\r\n}\r\n@media screen and (min-width: 768px) and (max-width: 768px) {\r\n.drltp69ede685ddd49 {\r\ndisplay: none;\r\n}\r\n}\r\n@media screen and (max-width: 767px) {\r\n.drltp69ede685ddd49 {\r\ndisplay: none;\r\n}\r\n}\r\n<\/style>\r\n\n\n\n\n<p>Em seu voto, a relatora adotou o parecer da procuradora de Justi\u00e7a Monika Pabst, para ressaltar que &#8220;h\u00e1 grave impropriedade no pedido quando o cidad\u00e3o pede para incluir o apelido, que n\u00e3o adv\u00e9m de fam\u00edlia, no sobrenome, mas na verdade busca alterar o prenome. O artigo 57 da Lei de Registros P\u00fablicos (Lei 6.015\/73) permite altera\u00e7\u00e3o baseada em situa\u00e7\u00e3o excepcional, e o artigo 58 da mesma lei versa sobre a substitui\u00e7\u00e3o do prenome em raz\u00e3o de fundada coa\u00e7\u00e3o ou amea\u00e7a decorrente da colabora\u00e7\u00e3o com a apura\u00e7\u00e3o de crime, por determina\u00e7\u00e3o, em senten\u00e7a, de juiz competente, ouvido o Minist\u00e9rio P\u00fablico&#8221;.<\/p>\n\n\n\n<p>A magistrada ainda classificou como &#8220;temeroso&#8221; o argumento de que a mudan\u00e7a se justifica uma vez que o cidad\u00e3o assim \u00e9 conhecido nas redes sociais. &#8220;Aceitar a possibilidade de modifica\u00e7\u00e3o em situa\u00e7\u00f5es tais faria com que o registro p\u00fablico se tornasse abruptamente submisso \u00e0s din\u00e2micas de redes sociais, permitindo que o n\u00famero de seguidores condicionasse a altera\u00e7\u00e3o de prenomes, o que por certo n\u00e3o se encaixa \u00e0 situa\u00e7\u00e3o de excepcionalidade demandada pela legisla\u00e7\u00e3o civil para tal modifica\u00e7\u00e3o&#8221;, esclarece.<\/p>\n\n\n\n<p>Al\u00e9m disso, de acordo com a decis\u00e3o, a prova documental apresentada \u00e9 recente para que se possa atestar a notoriedade e tradi\u00e7\u00e3o do nome pretendido e se enquadre na hip\u00f3tese excepcional da legisla\u00e7\u00e3o. &#8220;Dessa forma, ainda que se admitisse o pleito como altera\u00e7\u00e3o de prenome, certo \u00e9 que n\u00e3o restou comprovado pelo autor o uso prolongado e constante do apelido&#8221;, concluiu a relatora.&nbsp;<em>&nbsp;Com informa\u00e7\u00f5es da assessoria de comunica\u00e7\u00e3o do TJ-SC.<\/em><\/p>\n\n\n\n<p><strong>5001320-14.2019.8.24.0091<\/strong><\/p>\n\n\n\n<p>Conjur<\/p>\n","protected":false},"excerpt":{"rendered":"<p>A altera\u00e7\u00e3o de prenomes&nbsp;deve ser motivada por situa\u00e7\u00f5es de excepcionalidade, n\u00e3o sendo poss\u00edvel aceitar que o registro p\u00fablico se submeta \u00e0s din\u00e2micas de redes sociais. Com esse entendimento, a 3\u00aa C\u00e2mara de Direito Civil do Tribunal de Justi\u00e7a de Santa Catarina negou provimento ao pedido de um cidad\u00e3o para acrescentar seu apelido conhecido nas redes<br \/><a class=\"more-link\" href=\"https:\/\/justicapotiguar.com.br\/index.php\/2021\/07\/23\/homem-nao-consegue-incluir-apelido-conhecido-nas-redes-sociais-ao-nome\/\">Mais&#8230;<\/a><\/p>\n","protected":false},"author":5,"featured_media":7407,"comment_status":"open","ping_status":"open","sticky":false,"template":"","format":"standard","meta":[],"categories":[3],"tags":[],"_links":{"self":[{"href":"https:\/\/justicapotiguar.com.br\/index.php\/wp-json\/wp\/v2\/posts\/20323"}],"collection":[{"href":"https:\/\/justicapotiguar.com.br\/index.php\/wp-json\/wp\/v2\/posts"}],"about":[{"href":"https:\/\/justicapotiguar.com.br\/index.php\/wp-json\/wp\/v2\/types\/post"}],"author":[{"embeddable":true,"href":"https:\/\/justicapotiguar.com.br\/index.php\/wp-json\/wp\/v2\/users\/5"}],"replies":[{"embeddable":true,"href":"https:\/\/justicapotiguar.com.br\/index.php\/wp-json\/wp\/v2\/comments?post=20323"}],"version-history":[{"count":1,"href":"https:\/\/justicapotiguar.com.br\/index.php\/wp-json\/wp\/v2\/posts\/20323\/revisions"}],"predecessor-version":[{"id":20324,"href":"https:\/\/justicapotiguar.com.br\/index.php\/wp-json\/wp\/v2\/posts\/20323\/revisions\/20324"}],"wp:featuredmedia":[{"embeddable":true,"href":"https:\/\/justicapotiguar.com.br\/index.php\/wp-json\/wp\/v2\/media\/7407"}],"wp:attachment":[{"href":"https:\/\/justicapotiguar.com.br\/index.php\/wp-json\/wp\/v2\/media?parent=20323"}],"wp:term":[{"taxonomy":"category","embeddable":true,"href":"https:\/\/justicapotiguar.com.br\/index.php\/wp-json\/wp\/v2\/categories?post=20323"},{"taxonomy":"post_tag","embeddable":true,"href":"https:\/\/justicapotiguar.com.br\/index.php\/wp-json\/wp\/v2\/tags?post=20323"}],"curies":[{"name":"wp","href":"https:\/\/api.w.org\/{rel}","templated":true}]}}